{"id":17701,"date":"2019-01-25T20:13:49","date_gmt":"2019-01-25T23:13:49","guid":{"rendered":"http:\/\/faya.unse.edu.ar\/?p=17701"},"modified":"2019-01-25T20:22:14","modified_gmt":"2019-01-25T23:22:14","slug":"convocatoria-a-movilidad-estudiantil-rtf","status":"publish","type":"post","link":"https:\/\/faya.unse.edu.ar\/index.php\/noticias\/2019\/convocatoria-a-movilidad-estudiantil-rtf\/","title":{"rendered":"Convocatoria a Movilidad Estudiantil RTF"},"content":{"rendered":"<p><strong><em>Becas de Movilidad Estudiantil a nivel nacional. Inscripciones abiertas, del 28 de enero al 11 de febrero de 2019. <\/em><\/strong><\/p>\n<p>La Universidad Nacional de Santiago del Estero invita a la Convocatoria de presentaci\u00f3n de proyectos para una experiencia piloto del funcionamiento de los acuerdos de Reconocimiento de Trayectos Formativos (RTF), firmados entre las Instituciones de Educaci\u00f3n Superior participantes de los convenios del SNRA.<\/p>\n<p><strong>Destinatarios:<\/strong> Estudiantes de instituciones universitarias integrantes del SNRA (<a href=\"https:\/\/faya.unse.edu.ar\/wp-content\/uploads\/Resoluci\u00f3n-Creaci\u00f3n-SNRA.pdf\" target=\"_blank\" rel=\"noopener\"><strong><span style=\"color: #9e3820;\">Res. 1870\/16<\/span><\/strong><\/a>) que hayan firmado alguno\/s de los convenios de reconocimiento de trayectos formativos espec\u00edficos de las familias de carreras concretados hasta el mes de diciembre del a\u00f1o 2017 (Ingenier\u00edas, Inform\u00e1ticas, y Arquitecturas y Dise\u00f1os).<\/p>\n<p><strong>Destinatarios en UNSE para esta 1\u00ba Convocatoria:<\/strong><\/p>\n<p>Facultad de Agronom\u00eda y Agroindustrias: <strong>Ingenier\u00eda en Alimentos<\/strong>.<\/p>\n<p>Facultad de Ciencias Exactas y Tecnolog\u00edas: Ingenier\u00edas: Civil, El\u00e9ctrica, Electromec\u00e1nica, Electr\u00f3nica, en Agrimensura, Hidr\u00e1ulica, Industrial, Vial.<\/p>\n<p><strong>Implementaci\u00f3n:<\/strong> Primer semestre del a\u00f1o 2019.<\/p>\n<p><strong>Condiciones:<\/strong> Los estudiantes beneficiarios deber\u00e1n cumplir con las siguientes condiciones:<\/p>\n<p>a) Ser estudiantes de alguna de las carreras incluidas en los convenios de reconocimiento de trayectos formativos firmados por la instituci\u00f3n.<br \/>\nb) Tener regularizadas, al menos, todas las actividades curriculares previstas en el <strong>primer<\/strong> y <strong>segundo<\/strong> a\u00f1o del plan de estudios.<br \/>\nc) Regresar a la instituci\u00f3n al finalizar la movilidad financiada (no se financian pases de universidad).<br \/>\nd) Cualquier otro requisito que establezca la instituci\u00f3n de origen y no sean contradictorios con la presente convocatoria.<\/p>\n<p><strong>\u00bfQu\u00e9 recibe el estudiante?<\/strong><\/p>\n<p>a) Un pasaje de ida y un pasaje de vuelta a la universidad que le corresponda.<br \/>\nb) Seguro de salud y vida.<br \/>\nc) Manutenci\u00f3n. $50.000 por semestre para alojamiento y alimento.<br \/>\n<strong>Por inscripciones:<\/strong> completar el siguiente formulario haciendo <span style=\"color: #9e3820;\"><strong><a style=\"color: #9e3820;\" href=\"https:\/\/faya.unse.edu.ar\/wp-content\/uploads\/Ficha-de-Inscripci\u00f3n.docx\" target=\"_blank\" rel=\"noopener\">clic aqu\u00ed<\/a><\/strong><\/span> y enviar al correo: <a href=\"mailto:rtfmovilidadunse@gmail.com\"><span style=\"color: #9e3820;\"><strong>rtfmovilidadunse@gmail.com<\/strong><\/span>.<\/a><\/p>\n<p>&nbsp;<\/p>\n<h3>Informaci\u00f3n complementaria:<\/h3>\n<p>&nbsp;<br \/>\n<strong>\u00bfQu\u00e9 es el Sistema Nacional de Reconocimiento Acad\u00e9mico (SNRA)?<\/strong><\/p>\n<p>La Secretar\u00eda de Pol\u00edticas Universitarias (SPU), a trav\u00e9s del Programa de Calidad Universitaria, implement\u00f3 el Sistema Nacional de Reconocimiento Acad\u00e9mico (SNRA) creado por Resoluci\u00f3n Ministerial N\u00ba 1870\/2016, conformado por las Instituciones de Educaci\u00f3n Superior que han adherido voluntariamente a formar parte, comprometi\u00e9ndose al reconocimiento de estudios, con el fin de mejorar las capacidades de articulaci\u00f3n inter-sistema y de potenciar recursos y capacidades institucionales mediante la articulaci\u00f3n.<\/p>\n<p><strong>\u00bfQu\u00e9 son los RTF?<\/strong><\/p>\n<p>a) Reconocimiento de Trayecto Formativo o RTF es la unidad de medida en base a la cual se efectuar\u00e1 el reconocimiento acad\u00e9mico de trayectos de formaci\u00f3n de los estudiantes bajo el Sistema Nacional de Reconocimiento Acad\u00e9mico.<br \/>\nb) El RTF estima en horas el tiempo de trabajo total del estudiante para el cumplimiento de los requisitos de aprobaci\u00f3n establecido en el plan de estudios correspondiente.<br \/>\nc) Un a\u00f1o acad\u00e9mico equivale a sesenta (60) unidades de RTF y cada unidad de RTF, en funci\u00f3n de la legislaci\u00f3n vigente, representa entre veintisiete (27) y treinta (30) horas de dedicaci\u00f3n total del estudiante.<br \/>\n&nbsp;<br \/>\n<strong>Carreras y Destinos para esta Convocatoria<\/strong><\/p>\n<dl>\n<dd>\n<table width=\"588\" cellspacing=\"0\" cellpadding=\"7\">\n<colgroup>\n<col width=\"266\" \/>\n<col width=\"292\" \/> <\/colgroup>\n<tbody>\n<tr valign=\"top\">\n<td width=\"266\" height=\"12\">\n<p lang=\"es-ES\" align=\"center\"><span style=\"font-size: medium; color: #9e3820;\"><b>INGENIER\u00cdA<\/b><\/span><\/p>\n<\/td>\n<td width=\"292\">\n<p lang=\"es-ES\" align=\"center\"><span style=\"font-size: medium; color: #9e3820;\"><b>UNIVERSIDAD<\/b><\/span><\/p>\n<\/td>\n<\/tr>\n<tr valign=\"top\">\n<td width=\"266\" height=\"13\">\n<p lang=\"es-ES\" align=\"center\"><strong><span style=\"font-size: medium;\">en Alimentos<\/span><\/strong><\/p>\n<\/td>\n<td width=\"292\">\n<p lang=\"es-ES\" align=\"center\"><strong><span style=\"font-size: medium;\">Nacional de Mar del Plata<\/span><\/strong><\/p>\n<\/td>\n<\/tr>\n<tr valign=\"top\">\n<td width=\"266\" height=\"13\">\n<p lang=\"es-ES\" align=\"center\"><span style=\"font-size: medium;\">El\u00e9ctrica<\/span><\/p>\n<\/td>\n<td width=\"292\">\n<p lang=\"es-ES\" align=\"center\"><span style=\"font-size: medium;\">Nacional del Sur<\/span><\/p>\n<\/td>\n<\/tr>\n<tr valign=\"top\">\n<td width=\"266\" height=\"12\">\n<p lang=\"es-ES\" align=\"center\"><span style=\"font-size: medium;\">Electromec\u00e1nica<\/span><\/p>\n<\/td>\n<td width=\"292\">\n<p lang=\"es-ES\" align=\"center\"><span style=\"font-size: medium;\">Nacional Noroeste de Buenos Aires<\/span><\/p>\n<\/td>\n<\/tr>\n<tr valign=\"top\">\n<td width=\"266\" height=\"13\">\n<p lang=\"es-ES\" align=\"center\"><span style=\"font-size: medium;\">Electr\u00f3nica<\/span><\/p>\n<\/td>\n<td width=\"292\">\n<p lang=\"es-ES\" align=\"center\"><span style=\"font-size: medium;\">Nacional de Mar del Plata<\/span><\/p>\n<\/td>\n<\/tr>\n<tr valign=\"top\">\n<td width=\"266\" height=\"13\">\n<p lang=\"es-ES\" align=\"center\"><span style=\"font-size: medium;\">en Agrimensura<\/span><\/p>\n<\/td>\n<td width=\"292\">\n<p lang=\"es-ES\" align=\"center\"><span style=\"font-size: medium;\">Nacional de C\u00f3rdoba<\/span><\/p>\n<\/td>\n<\/tr>\n<tr valign=\"top\">\n<td width=\"266\" height=\"13\">\n<p lang=\"es-ES\" align=\"center\"><span style=\"font-size: medium;\">Hidr\u00e1ulica<\/span><\/p>\n<\/td>\n<td width=\"292\">\n<p lang=\"es-ES\" align=\"center\"><span style=\"font-size: medium;\">Nacional del Litoral<\/span><\/p>\n<\/td>\n<\/tr>\n<tr valign=\"top\">\n<td width=\"266\" height=\"13\">\n<p lang=\"es-ES\" align=\"center\"><span style=\"font-size: medium;\">Industrial<\/span><\/p>\n<\/td>\n<td width=\"292\">\n<p lang=\"es-ES\" align=\"center\"><span style=\"font-size: medium;\">Nacional de La Pampa<\/span><\/p>\n<\/td>\n<\/tr>\n<tr valign=\"top\">\n<td width=\"266\" height=\"13\">\n<p lang=\"es-ES\" align=\"center\"><span style=\"font-size: medium;\">Vial<\/span><\/p>\n<\/td>\n<td width=\"292\">\n<p lang=\"es-ES\" align=\"center\"><span style=\"font-size: medium;\">Nacional de Formosa<\/span><\/p>\n<\/td>\n<\/tr>\n<tr valign=\"top\">\n<td style=\"text-align: center;\" width=\"266\" height=\"13\">\u00a0<span style=\"font-size: medium;\">Civil<\/span><\/td>\n<td style=\"text-align: center;\" width=\"292\">\u00a0<span style=\"font-size: medium;\">Nacional de Rosario<\/span><\/td>\n<\/tr>\n<\/tbody>\n<\/table>\n<\/dd>\n<\/dl>\n<p>&nbsp;<br \/>\n<strong>Simulador web:<\/strong> de trayectorias estudiantiles, a trav\u00e9s del cual podr\u00e1s consultar de manera simple y \u00e1gil los trayectos que te ser\u00e1n reconocidos por cada instituci\u00f3n en caso de que quieras hacer una movilidad en otra instituci\u00f3n. Para acceder al Simulador hace clic en el siguiente link: <a href=\"http:\/\/rtfsimulador.siu.edu.ar\/\"><strong><span style=\"color: #9e3820;\">http:\/\/rtfsimulador.siu.edu.ar\/<\/span><\/strong><\/a>.<br \/>\n<strong>Video instructivo para el uso del Simulador:<\/strong> <a href=\"https:\/\/youtu.be\/ehjzczCeG48\"><strong><span style=\"color: #9e3820;\">https:\/\/youtu.be\/ehjzczCeG48<\/span><\/strong><\/a>.<\/p>\n<p><strong>Por m\u00e1s informaci\u00f3n:<\/strong> Secretar\u00eda Acad\u00e9mica UNSE, en el horario de 9 a 12, o al correo <span style=\"color: #9e3820;\"><strong><a style=\"color: #9e3820;\" href=\"mailto:rtfmovilidadunse@gmail.com\">rtfmovilidadunse@gmail.com<\/a><\/strong><\/span>.<\/p>\n","protected":false},"excerpt":{"rendered":"<p>Becas de Movilidad Estudiantil a nivel nacional. Inscripciones abiertas, del 28 de enero al 11 de febrero de 2019. La Universidad Nacional de Santiago del Estero invita a la Convocatoria de presentaci\u00f3n de proyectos para una experiencia piloto del funcionamiento de los acuerdos de Reconocimiento&#8230;<\/p>\n","protected":false},"author":2,"featured_media":17709,"comment_status":"open","ping_status":"open","sticky":false,"template":"","format":"standard","meta":{"_mi_skip_tracking":false},"categories":[5],"tags":[],"yoast_head":"<!-- This site is optimized with the Yoast SEO plugin v17.7.1 - https:\/\/yoast.com\/wordpress\/plugins\/seo\/ -->\n<meta name=\"robots\" content=\"index, follow, max-snippet:-1, max-image-preview:large, max-video-preview:-1\" \/>\n<link rel=\"canonical\" href=\"https:\/\/faya.unse.edu.ar\/index.php\/noticias\/2019\/convocatoria-a-movilidad-estudiantil-rtf\/\" \/>\n<meta property=\"og:locale\" content=\"es_ES\" \/>\n<meta property=\"og:type\" content=\"article\" \/>\n<meta property=\"og:title\" content=\"Convocatoria a Movilidad Estudiantil RTF | Facultad de Agronom\u00eda y Agroindustrias UNSE | FAyA UNSE\" \/>\n<meta property=\"og:description\" content=\"Becas de Movilidad Estudiantil a nivel nacional. Inscripciones abiertas, del 28 de enero al 11 de febrero de 2019. La Universidad Nacional de Santiago del Estero invita a la Convocatoria de presentaci\u00f3n de proyectos para una experiencia piloto del funcionamiento de los acuerdos de Reconocimiento...\" \/>\n<meta property=\"og:url\" content=\"https:\/\/faya.unse.edu.ar\/index.php\/noticias\/2019\/convocatoria-a-movilidad-estudiantil-rtf\/\" \/>\n<meta property=\"og:site_name\" content=\"Facultad de Agronom\u00eda y Agroindustrias UNSE | FAyA UNSE\" \/>\n<meta property=\"article:publisher\" content=\"https:\/\/www.facebook.com\/agroUNSE\/\" \/>\n<meta property=\"article:published_time\" content=\"2019-01-25T23:13:49+00:00\" \/>\n<meta property=\"article:modified_time\" content=\"2019-01-25T23:22:14+00:00\" \/>\n<meta property=\"og:image\" content=\"https:\/\/faya.unse.edu.ar\/wp-content\/uploads\/Banner-2019.png\" \/>\n\t<meta property=\"og:image:width\" content=\"2909\" \/>\n\t<meta property=\"og:image:height\" content=\"1686\" \/>\n<meta name=\"twitter:card\" content=\"summary_large_image\" \/>\n<meta name=\"twitter:creator\" content=\"@fayaunse\" \/>\n<meta name=\"twitter:site\" content=\"@fayaunse\" \/>\n<meta name=\"twitter:label1\" content=\"Escrito por\" \/>\n\t<meta name=\"twitter:data1\" content=\"Comunicaci\u00f3n FAyA\" \/>\n\t<meta name=\"twitter:label2\" content=\"Tiempo de lectura\" \/>\n\t<meta name=\"twitter:data2\" content=\"3 minutos\" \/>\n<script type=\"application\/ld+json\" class=\"yoast-schema-graph\">{\"@context\":\"https:\/\/schema.org\",\"@graph\":[{\"@type\":\"WebSite\",\"@id\":\"https:\/\/faya.unse.edu.ar\/#website\",\"url\":\"https:\/\/faya.unse.edu.ar\/\",\"name\":\"Facultad de Agronom\\u00eda y Agroindustrias UNSE | FAyA UNSE\",\"description\":\"\",\"potentialAction\":[{\"@type\":\"SearchAction\",\"target\":{\"@type\":\"EntryPoint\",\"urlTemplate\":\"https:\/\/faya.unse.edu.ar\/?s={search_term_string}\"},\"query-input\":\"required name=search_term_string\"}],\"inLanguage\":\"es-AR\"},{\"@type\":\"ImageObject\",\"@id\":\"https:\/\/faya.unse.edu.ar\/index.php\/noticias\/2019\/convocatoria-a-movilidad-estudiantil-rtf\/#primaryimage\",\"inLanguage\":\"es-AR\",\"url\":\"https:\/\/faya.unse.edu.ar\/wp-content\/uploads\/Banner-2019.png\",\"contentUrl\":\"https:\/\/faya.unse.edu.ar\/wp-content\/uploads\/Banner-2019.png\",\"width\":2909,\"height\":1686},{\"@type\":\"WebPage\",\"@id\":\"https:\/\/faya.unse.edu.ar\/index.php\/noticias\/2019\/convocatoria-a-movilidad-estudiantil-rtf\/#webpage\",\"url\":\"https:\/\/faya.unse.edu.ar\/index.php\/noticias\/2019\/convocatoria-a-movilidad-estudiantil-rtf\/\",\"name\":\"Convocatoria a Movilidad Estudiantil RTF | Facultad de Agronom\\u00eda y Agroindustrias UNSE | FAyA UNSE\",\"isPartOf\":{\"@id\":\"https:\/\/faya.unse.edu.ar\/#website\"},\"primaryImageOfPage\":{\"@id\":\"https:\/\/faya.unse.edu.ar\/index.php\/noticias\/2019\/convocatoria-a-movilidad-estudiantil-rtf\/#primaryimage\"},\"datePublished\":\"2019-01-25T23:13:49+00:00\",\"dateModified\":\"2019-01-25T23:22:14+00:00\",\"author\":{\"@id\":\"https:\/\/faya.unse.edu.ar\/#\/schema\/person\/6759100fdfd04c998461a230bc877a42\"},\"breadcrumb\":{\"@id\":\"https:\/\/faya.unse.edu.ar\/index.php\/noticias\/2019\/convocatoria-a-movilidad-estudiantil-rtf\/#breadcrumb\"},\"inLanguage\":\"es-AR\",\"potentialAction\":[{\"@type\":\"ReadAction\",\"target\":[\"https:\/\/faya.unse.edu.ar\/index.php\/noticias\/2019\/convocatoria-a-movilidad-estudiantil-rtf\/\"]}]},{\"@type\":\"BreadcrumbList\",\"@id\":\"https:\/\/faya.unse.edu.ar\/index.php\/noticias\/2019\/convocatoria-a-movilidad-estudiantil-rtf\/#breadcrumb\",\"itemListElement\":[{\"@type\":\"ListItem\",\"position\":1,\"name\":\"Home\",\"item\":\"https:\/\/faya.unse.edu.ar\/\"},{\"@type\":\"ListItem\",\"position\":2,\"name\":\"Convocatoria a Movilidad Estudiantil RTF\"}]},{\"@type\":\"Person\",\"@id\":\"https:\/\/faya.unse.edu.ar\/#\/schema\/person\/6759100fdfd04c998461a230bc877a42\",\"name\":\"Comunicaci\\u00f3n FAyA\",\"url\":\"https:\/\/faya.unse.edu.ar\/index.php\/author\/ariel_jugo\/\"}]}<\/script>\n<!-- \/ Yoast SEO plugin. -->","yoast_head_json":{"robots":{"index":"index","follow":"follow","max-snippet":"max-snippet:-1","max-image-preview":"max-image-preview:large","max-video-preview":"max-video-preview:-1"},"canonical":"https:\/\/faya.unse.edu.ar\/index.php\/noticias\/2019\/convocatoria-a-movilidad-estudiantil-rtf\/","og_locale":"es_ES","og_type":"article","og_title":"Convocatoria a Movilidad Estudiantil RTF | Facultad de Agronom\u00eda y Agroindustrias UNSE | FAyA UNSE","og_description":"Becas de Movilidad Estudiantil a nivel nacional. Inscripciones abiertas, del 28 de enero al 11 de febrero de 2019. La Universidad Nacional de Santiago del Estero invita a la Convocatoria de presentaci\u00f3n de proyectos para una experiencia piloto del funcionamiento de los acuerdos de Reconocimiento...","og_url":"https:\/\/faya.unse.edu.ar\/index.php\/noticias\/2019\/convocatoria-a-movilidad-estudiantil-rtf\/","og_site_name":"Facultad de Agronom\u00eda y Agroindustrias UNSE | FAyA UNSE","article_publisher":"https:\/\/www.facebook.com\/agroUNSE\/","article_published_time":"2019-01-25T23:13:49+00:00","article_modified_time":"2019-01-25T23:22:14+00:00","og_image":[{"width":2909,"height":1686,"url":"https:\/\/faya.unse.edu.ar\/wp-content\/uploads\/Banner-2019.png","type":"image\/png"}],"twitter_card":"summary_large_image","twitter_creator":"@fayaunse","twitter_site":"@fayaunse","twitter_misc":{"Escrito por":"Comunicaci\u00f3n FAyA","Tiempo de lectura":"3 minutos"},"schema":{"@context":"https:\/\/schema.org","@graph":[{"@type":"WebSite","@id":"https:\/\/faya.unse.edu.ar\/#website","url":"https:\/\/faya.unse.edu.ar\/","name":"Facultad de Agronom\u00eda y Agroindustrias UNSE | FAyA UNSE","description":"","potentialAction":[{"@type":"SearchAction","target":{"@type":"EntryPoint","urlTemplate":"https:\/\/faya.unse.edu.ar\/?s={search_term_string}"},"query-input":"required name=search_term_string"}],"inLanguage":"es-AR"},{"@type":"ImageObject","@id":"https:\/\/faya.unse.edu.ar\/index.php\/noticias\/2019\/convocatoria-a-movilidad-estudiantil-rtf\/#primaryimage","inLanguage":"es-AR","url":"https:\/\/faya.unse.edu.ar\/wp-content\/uploads\/Banner-2019.png","contentUrl":"https:\/\/faya.unse.edu.ar\/wp-content\/uploads\/Banner-2019.png","width":2909,"height":1686},{"@type":"WebPage","@id":"https:\/\/faya.unse.edu.ar\/index.php\/noticias\/2019\/convocatoria-a-movilidad-estudiantil-rtf\/#webpage","url":"https:\/\/faya.unse.edu.ar\/index.php\/noticias\/2019\/convocatoria-a-movilidad-estudiantil-rtf\/","name":"Convocatoria a Movilidad Estudiantil RTF | Facultad de Agronom\u00eda y Agroindustrias UNSE | FAyA UNSE","isPartOf":{"@id":"https:\/\/faya.unse.edu.ar\/#website"},"primaryImageOfPage":{"@id":"https:\/\/faya.unse.edu.ar\/index.php\/noticias\/2019\/convocatoria-a-movilidad-estudiantil-rtf\/#primaryimage"},"datePublished":"2019-01-25T23:13:49+00:00","dateModified":"2019-01-25T23:22:14+00:00","author":{"@id":"https:\/\/faya.unse.edu.ar\/#\/schema\/person\/6759100fdfd04c998461a230bc877a42"},"breadcrumb":{"@id":"https:\/\/faya.unse.edu.ar\/index.php\/noticias\/2019\/convocatoria-a-movilidad-estudiantil-rtf\/#breadcrumb"},"inLanguage":"es-AR","potentialAction":[{"@type":"ReadAction","target":["https:\/\/faya.unse.edu.ar\/index.php\/noticias\/2019\/convocatoria-a-movilidad-estudiantil-rtf\/"]}]},{"@type":"BreadcrumbList","@id":"https:\/\/faya.unse.edu.ar\/index.php\/noticias\/2019\/convocatoria-a-movilidad-estudiantil-rtf\/#breadcrumb","itemListElement":[{"@type":"ListItem","position":1,"name":"Home","item":"https:\/\/faya.unse.edu.ar\/"},{"@type":"ListItem","position":2,"name":"Convocatoria a Movilidad Estudiantil RTF"}]},{"@type":"Person","@id":"https:\/\/faya.unse.edu.ar\/#\/schema\/person\/6759100fdfd04c998461a230bc877a42","name":"Comunicaci\u00f3n FAyA","url":"https:\/\/faya.unse.edu.ar\/index.php\/author\/ariel_jugo\/"}]}},"_links":{"self":[{"href":"https:\/\/faya.unse.edu.ar\/index.php\/wp-json\/wp\/v2\/posts\/17701"}],"collection":[{"href":"https:\/\/faya.unse.edu.ar\/index.php\/wp-json\/wp\/v2\/posts"}],"about":[{"href":"https:\/\/faya.unse.edu.ar\/index.php\/wp-json\/wp\/v2\/types\/post"}],"author":[{"embeddable":true,"href":"https:\/\/faya.unse.edu.ar\/index.php\/wp-json\/wp\/v2\/users\/2"}],"replies":[{"embeddable":true,"href":"https:\/\/faya.unse.edu.ar\/index.php\/wp-json\/wp\/v2\/comments?post=17701"}],"version-history":[{"count":16,"href":"https:\/\/faya.unse.edu.ar\/index.php\/wp-json\/wp\/v2\/posts\/17701\/revisions"}],"predecessor-version":[{"id":17721,"href":"https:\/\/faya.unse.edu.ar\/index.php\/wp-json\/wp\/v2\/posts\/17701\/revisions\/17721"}],"wp:featuredmedia":[{"embeddable":true,"href":"https:\/\/faya.unse.edu.ar\/index.php\/wp-json\/wp\/v2\/media\/17709"}],"wp:attachment":[{"href":"https:\/\/faya.unse.edu.ar\/index.php\/wp-json\/wp\/v2\/media?parent=17701"}],"wp:term":[{"taxonomy":"category","embeddable":true,"href":"https:\/\/faya.unse.edu.ar\/index.php\/wp-json\/wp\/v2\/categories?post=17701"},{"taxonomy":"post_tag","embeddable":true,"href":"https:\/\/faya.unse.edu.ar\/index.php\/wp-json\/wp\/v2\/tags?post=17701"}],"curies":[{"name":"wp","href":"https:\/\/api.w.org\/{rel}","templated":true}]}}