{"id":18103,"date":"2019-03-01T19:18:35","date_gmt":"2019-03-01T22:18:35","guid":{"rendered":"http:\/\/faya.unse.edu.ar\/?p=18103"},"modified":"2019-03-01T19:18:35","modified_gmt":"2019-03-01T22:18:35","slug":"inauguracion-del-centro-de-servicio-caprino-de-la-asociacion-tukuylaomanta","status":"publish","type":"post","link":"https:\/\/faya.unse.edu.ar\/index.php\/noticias\/2019\/inauguracion-del-centro-de-servicio-caprino-de-la-asociacion-tukuylaomanta\/","title":{"rendered":"Inauguraci\u00f3n del Centro de Servicio Caprino de la Asociaci\u00f3n TUKUYLAOMANTA"},"content":{"rendered":"<p>La vicedecana de la Facultad de Agronom\u00eda y Agroindustrias de la UNSE, Dra. Mar\u00eda Judith Ochoa, particip\u00f3 del acto inaugural del Centro de Servicio Caprino de la Asociaci\u00f3n TUKUYLAOMANTA en la localidad de Huajla, dpto Atamisqui &#8211; SDE.<\/p>\n<p>Del mismo participaron autoridades locales y nacionales como la Ing. Viviana Hamelin, Directora Nacional de Ovinos, Caprinos y Cam\u00e9lidos; Santiago Hardie, Subsecretario de Agricultura Familiar y Desarrollo Territorial de la Naci\u00f3n; el Coordinador de la Secretaria de Agricultura Familiar, Carlos Cejas Lescano.<\/p>\n<p>La infraestructura cuenta con una inversi\u00f3n de $ 2.9 Millones y consta de un galp\u00f3n, 4 silos de 16 tn para acopio de granos, maquina moledora, mixer, chimango, cosedora de bolsas, stock de bolsas de arpillera pl\u00e1stica, y balanza electr\u00f3nica de 300 kg.<\/p>\n<p>Adem\u00e1s, incluye sanitarios, cocina, equipamiento inform\u00e1tico, antena amplificadora de se\u00f1al de celular, carro de transporte de 2 tn, carro de acopio de cabritos y corrales de acopio y un botiqu\u00edn sanitario completo.<\/p>\n<p>Nuestra vicedecana, destac\u00f3 la articulaci\u00f3n que la SAF y el Programa Nacional de Ovinos, Caprinos y Cam\u00e9lidos tienen a trav\u00e9s de capacitaciones y talleres durante todo el a\u00f1o.<\/p>\n\n\t\t<style type=\"text\/css\">\n\t\t\t#gallery-1 {\n\t\t\t\tmargin: auto;\n\t\t\t}\n\t\t\t#gallery-1 .gallery-item {\n\t\t\t\tfloat: left;\n\t\t\t\tmargin-top: 10px;\n\t\t\t\ttext-align: center;\n\t\t\t\twidth: 33%;\n\t\t\t}\n\t\t\t#gallery-1 img {\n\t\t\t\tborder: 2px solid #cfcfcf;\n\t\t\t}\n\t\t\t#gallery-1 .gallery-caption {\n\t\t\t\tmargin-left: 0;\n\t\t\t}\n\t\t\t\/* see gallery_shortcode() in wp-includes\/media.php *\/\n\t\t<\/style>\n\t\t<div id='gallery-1' class='gallery galleryid-18103 gallery-columns-3 gallery-size-thumbnail'><dl class='gallery-item'>\n\t\t\t<dt class='gallery-icon landscape'>\n\t\t\t\t<a href='https:\/\/faya.unse.edu.ar\/wp-content\/uploads\/atamisqui-00.jpeg'><img width=\"150\" height=\"150\" src=\"https:\/\/faya.unse.edu.ar\/wp-content\/uploads\/atamisqui-00-150x150.jpeg\" class=\"attachment-thumbnail size-thumbnail\" alt=\"\" loading=\"lazy\" srcset=\"https:\/\/faya.unse.edu.ar\/wp-content\/uploads\/atamisqui-00-150x150.jpeg 150w, https:\/\/faya.unse.edu.ar\/wp-content\/uploads\/atamisqui-00-570x570.jpeg 570w, https:\/\/faya.unse.edu.ar\/wp-content\/uploads\/atamisqui-00-500x500.jpeg 500w\" sizes=\"(max-width: 150px) 100vw, 150px\" \/><\/a>\n\t\t\t<\/dt><\/dl><dl class='gallery-item'>\n\t\t\t<dt class='gallery-icon landscape'>\n\t\t\t\t<a href='https:\/\/faya.unse.edu.ar\/wp-content\/uploads\/atamisqui-01-.jpeg'><img width=\"150\" height=\"150\" src=\"https:\/\/faya.unse.edu.ar\/wp-content\/uploads\/atamisqui-01--150x150.jpeg\" class=\"attachment-thumbnail size-thumbnail\" alt=\"\" loading=\"lazy\" srcset=\"https:\/\/faya.unse.edu.ar\/wp-content\/uploads\/atamisqui-01--150x150.jpeg 150w, https:\/\/faya.unse.edu.ar\/wp-content\/uploads\/atamisqui-01--570x570.jpeg 570w, https:\/\/faya.unse.edu.ar\/wp-content\/uploads\/atamisqui-01--500x500.jpeg 500w\" sizes=\"(max-width: 150px) 100vw, 150px\" \/><\/a>\n\t\t\t<\/dt><\/dl><dl class='gallery-item'>\n\t\t\t<dt class='gallery-icon landscape'>\n\t\t\t\t<a href='https:\/\/faya.unse.edu.ar\/wp-content\/uploads\/atamisqui-02.jpeg'><img width=\"150\" height=\"150\" src=\"https:\/\/faya.unse.edu.ar\/wp-content\/uploads\/atamisqui-02-150x150.jpeg\" class=\"attachment-thumbnail size-thumbnail\" alt=\"\" loading=\"lazy\" srcset=\"https:\/\/faya.unse.edu.ar\/wp-content\/uploads\/atamisqui-02-150x150.jpeg 150w, https:\/\/faya.unse.edu.ar\/wp-content\/uploads\/atamisqui-02-570x570.jpeg 570w, https:\/\/faya.unse.edu.ar\/wp-content\/uploads\/atamisqui-02-500x500.jpeg 500w\" sizes=\"(max-width: 150px) 100vw, 150px\" \/><\/a>\n\t\t\t<\/dt><\/dl><br style=\"clear: both\" \/><dl class='gallery-item'>\n\t\t\t<dt class='gallery-icon landscape'>\n\t\t\t\t<a href='https:\/\/faya.unse.edu.ar\/wp-content\/uploads\/atamisqui-03.jpeg'><img width=\"150\" height=\"150\" src=\"https:\/\/faya.unse.edu.ar\/wp-content\/uploads\/atamisqui-03-150x150.jpeg\" class=\"attachment-thumbnail size-thumbnail\" alt=\"\" loading=\"lazy\" srcset=\"https:\/\/faya.unse.edu.ar\/wp-content\/uploads\/atamisqui-03-150x150.jpeg 150w, https:\/\/faya.unse.edu.ar\/wp-content\/uploads\/atamisqui-03-570x570.jpeg 570w, https:\/\/faya.unse.edu.ar\/wp-content\/uploads\/atamisqui-03-500x500.jpeg 500w\" sizes=\"(max-width: 150px) 100vw, 150px\" \/><\/a>\n\t\t\t<\/dt><\/dl><dl class='gallery-item'>\n\t\t\t<dt class='gallery-icon portrait'>\n\t\t\t\t<a href='https:\/\/faya.unse.edu.ar\/wp-content\/uploads\/atamisqui-04.jpeg'><img width=\"150\" height=\"150\" src=\"https:\/\/faya.unse.edu.ar\/wp-content\/uploads\/atamisqui-04-150x150.jpeg\" class=\"attachment-thumbnail size-thumbnail\" alt=\"\" loading=\"lazy\" srcset=\"https:\/\/faya.unse.edu.ar\/wp-content\/uploads\/atamisqui-04-150x150.jpeg 150w, https:\/\/faya.unse.edu.ar\/wp-content\/uploads\/atamisqui-04-570x570.jpeg 570w, https:\/\/faya.unse.edu.ar\/wp-content\/uploads\/atamisqui-04-500x500.jpeg 500w\" sizes=\"(max-width: 150px) 100vw, 150px\" \/><\/a>\n\t\t\t<\/dt><\/dl><dl class='gallery-item'>\n\t\t\t<dt class='gallery-icon landscape'>\n\t\t\t\t<a href='https:\/\/faya.unse.edu.ar\/wp-content\/uploads\/atamisqui-05.jpeg'><img width=\"150\" height=\"150\" src=\"https:\/\/faya.unse.edu.ar\/wp-content\/uploads\/atamisqui-05-150x150.jpeg\" class=\"attachment-thumbnail size-thumbnail\" alt=\"\" loading=\"lazy\" srcset=\"https:\/\/faya.unse.edu.ar\/wp-content\/uploads\/atamisqui-05-150x150.jpeg 150w, https:\/\/faya.unse.edu.ar\/wp-content\/uploads\/atamisqui-05-570x570.jpeg 570w, https:\/\/faya.unse.edu.ar\/wp-content\/uploads\/atamisqui-05-500x500.jpeg 500w\" sizes=\"(max-width: 150px) 100vw, 150px\" \/><\/a>\n\t\t\t<\/dt><\/dl><br style=\"clear: both\" \/><dl class='gallery-item'>\n\t\t\t<dt class='gallery-icon landscape'>\n\t\t\t\t<a href='https:\/\/faya.unse.edu.ar\/wp-content\/uploads\/atamisqui-06.jpeg'><img width=\"150\" height=\"150\" src=\"https:\/\/faya.unse.edu.ar\/wp-content\/uploads\/atamisqui-06-150x150.jpeg\" class=\"attachment-thumbnail size-thumbnail\" alt=\"\" loading=\"lazy\" srcset=\"https:\/\/faya.unse.edu.ar\/wp-content\/uploads\/atamisqui-06-150x150.jpeg 150w, https:\/\/faya.unse.edu.ar\/wp-content\/uploads\/atamisqui-06-570x570.jpeg 570w, https:\/\/faya.unse.edu.ar\/wp-content\/uploads\/atamisqui-06-500x500.jpeg 500w\" sizes=\"(max-width: 150px) 100vw, 150px\" \/><\/a>\n\t\t\t<\/dt><\/dl><dl class='gallery-item'>\n\t\t\t<dt class='gallery-icon landscape'>\n\t\t\t\t<a href='https:\/\/faya.unse.edu.ar\/wp-content\/uploads\/atamisqui-07.jpeg'><img width=\"150\" height=\"150\" src=\"https:\/\/faya.unse.edu.ar\/wp-content\/uploads\/atamisqui-07-150x150.jpeg\" class=\"attachment-thumbnail size-thumbnail\" alt=\"\" loading=\"lazy\" srcset=\"https:\/\/faya.unse.edu.ar\/wp-content\/uploads\/atamisqui-07-150x150.jpeg 150w, https:\/\/faya.unse.edu.ar\/wp-content\/uploads\/atamisqui-07-570x570.jpeg 570w, https:\/\/faya.unse.edu.ar\/wp-content\/uploads\/atamisqui-07-500x500.jpeg 500w\" sizes=\"(max-width: 150px) 100vw, 150px\" \/><\/a>\n\t\t\t<\/dt><\/dl><dl class='gallery-item'>\n\t\t\t<dt class='gallery-icon landscape'>\n\t\t\t\t<a href='https:\/\/faya.unse.edu.ar\/wp-content\/uploads\/atamisqui-08.jpeg'><img width=\"150\" height=\"150\" src=\"https:\/\/faya.unse.edu.ar\/wp-content\/uploads\/atamisqui-08-150x150.jpeg\" class=\"attachment-thumbnail size-thumbnail\" alt=\"\" loading=\"lazy\" srcset=\"https:\/\/faya.unse.edu.ar\/wp-content\/uploads\/atamisqui-08-150x150.jpeg 150w, https:\/\/faya.unse.edu.ar\/wp-content\/uploads\/atamisqui-08-570x570.jpeg 570w, https:\/\/faya.unse.edu.ar\/wp-content\/uploads\/atamisqui-08-500x500.jpeg 500w\" sizes=\"(max-width: 150px) 100vw, 150px\" \/><\/a>\n\t\t\t<\/dt><\/dl><br style=\"clear: both\" \/><dl class='gallery-item'>\n\t\t\t<dt class='gallery-icon landscape'>\n\t\t\t\t<a href='https:\/\/faya.unse.edu.ar\/wp-content\/uploads\/atamisqui-09.jpeg'><img width=\"150\" height=\"150\" src=\"https:\/\/faya.unse.edu.ar\/wp-content\/uploads\/atamisqui-09-150x150.jpeg\" class=\"attachment-thumbnail size-thumbnail\" alt=\"\" loading=\"lazy\" srcset=\"https:\/\/faya.unse.edu.ar\/wp-content\/uploads\/atamisqui-09-150x150.jpeg 150w, https:\/\/faya.unse.edu.ar\/wp-content\/uploads\/atamisqui-09-570x570.jpeg 570w, https:\/\/faya.unse.edu.ar\/wp-content\/uploads\/atamisqui-09-500x500.jpeg 500w\" sizes=\"(max-width: 150px) 100vw, 150px\" \/><\/a>\n\t\t\t<\/dt><\/dl><dl class='gallery-item'>\n\t\t\t<dt class='gallery-icon landscape'>\n\t\t\t\t<a href='https:\/\/faya.unse.edu.ar\/wp-content\/uploads\/atamisqui-10.jpeg'><img width=\"150\" height=\"150\" src=\"https:\/\/faya.unse.edu.ar\/wp-content\/uploads\/atamisqui-10-150x150.jpeg\" class=\"attachment-thumbnail size-thumbnail\" alt=\"\" loading=\"lazy\" srcset=\"https:\/\/faya.unse.edu.ar\/wp-content\/uploads\/atamisqui-10-150x150.jpeg 150w, https:\/\/faya.unse.edu.ar\/wp-content\/uploads\/atamisqui-10-570x570.jpeg 570w, https:\/\/faya.unse.edu.ar\/wp-content\/uploads\/atamisqui-10-500x500.jpeg 500w\" sizes=\"(max-width: 150px) 100vw, 150px\" \/><\/a>\n\t\t\t<\/dt><\/dl><dl class='gallery-item'>\n\t\t\t<dt class='gallery-icon landscape'>\n\t\t\t\t<a href='https:\/\/faya.unse.edu.ar\/wp-content\/uploads\/atamisqui-11.jpeg'><img width=\"150\" height=\"150\" src=\"https:\/\/faya.unse.edu.ar\/wp-content\/uploads\/atamisqui-11-150x150.jpeg\" class=\"attachment-thumbnail size-thumbnail\" alt=\"\" loading=\"lazy\" srcset=\"https:\/\/faya.unse.edu.ar\/wp-content\/uploads\/atamisqui-11-150x150.jpeg 150w, https:\/\/faya.unse.edu.ar\/wp-content\/uploads\/atamisqui-11-570x570.jpeg 570w, https:\/\/faya.unse.edu.ar\/wp-content\/uploads\/atamisqui-11-500x500.jpeg 500w\" sizes=\"(max-width: 150px) 100vw, 150px\" \/><\/a>\n\t\t\t<\/dt><\/dl><br style=\"clear: both\" \/>\n\t\t<\/div>\n\n","protected":false},"excerpt":{"rendered":"<p>La vicedecana de la Facultad de Agronom\u00eda y Agroindustrias de la UNSE, Dra. Mar\u00eda Judith Ochoa, particip\u00f3 del acto inaugural del Centro de Servicio Caprino de la Asociaci\u00f3n TUKUYLAOMANTA en la localidad de Huajla, dpto Atamisqui &#8211; SDE. Del mismo participaron autoridades locales y nacionales&#8230;<\/p>\n","protected":false},"author":2,"featured_media":18104,"comment_status":"open","ping_status":"open","sticky":false,"template":"","format":"standard","meta":{"_mi_skip_tracking":false},"categories":[5],"tags":[],"yoast_head":"<!-- This site is optimized with the Yoast SEO plugin v17.7.1 - https:\/\/yoast.com\/wordpress\/plugins\/seo\/ -->\n<meta name=\"robots\" content=\"index, follow, max-snippet:-1, max-image-preview:large, max-video-preview:-1\" \/>\n<link rel=\"canonical\" href=\"https:\/\/faya.unse.edu.ar\/index.php\/noticias\/2019\/inauguracion-del-centro-de-servicio-caprino-de-la-asociacion-tukuylaomanta\/\" \/>\n<meta property=\"og:locale\" content=\"es_ES\" \/>\n<meta property=\"og:type\" content=\"article\" \/>\n<meta property=\"og:title\" content=\"Inauguraci\u00f3n del Centro de Servicio Caprino de la Asociaci\u00f3n TUKUYLAOMANTA | Facultad de Agronom\u00eda y Agroindustrias UNSE | FAyA UNSE\" \/>\n<meta property=\"og:description\" content=\"La vicedecana de la Facultad de Agronom\u00eda y Agroindustrias de la UNSE, Dra. Mar\u00eda Judith Ochoa, particip\u00f3 del acto inaugural del Centro de Servicio Caprino de la Asociaci\u00f3n TUKUYLAOMANTA en la localidad de Huajla, dpto Atamisqui &#8211; SDE. Del mismo participaron autoridades locales y nacionales...\" \/>\n<meta property=\"og:url\" content=\"https:\/\/faya.unse.edu.ar\/index.php\/noticias\/2019\/inauguracion-del-centro-de-servicio-caprino-de-la-asociacion-tukuylaomanta\/\" \/>\n<meta property=\"og:site_name\" content=\"Facultad de Agronom\u00eda y Agroindustrias UNSE | FAyA UNSE\" \/>\n<meta property=\"article:publisher\" content=\"https:\/\/www.facebook.com\/agroUNSE\/\" \/>\n<meta property=\"article:published_time\" content=\"2019-03-01T22:18:35+00:00\" \/>\n<meta property=\"og:image\" content=\"https:\/\/faya.unse.edu.ar\/wp-content\/uploads\/atamisqui-00.jpeg\" \/>\n\t<meta property=\"og:image:width\" content=\"1280\" \/>\n\t<meta property=\"og:image:height\" content=\"960\" \/>\n<meta name=\"twitter:card\" content=\"summary_large_image\" \/>\n<meta name=\"twitter:creator\" content=\"@fayaunse\" \/>\n<meta name=\"twitter:site\" content=\"@fayaunse\" \/>\n<meta name=\"twitter:label1\" content=\"Escrito por\" \/>\n\t<meta name=\"twitter:data1\" content=\"Comunicaci\u00f3n FAyA\" \/>\n\t<meta name=\"twitter:label2\" content=\"Tiempo de lectura\" \/>\n\t<meta name=\"twitter:data2\" content=\"1 minuto\" \/>\n<script type=\"application\/ld+json\" class=\"yoast-schema-graph\">{\"@context\":\"https:\/\/schema.org\",\"@graph\":[{\"@type\":\"WebSite\",\"@id\":\"https:\/\/faya.unse.edu.ar\/#website\",\"url\":\"https:\/\/faya.unse.edu.ar\/\",\"name\":\"Facultad de Agronom\\u00eda y Agroindustrias UNSE | FAyA UNSE\",\"description\":\"\",\"potentialAction\":[{\"@type\":\"SearchAction\",\"target\":{\"@type\":\"EntryPoint\",\"urlTemplate\":\"https:\/\/faya.unse.edu.ar\/?s={search_term_string}\"},\"query-input\":\"required name=search_term_string\"}],\"inLanguage\":\"es-AR\"},{\"@type\":\"ImageObject\",\"@id\":\"https:\/\/faya.unse.edu.ar\/index.php\/noticias\/2019\/inauguracion-del-centro-de-servicio-caprino-de-la-asociacion-tukuylaomanta\/#primaryimage\",\"inLanguage\":\"es-AR\",\"url\":\"https:\/\/faya.unse.edu.ar\/wp-content\/uploads\/atamisqui-00.jpeg\",\"contentUrl\":\"https:\/\/faya.unse.edu.ar\/wp-content\/uploads\/atamisqui-00.jpeg\",\"width\":1280,\"height\":960},{\"@type\":\"WebPage\",\"@id\":\"https:\/\/faya.unse.edu.ar\/index.php\/noticias\/2019\/inauguracion-del-centro-de-servicio-caprino-de-la-asociacion-tukuylaomanta\/#webpage\",\"url\":\"https:\/\/faya.unse.edu.ar\/index.php\/noticias\/2019\/inauguracion-del-centro-de-servicio-caprino-de-la-asociacion-tukuylaomanta\/\",\"name\":\"Inauguraci\\u00f3n del Centro de Servicio Caprino de la Asociaci\\u00f3n TUKUYLAOMANTA | Facultad de Agronom\\u00eda y Agroindustrias UNSE | FAyA UNSE\",\"isPartOf\":{\"@id\":\"https:\/\/faya.unse.edu.ar\/#website\"},\"primaryImageOfPage\":{\"@id\":\"https:\/\/faya.unse.edu.ar\/index.php\/noticias\/2019\/inauguracion-del-centro-de-servicio-caprino-de-la-asociacion-tukuylaomanta\/#primaryimage\"},\"datePublished\":\"2019-03-01T22:18:35+00:00\",\"dateModified\":\"2019-03-01T22:18:35+00:00\",\"author\":{\"@id\":\"https:\/\/faya.unse.edu.ar\/#\/schema\/person\/6759100fdfd04c998461a230bc877a42\"},\"breadcrumb\":{\"@id\":\"https:\/\/faya.unse.edu.ar\/index.php\/noticias\/2019\/inauguracion-del-centro-de-servicio-caprino-de-la-asociacion-tukuylaomanta\/#breadcrumb\"},\"inLanguage\":\"es-AR\",\"potentialAction\":[{\"@type\":\"ReadAction\",\"target\":[\"https:\/\/faya.unse.edu.ar\/index.php\/noticias\/2019\/inauguracion-del-centro-de-servicio-caprino-de-la-asociacion-tukuylaomanta\/\"]}]},{\"@type\":\"BreadcrumbList\",\"@id\":\"https:\/\/faya.unse.edu.ar\/index.php\/noticias\/2019\/inauguracion-del-centro-de-servicio-caprino-de-la-asociacion-tukuylaomanta\/#breadcrumb\",\"itemListElement\":[{\"@type\":\"ListItem\",\"position\":1,\"name\":\"Home\",\"item\":\"https:\/\/faya.unse.edu.ar\/\"},{\"@type\":\"ListItem\",\"position\":2,\"name\":\"Inauguraci\\u00f3n del Centro de Servicio Caprino de la Asociaci\\u00f3n TUKUYLAOMANTA\"}]},{\"@type\":\"Person\",\"@id\":\"https:\/\/faya.unse.edu.ar\/#\/schema\/person\/6759100fdfd04c998461a230bc877a42\",\"name\":\"Comunicaci\\u00f3n FAyA\",\"url\":\"https:\/\/faya.unse.edu.ar\/index.php\/author\/ariel_jugo\/\"}]}<\/script>\n<!-- \/ Yoast SEO plugin. -->","yoast_head_json":{"robots":{"index":"index","follow":"follow","max-snippet":"max-snippet:-1","max-image-preview":"max-image-preview:large","max-video-preview":"max-video-preview:-1"},"canonical":"https:\/\/faya.unse.edu.ar\/index.php\/noticias\/2019\/inauguracion-del-centro-de-servicio-caprino-de-la-asociacion-tukuylaomanta\/","og_locale":"es_ES","og_type":"article","og_title":"Inauguraci\u00f3n del Centro de Servicio Caprino de la Asociaci\u00f3n TUKUYLAOMANTA | Facultad de Agronom\u00eda y Agroindustrias UNSE | FAyA UNSE","og_description":"La vicedecana de la Facultad de Agronom\u00eda y Agroindustrias de la UNSE, Dra. Mar\u00eda Judith Ochoa, particip\u00f3 del acto inaugural del Centro de Servicio Caprino de la Asociaci\u00f3n TUKUYLAOMANTA en la localidad de Huajla, dpto Atamisqui &#8211; SDE. Del mismo participaron autoridades locales y nacionales...","og_url":"https:\/\/faya.unse.edu.ar\/index.php\/noticias\/2019\/inauguracion-del-centro-de-servicio-caprino-de-la-asociacion-tukuylaomanta\/","og_site_name":"Facultad de Agronom\u00eda y Agroindustrias UNSE | FAyA UNSE","article_publisher":"https:\/\/www.facebook.com\/agroUNSE\/","article_published_time":"2019-03-01T22:18:35+00:00","og_image":[{"width":1280,"height":960,"url":"https:\/\/faya.unse.edu.ar\/wp-content\/uploads\/atamisqui-00.jpeg","type":"image\/jpeg"}],"twitter_card":"summary_large_image","twitter_creator":"@fayaunse","twitter_site":"@fayaunse","twitter_misc":{"Escrito por":"Comunicaci\u00f3n FAyA","Tiempo de lectura":"1 minuto"},"schema":{"@context":"https:\/\/schema.org","@graph":[{"@type":"WebSite","@id":"https:\/\/faya.unse.edu.ar\/#website","url":"https:\/\/faya.unse.edu.ar\/","name":"Facultad de Agronom\u00eda y Agroindustrias UNSE | FAyA UNSE","description":"","potentialAction":[{"@type":"SearchAction","target":{"@type":"EntryPoint","urlTemplate":"https:\/\/faya.unse.edu.ar\/?s={search_term_string}"},"query-input":"required name=search_term_string"}],"inLanguage":"es-AR"},{"@type":"ImageObject","@id":"https:\/\/faya.unse.edu.ar\/index.php\/noticias\/2019\/inauguracion-del-centro-de-servicio-caprino-de-la-asociacion-tukuylaomanta\/#primaryimage","inLanguage":"es-AR","url":"https:\/\/faya.unse.edu.ar\/wp-content\/uploads\/atamisqui-00.jpeg","contentUrl":"https:\/\/faya.unse.edu.ar\/wp-content\/uploads\/atamisqui-00.jpeg","width":1280,"height":960},{"@type":"WebPage","@id":"https:\/\/faya.unse.edu.ar\/index.php\/noticias\/2019\/inauguracion-del-centro-de-servicio-caprino-de-la-asociacion-tukuylaomanta\/#webpage","url":"https:\/\/faya.unse.edu.ar\/index.php\/noticias\/2019\/inauguracion-del-centro-de-servicio-caprino-de-la-asociacion-tukuylaomanta\/","name":"Inauguraci\u00f3n del Centro de Servicio Caprino de la Asociaci\u00f3n TUKUYLAOMANTA | Facultad de Agronom\u00eda y Agroindustrias UNSE | FAyA UNSE","isPartOf":{"@id":"https:\/\/faya.unse.edu.ar\/#website"},"primaryImageOfPage":{"@id":"https:\/\/faya.unse.edu.ar\/index.php\/noticias\/2019\/inauguracion-del-centro-de-servicio-caprino-de-la-asociacion-tukuylaomanta\/#primaryimage"},"datePublished":"2019-03-01T22:18:35+00:00","dateModified":"2019-03-01T22:18:35+00:00","author":{"@id":"https:\/\/faya.unse.edu.ar\/#\/schema\/person\/6759100fdfd04c998461a230bc877a42"},"breadcrumb":{"@id":"https:\/\/faya.unse.edu.ar\/index.php\/noticias\/2019\/inauguracion-del-centro-de-servicio-caprino-de-la-asociacion-tukuylaomanta\/#breadcrumb"},"inLanguage":"es-AR","potentialAction":[{"@type":"ReadAction","target":["https:\/\/faya.unse.edu.ar\/index.php\/noticias\/2019\/inauguracion-del-centro-de-servicio-caprino-de-la-asociacion-tukuylaomanta\/"]}]},{"@type":"BreadcrumbList","@id":"https:\/\/faya.unse.edu.ar\/index.php\/noticias\/2019\/inauguracion-del-centro-de-servicio-caprino-de-la-asociacion-tukuylaomanta\/#breadcrumb","itemListElement":[{"@type":"ListItem","position":1,"name":"Home","item":"https:\/\/faya.unse.edu.ar\/"},{"@type":"ListItem","position":2,"name":"Inauguraci\u00f3n del Centro de Servicio Caprino de la Asociaci\u00f3n TUKUYLAOMANTA"}]},{"@type":"Person","@id":"https:\/\/faya.unse.edu.ar\/#\/schema\/person\/6759100fdfd04c998461a230bc877a42","name":"Comunicaci\u00f3n FAyA","url":"https:\/\/faya.unse.edu.ar\/index.php\/author\/ariel_jugo\/"}]}},"_links":{"self":[{"href":"https:\/\/faya.unse.edu.ar\/index.php\/wp-json\/wp\/v2\/posts\/18103"}],"collection":[{"href":"https:\/\/faya.unse.edu.ar\/index.php\/wp-json\/wp\/v2\/posts"}],"about":[{"href":"https:\/\/faya.unse.edu.ar\/index.php\/wp-json\/wp\/v2\/types\/post"}],"author":[{"embeddable":true,"href":"https:\/\/faya.unse.edu.ar\/index.php\/wp-json\/wp\/v2\/users\/2"}],"replies":[{"embeddable":true,"href":"https:\/\/faya.unse.edu.ar\/index.php\/wp-json\/wp\/v2\/comments?post=18103"}],"version-history":[{"count":1,"href":"https:\/\/faya.unse.edu.ar\/index.php\/wp-json\/wp\/v2\/posts\/18103\/revisions"}],"predecessor-version":[{"id":18116,"href":"https:\/\/faya.unse.edu.ar\/index.php\/wp-json\/wp\/v2\/posts\/18103\/revisions\/18116"}],"wp:featuredmedia":[{"embeddable":true,"href":"https:\/\/faya.unse.edu.ar\/index.php\/wp-json\/wp\/v2\/media\/18104"}],"wp:attachment":[{"href":"https:\/\/faya.unse.edu.ar\/index.php\/wp-json\/wp\/v2\/media?parent=18103"}],"wp:term":[{"taxonomy":"category","embeddable":true,"href":"https:\/\/faya.unse.edu.ar\/index.php\/wp-json\/wp\/v2\/categories?post=18103"},{"taxonomy":"post_tag","embeddable":true,"href":"https:\/\/faya.unse.edu.ar\/index.php\/wp-json\/wp\/v2\/tags?post=18103"}],"curies":[{"name":"wp","href":"https:\/\/api.w.org\/{rel}","templated":true}]}}