{"id":18405,"date":"2019-03-19T11:29:12","date_gmt":"2019-03-19T14:29:12","guid":{"rendered":"http:\/\/faya.unse.edu.ar\/?p=18405"},"modified":"2019-03-20T11:29:46","modified_gmt":"2019-03-20T14:29:46","slug":"convenio-con-la-universidad-nacional-de-cajamarca","status":"publish","type":"post","link":"https:\/\/faya.unse.edu.ar\/index.php\/noticias\/2019\/convenio-con-la-universidad-nacional-de-cajamarca\/","title":{"rendered":"Convenio con la Universidad Nacional de Cajamarca"},"content":{"rendered":"<p>La decana de la Facultad de Agronom\u00eda y Agroindustrias de la UNSE, Dra. Myriam Villarreal, la vicedecana, Dra. Judith Ochoa, la Sec. de Vinculaci\u00f3n, Ing. Alejandra Cenice, y la Sec. de Posgrado, acompa\u00f1aron al rector de la UNSE, Ing. H\u00e9ctor Paz, en la recepci\u00f3n al rector de la\u00a0Universidad Nacional de Cajamarca\u00a0(Per\u00fa), Dr. Angelmiro Montoya Mestanza; al vicerrector acad\u00e9mico, Dr. \u00c1ngel D\u00e1vila Rojas y al decano de la Facultad de Ciencias Pecuarias, Dr. Jorge Piedra Flores.<br \/>\nA continuaci\u00f3n de la misma, se rubric\u00f3 un convenio marco para consolidar la relaci\u00f3n entre ambas universidades.<\/p>\n\n\t\t<style type=\"text\/css\">\n\t\t\t#gallery-1 {\n\t\t\t\tmargin: auto;\n\t\t\t}\n\t\t\t#gallery-1 .gallery-item {\n\t\t\t\tfloat: left;\n\t\t\t\tmargin-top: 10px;\n\t\t\t\ttext-align: center;\n\t\t\t\twidth: 33%;\n\t\t\t}\n\t\t\t#gallery-1 img {\n\t\t\t\tborder: 2px solid #cfcfcf;\n\t\t\t}\n\t\t\t#gallery-1 .gallery-caption {\n\t\t\t\tmargin-left: 0;\n\t\t\t}\n\t\t\t\/* see gallery_shortcode() in wp-includes\/media.php *\/\n\t\t<\/style>\n\t\t<div id='gallery-1' class='gallery galleryid-18405 gallery-columns-3 gallery-size-thumbnail'><dl class='gallery-item'>\n\t\t\t<dt class='gallery-icon landscape'>\n\t\t\t\t<a href='https:\/\/faya.unse.edu.ar\/wp-content\/uploads\/2-3.jpg'><img width=\"150\" height=\"150\" src=\"https:\/\/faya.unse.edu.ar\/wp-content\/uploads\/2-3-150x150.jpg\" class=\"attachment-thumbnail size-thumbnail\" alt=\"\" loading=\"lazy\" srcset=\"https:\/\/faya.unse.edu.ar\/wp-content\/uploads\/2-3-150x150.jpg 150w, https:\/\/faya.unse.edu.ar\/wp-content\/uploads\/2-3-570x570.jpg 570w, https:\/\/faya.unse.edu.ar\/wp-content\/uploads\/2-3-500x500.jpg 500w\" sizes=\"(max-width: 150px) 100vw, 150px\" \/><\/a>\n\t\t\t<\/dt><\/dl><dl class='gallery-item'>\n\t\t\t<dt class='gallery-icon landscape'>\n\t\t\t\t<a href='https:\/\/faya.unse.edu.ar\/wp-content\/uploads\/3-4.jpg'><img width=\"150\" height=\"150\" src=\"https:\/\/faya.unse.edu.ar\/wp-content\/uploads\/3-4-150x150.jpg\" class=\"attachment-thumbnail size-thumbnail\" alt=\"\" loading=\"lazy\" srcset=\"https:\/\/faya.unse.edu.ar\/wp-content\/uploads\/3-4-150x150.jpg 150w, https:\/\/faya.unse.edu.ar\/wp-content\/uploads\/3-4-570x570.jpg 570w, https:\/\/faya.unse.edu.ar\/wp-content\/uploads\/3-4-500x500.jpg 500w\" sizes=\"(max-width: 150px) 100vw, 150px\" \/><\/a>\n\t\t\t<\/dt><\/dl><dl class='gallery-item'>\n\t\t\t<dt class='gallery-icon landscape'>\n\t\t\t\t<a href='https:\/\/faya.unse.edu.ar\/wp-content\/uploads\/4-4.jpg'><img width=\"150\" height=\"150\" src=\"https:\/\/faya.unse.edu.ar\/wp-content\/uploads\/4-4-150x150.jpg\" class=\"attachment-thumbnail size-thumbnail\" alt=\"\" loading=\"lazy\" srcset=\"https:\/\/faya.unse.edu.ar\/wp-content\/uploads\/4-4-150x150.jpg 150w, https:\/\/faya.unse.edu.ar\/wp-content\/uploads\/4-4-570x570.jpg 570w, https:\/\/faya.unse.edu.ar\/wp-content\/uploads\/4-4-500x500.jpg 500w\" sizes=\"(max-width: 150px) 100vw, 150px\" \/><\/a>\n\t\t\t<\/dt><\/dl><br style=\"clear: both\" \/><dl class='gallery-item'>\n\t\t\t<dt class='gallery-icon landscape'>\n\t\t\t\t<a href='https:\/\/faya.unse.edu.ar\/wp-content\/uploads\/5-4.jpg'><img width=\"150\" height=\"150\" src=\"https:\/\/faya.unse.edu.ar\/wp-content\/uploads\/5-4-150x150.jpg\" class=\"attachment-thumbnail size-thumbnail\" alt=\"\" loading=\"lazy\" srcset=\"https:\/\/faya.unse.edu.ar\/wp-content\/uploads\/5-4-150x150.jpg 150w, https:\/\/faya.unse.edu.ar\/wp-content\/uploads\/5-4-570x570.jpg 570w, https:\/\/faya.unse.edu.ar\/wp-content\/uploads\/5-4-500x500.jpg 500w\" sizes=\"(max-width: 150px) 100vw, 150px\" \/><\/a>\n\t\t\t<\/dt><\/dl><dl class='gallery-item'>\n\t\t\t<dt class='gallery-icon landscape'>\n\t\t\t\t<a href='https:\/\/faya.unse.edu.ar\/wp-content\/uploads\/6-3.jpg'><img width=\"150\" height=\"150\" src=\"https:\/\/faya.unse.edu.ar\/wp-content\/uploads\/6-3-150x150.jpg\" class=\"attachment-thumbnail size-thumbnail\" alt=\"\" loading=\"lazy\" srcset=\"https:\/\/faya.unse.edu.ar\/wp-content\/uploads\/6-3-150x150.jpg 150w, https:\/\/faya.unse.edu.ar\/wp-content\/uploads\/6-3-570x570.jpg 570w, https:\/\/faya.unse.edu.ar\/wp-content\/uploads\/6-3-500x500.jpg 500w\" sizes=\"(max-width: 150px) 100vw, 150px\" \/><\/a>\n\t\t\t<\/dt><\/dl><dl class='gallery-item'>\n\t\t\t<dt class='gallery-icon landscape'>\n\t\t\t\t<a href='https:\/\/faya.unse.edu.ar\/wp-content\/uploads\/7-2.jpg'><img width=\"150\" height=\"150\" src=\"https:\/\/faya.unse.edu.ar\/wp-content\/uploads\/7-2-150x150.jpg\" class=\"attachment-thumbnail size-thumbnail\" alt=\"\" loading=\"lazy\" srcset=\"https:\/\/faya.unse.edu.ar\/wp-content\/uploads\/7-2-150x150.jpg 150w, https:\/\/faya.unse.edu.ar\/wp-content\/uploads\/7-2-570x570.jpg 570w, https:\/\/faya.unse.edu.ar\/wp-content\/uploads\/7-2-500x500.jpg 500w\" sizes=\"(max-width: 150px) 100vw, 150px\" \/><\/a>\n\t\t\t<\/dt><\/dl><br style=\"clear: both\" \/><dl class='gallery-item'>\n\t\t\t<dt class='gallery-icon landscape'>\n\t\t\t\t<a href='https:\/\/faya.unse.edu.ar\/wp-content\/uploads\/8-2.jpg'><img width=\"150\" height=\"150\" src=\"https:\/\/faya.unse.edu.ar\/wp-content\/uploads\/8-2-150x150.jpg\" class=\"attachment-thumbnail size-thumbnail\" alt=\"\" loading=\"lazy\" srcset=\"https:\/\/faya.unse.edu.ar\/wp-content\/uploads\/8-2-150x150.jpg 150w, https:\/\/faya.unse.edu.ar\/wp-content\/uploads\/8-2-570x570.jpg 570w, https:\/\/faya.unse.edu.ar\/wp-content\/uploads\/8-2-500x500.jpg 500w\" sizes=\"(max-width: 150px) 100vw, 150px\" \/><\/a>\n\t\t\t<\/dt><\/dl><dl class='gallery-item'>\n\t\t\t<dt class='gallery-icon landscape'>\n\t\t\t\t<a href='https:\/\/faya.unse.edu.ar\/wp-content\/uploads\/9-1.jpg'><img width=\"150\" height=\"150\" src=\"https:\/\/faya.unse.edu.ar\/wp-content\/uploads\/9-1-150x150.jpg\" class=\"attachment-thumbnail size-thumbnail\" alt=\"\" loading=\"lazy\" srcset=\"https:\/\/faya.unse.edu.ar\/wp-content\/uploads\/9-1-150x150.jpg 150w, https:\/\/faya.unse.edu.ar\/wp-content\/uploads\/9-1-570x570.jpg 570w, https:\/\/faya.unse.edu.ar\/wp-content\/uploads\/9-1-500x500.jpg 500w\" sizes=\"(max-width: 150px) 100vw, 150px\" \/><\/a>\n\t\t\t<\/dt><\/dl>\n\t\t\t<br style='clear: both' \/>\n\t\t<\/div>\n\n","protected":false},"excerpt":{"rendered":"<p>La decana de la Facultad de Agronom\u00eda y Agroindustrias de la UNSE, Dra. Myriam Villarreal, la vicedecana, Dra. Judith Ochoa, la Sec. de Vinculaci\u00f3n, Ing. Alejandra Cenice, y la Sec. de Posgrado, acompa\u00f1aron al rector de la UNSE, Ing. H\u00e9ctor Paz, en la recepci\u00f3n al&#8230;<\/p>\n","protected":false},"author":2,"featured_media":18409,"comment_status":"open","ping_status":"open","sticky":false,"template":"","format":"standard","meta":{"_mi_skip_tracking":false},"categories":[5],"tags":[],"yoast_head":"<!-- This site is optimized with the Yoast SEO plugin v17.7.1 - https:\/\/yoast.com\/wordpress\/plugins\/seo\/ -->\n<meta name=\"robots\" content=\"index, follow, max-snippet:-1, max-image-preview:large, max-video-preview:-1\" \/>\n<link rel=\"canonical\" href=\"https:\/\/faya.unse.edu.ar\/index.php\/noticias\/2019\/convenio-con-la-universidad-nacional-de-cajamarca\/\" \/>\n<meta property=\"og:locale\" content=\"es_ES\" \/>\n<meta property=\"og:type\" content=\"article\" \/>\n<meta property=\"og:title\" content=\"Convenio con la Universidad Nacional de Cajamarca | Facultad de Agronom\u00eda y Agroindustrias UNSE | FAyA UNSE\" \/>\n<meta property=\"og:description\" content=\"La decana de la Facultad de Agronom\u00eda y Agroindustrias de la UNSE, Dra. Myriam Villarreal, la vicedecana, Dra. Judith Ochoa, la Sec. de Vinculaci\u00f3n, Ing. Alejandra Cenice, y la Sec. de Posgrado, acompa\u00f1aron al rector de la UNSE, Ing. H\u00e9ctor Paz, en la recepci\u00f3n al...\" \/>\n<meta property=\"og:url\" content=\"https:\/\/faya.unse.edu.ar\/index.php\/noticias\/2019\/convenio-con-la-universidad-nacional-de-cajamarca\/\" \/>\n<meta property=\"og:site_name\" content=\"Facultad de Agronom\u00eda y Agroindustrias UNSE | FAyA UNSE\" \/>\n<meta property=\"article:publisher\" content=\"https:\/\/www.facebook.com\/agroUNSE\/\" \/>\n<meta property=\"article:published_time\" content=\"2019-03-19T14:29:12+00:00\" \/>\n<meta property=\"article:modified_time\" content=\"2019-03-20T14:29:46+00:00\" \/>\n<meta property=\"og:image\" content=\"https:\/\/faya.unse.edu.ar\/wp-content\/uploads\/1-6.jpg\" \/>\n\t<meta property=\"og:image:width\" content=\"960\" \/>\n\t<meta property=\"og:image:height\" content=\"720\" \/>\n<meta name=\"twitter:card\" content=\"summary_large_image\" \/>\n<meta name=\"twitter:creator\" content=\"@fayaunse\" \/>\n<meta name=\"twitter:site\" content=\"@fayaunse\" \/>\n<meta name=\"twitter:label1\" content=\"Escrito por\" \/>\n\t<meta name=\"twitter:data1\" content=\"Comunicaci\u00f3n FAyA\" \/>\n\t<meta name=\"twitter:label2\" content=\"Tiempo de lectura\" \/>\n\t<meta name=\"twitter:data2\" content=\"1 minuto\" \/>\n<script type=\"application\/ld+json\" class=\"yoast-schema-graph\">{\"@context\":\"https:\/\/schema.org\",\"@graph\":[{\"@type\":\"WebSite\",\"@id\":\"https:\/\/faya.unse.edu.ar\/#website\",\"url\":\"https:\/\/faya.unse.edu.ar\/\",\"name\":\"Facultad de Agronom\\u00eda y Agroindustrias UNSE | FAyA UNSE\",\"description\":\"\",\"potentialAction\":[{\"@type\":\"SearchAction\",\"target\":{\"@type\":\"EntryPoint\",\"urlTemplate\":\"https:\/\/faya.unse.edu.ar\/?s={search_term_string}\"},\"query-input\":\"required name=search_term_string\"}],\"inLanguage\":\"es-AR\"},{\"@type\":\"ImageObject\",\"@id\":\"https:\/\/faya.unse.edu.ar\/index.php\/noticias\/2019\/convenio-con-la-universidad-nacional-de-cajamarca\/#primaryimage\",\"inLanguage\":\"es-AR\",\"url\":\"https:\/\/faya.unse.edu.ar\/wp-content\/uploads\/1-6.jpg\",\"contentUrl\":\"https:\/\/faya.unse.edu.ar\/wp-content\/uploads\/1-6.jpg\",\"width\":960,\"height\":720},{\"@type\":\"WebPage\",\"@id\":\"https:\/\/faya.unse.edu.ar\/index.php\/noticias\/2019\/convenio-con-la-universidad-nacional-de-cajamarca\/#webpage\",\"url\":\"https:\/\/faya.unse.edu.ar\/index.php\/noticias\/2019\/convenio-con-la-universidad-nacional-de-cajamarca\/\",\"name\":\"Convenio con la Universidad Nacional de Cajamarca | Facultad de Agronom\\u00eda y Agroindustrias UNSE | FAyA UNSE\",\"isPartOf\":{\"@id\":\"https:\/\/faya.unse.edu.ar\/#website\"},\"primaryImageOfPage\":{\"@id\":\"https:\/\/faya.unse.edu.ar\/index.php\/noticias\/2019\/convenio-con-la-universidad-nacional-de-cajamarca\/#primaryimage\"},\"datePublished\":\"2019-03-19T14:29:12+00:00\",\"dateModified\":\"2019-03-20T14:29:46+00:00\",\"author\":{\"@id\":\"https:\/\/faya.unse.edu.ar\/#\/schema\/person\/6759100fdfd04c998461a230bc877a42\"},\"breadcrumb\":{\"@id\":\"https:\/\/faya.unse.edu.ar\/index.php\/noticias\/2019\/convenio-con-la-universidad-nacional-de-cajamarca\/#breadcrumb\"},\"inLanguage\":\"es-AR\",\"potentialAction\":[{\"@type\":\"ReadAction\",\"target\":[\"https:\/\/faya.unse.edu.ar\/index.php\/noticias\/2019\/convenio-con-la-universidad-nacional-de-cajamarca\/\"]}]},{\"@type\":\"BreadcrumbList\",\"@id\":\"https:\/\/faya.unse.edu.ar\/index.php\/noticias\/2019\/convenio-con-la-universidad-nacional-de-cajamarca\/#breadcrumb\",\"itemListElement\":[{\"@type\":\"ListItem\",\"position\":1,\"name\":\"Home\",\"item\":\"https:\/\/faya.unse.edu.ar\/\"},{\"@type\":\"ListItem\",\"position\":2,\"name\":\"Convenio con la Universidad Nacional de Cajamarca\"}]},{\"@type\":\"Person\",\"@id\":\"https:\/\/faya.unse.edu.ar\/#\/schema\/person\/6759100fdfd04c998461a230bc877a42\",\"name\":\"Comunicaci\\u00f3n FAyA\",\"url\":\"https:\/\/faya.unse.edu.ar\/index.php\/author\/ariel_jugo\/\"}]}<\/script>\n<!-- \/ Yoast SEO plugin. -->","yoast_head_json":{"robots":{"index":"index","follow":"follow","max-snippet":"max-snippet:-1","max-image-preview":"max-image-preview:large","max-video-preview":"max-video-preview:-1"},"canonical":"https:\/\/faya.unse.edu.ar\/index.php\/noticias\/2019\/convenio-con-la-universidad-nacional-de-cajamarca\/","og_locale":"es_ES","og_type":"article","og_title":"Convenio con la Universidad Nacional de Cajamarca | Facultad de Agronom\u00eda y Agroindustrias UNSE | FAyA UNSE","og_description":"La decana de la Facultad de Agronom\u00eda y Agroindustrias de la UNSE, Dra. Myriam Villarreal, la vicedecana, Dra. Judith Ochoa, la Sec. de Vinculaci\u00f3n, Ing. Alejandra Cenice, y la Sec. de Posgrado, acompa\u00f1aron al rector de la UNSE, Ing. H\u00e9ctor Paz, en la recepci\u00f3n al...","og_url":"https:\/\/faya.unse.edu.ar\/index.php\/noticias\/2019\/convenio-con-la-universidad-nacional-de-cajamarca\/","og_site_name":"Facultad de Agronom\u00eda y Agroindustrias UNSE | FAyA UNSE","article_publisher":"https:\/\/www.facebook.com\/agroUNSE\/","article_published_time":"2019-03-19T14:29:12+00:00","article_modified_time":"2019-03-20T14:29:46+00:00","og_image":[{"width":960,"height":720,"url":"https:\/\/faya.unse.edu.ar\/wp-content\/uploads\/1-6.jpg","type":"image\/jpeg"}],"twitter_card":"summary_large_image","twitter_creator":"@fayaunse","twitter_site":"@fayaunse","twitter_misc":{"Escrito por":"Comunicaci\u00f3n FAyA","Tiempo de lectura":"1 minuto"},"schema":{"@context":"https:\/\/schema.org","@graph":[{"@type":"WebSite","@id":"https:\/\/faya.unse.edu.ar\/#website","url":"https:\/\/faya.unse.edu.ar\/","name":"Facultad de Agronom\u00eda y Agroindustrias UNSE | FAyA UNSE","description":"","potentialAction":[{"@type":"SearchAction","target":{"@type":"EntryPoint","urlTemplate":"https:\/\/faya.unse.edu.ar\/?s={search_term_string}"},"query-input":"required name=search_term_string"}],"inLanguage":"es-AR"},{"@type":"ImageObject","@id":"https:\/\/faya.unse.edu.ar\/index.php\/noticias\/2019\/convenio-con-la-universidad-nacional-de-cajamarca\/#primaryimage","inLanguage":"es-AR","url":"https:\/\/faya.unse.edu.ar\/wp-content\/uploads\/1-6.jpg","contentUrl":"https:\/\/faya.unse.edu.ar\/wp-content\/uploads\/1-6.jpg","width":960,"height":720},{"@type":"WebPage","@id":"https:\/\/faya.unse.edu.ar\/index.php\/noticias\/2019\/convenio-con-la-universidad-nacional-de-cajamarca\/#webpage","url":"https:\/\/faya.unse.edu.ar\/index.php\/noticias\/2019\/convenio-con-la-universidad-nacional-de-cajamarca\/","name":"Convenio con la Universidad Nacional de Cajamarca | Facultad de Agronom\u00eda y Agroindustrias UNSE | FAyA UNSE","isPartOf":{"@id":"https:\/\/faya.unse.edu.ar\/#website"},"primaryImageOfPage":{"@id":"https:\/\/faya.unse.edu.ar\/index.php\/noticias\/2019\/convenio-con-la-universidad-nacional-de-cajamarca\/#primaryimage"},"datePublished":"2019-03-19T14:29:12+00:00","dateModified":"2019-03-20T14:29:46+00:00","author":{"@id":"https:\/\/faya.unse.edu.ar\/#\/schema\/person\/6759100fdfd04c998461a230bc877a42"},"breadcrumb":{"@id":"https:\/\/faya.unse.edu.ar\/index.php\/noticias\/2019\/convenio-con-la-universidad-nacional-de-cajamarca\/#breadcrumb"},"inLanguage":"es-AR","potentialAction":[{"@type":"ReadAction","target":["https:\/\/faya.unse.edu.ar\/index.php\/noticias\/2019\/convenio-con-la-universidad-nacional-de-cajamarca\/"]}]},{"@type":"BreadcrumbList","@id":"https:\/\/faya.unse.edu.ar\/index.php\/noticias\/2019\/convenio-con-la-universidad-nacional-de-cajamarca\/#breadcrumb","itemListElement":[{"@type":"ListItem","position":1,"name":"Home","item":"https:\/\/faya.unse.edu.ar\/"},{"@type":"ListItem","position":2,"name":"Convenio con la Universidad Nacional de Cajamarca"}]},{"@type":"Person","@id":"https:\/\/faya.unse.edu.ar\/#\/schema\/person\/6759100fdfd04c998461a230bc877a42","name":"Comunicaci\u00f3n FAyA","url":"https:\/\/faya.unse.edu.ar\/index.php\/author\/ariel_jugo\/"}]}},"_links":{"self":[{"href":"https:\/\/faya.unse.edu.ar\/index.php\/wp-json\/wp\/v2\/posts\/18405"}],"collection":[{"href":"https:\/\/faya.unse.edu.ar\/index.php\/wp-json\/wp\/v2\/posts"}],"about":[{"href":"https:\/\/faya.unse.edu.ar\/index.php\/wp-json\/wp\/v2\/types\/post"}],"author":[{"embeddable":true,"href":"https:\/\/faya.unse.edu.ar\/index.php\/wp-json\/wp\/v2\/users\/2"}],"replies":[{"embeddable":true,"href":"https:\/\/faya.unse.edu.ar\/index.php\/wp-json\/wp\/v2\/comments?post=18405"}],"version-history":[{"count":3,"href":"https:\/\/faya.unse.edu.ar\/index.php\/wp-json\/wp\/v2\/posts\/18405\/revisions"}],"predecessor-version":[{"id":18419,"href":"https:\/\/faya.unse.edu.ar\/index.php\/wp-json\/wp\/v2\/posts\/18405\/revisions\/18419"}],"wp:featuredmedia":[{"embeddable":true,"href":"https:\/\/faya.unse.edu.ar\/index.php\/wp-json\/wp\/v2\/media\/18409"}],"wp:attachment":[{"href":"https:\/\/faya.unse.edu.ar\/index.php\/wp-json\/wp\/v2\/media?parent=18405"}],"wp:term":[{"taxonomy":"category","embeddable":true,"href":"https:\/\/faya.unse.edu.ar\/index.php\/wp-json\/wp\/v2\/categories?post=18405"},{"taxonomy":"post_tag","embeddable":true,"href":"https:\/\/faya.unse.edu.ar\/index.php\/wp-json\/wp\/v2\/tags?post=18405"}],"curies":[{"name":"wp","href":"https:\/\/api.w.org\/{rel}","templated":true}]}}