{"id":19622,"date":"2019-06-04T21:40:33","date_gmt":"2019-06-05T00:40:33","guid":{"rendered":"http:\/\/faya.unse.edu.ar\/?p=19622"},"modified":"2019-06-04T21:40:33","modified_gmt":"2019-06-05T00:40:33","slug":"gestion-de-residuos-quimicos","status":"publish","type":"post","link":"https:\/\/faya.unse.edu.ar\/index.php\/noticias\/2019\/gestion-de-residuos-quimicos\/","title":{"rendered":"GESTI\u00d3N DE RESIDUOS QU\u00cdMICOS"},"content":{"rendered":"<div dir=\"auto\"><\/div>\n<div dir=\"auto\">Aunque la cantidad de residuos generada es relativamente peque\u00f1a y variable con el tiempo, es obligatorio y necesario realizar un procedimiento de gesti\u00f3n espec\u00edfico para evitar da\u00f1os a la salud de las personas y al medio ambiente, ya que la identificaci\u00f3n o almacenamiento inadecuado de estos residuos constituye, en s\u00ed mismo, un riesgo innecesario.<\/div>\n<div dir=\"auto\"><\/div>\n<div dir=\"auto\">La clasificaci\u00f3n de los residuos qu\u00edmicos generados en los laboratorios debe realizarse siguiendo un esquema com\u00fan para todo las Sedes. Los residuos se agrupan en conjuntos de com\u00fan acuerdo con el gestor externo encargado de su eliminaci\u00f3n definitiva. La Universidad Nacional de Santiago del Estero, prevee la efectivizarse de este servicio para el mediano plazo.<\/div>\n<div dir=\"auto\"><\/div>\n<div dir=\"auto\">Cada productor de residuos (departamento, grupo o laboratorio docente) deber\u00e1 identificar y clasificar los residuos que genera de acuerdo a estas familias. No debe arrojarse por la fregadera ning\u00fan residuo t\u00f3xico o peligroso (sodio, hidruros, amiduros, hal\u00f3genos de \u00e1cidos), que sean inflamables (disolventes), que huelan mal (derivados de azufre), que sean lacrim\u00f3genos (hal\u00f3genos de bencilo, haloacetonas) o productos que sean dif\u00edcilmente biodegradables (polihalogenados: cloroformo). Tampoco debe arrojarse por la fregadera ning\u00fan s\u00f3lido.<\/div>\n<div dir=\"auto\"><\/div>\n<div dir=\"auto\">En ning\u00fan caso, deben arrojarse a la papelera restos de productos qu\u00edmicos, trapos o papeles contaminados ni envases vac\u00edos (de pl\u00e1stico o de vidrio) que hayan contenido alg\u00fan reactivo.<\/div>\n<div dir=\"auto\"><\/div>\n<div dir=\"auto\"><\/div>\n<div dir=\"auto\">Procedimientos para la gesti\u00f3n de residuos:<\/div>\n<div dir=\"auto\"><\/div>\n<div dir=\"auto\"><strong>Envasado<\/strong><\/div>\n<div dir=\"auto\"><\/div>\n<div dir=\"auto\">Una vez definidos los residuos y los grupos en los que se encuadran, debe seleccionarse los envases adecuados. Estos envases son proporcionados por la Facultad, de manera que no se debe acumular residuos en envases diferentes de los destinados a tal efecto. Se dispone de recipientes espec\u00edficos para s\u00f3lidos y l\u00edquidos (solicitar a los Jefes de Laboratorio).<\/div>\n<div dir=\"auto\"><\/div>\n<div dir=\"auto\">Los envases no se llenar\u00e1n nunca por encima del 80% de su capacidad total para evitar salpicaduras, derrames y sobrepresi\u00f3n, cuidando adem\u00e1s de que su exterior est\u00e9 siempre limpio para evitar accidentes por contacto.<\/div>\n<div dir=\"auto\"><\/div>\n<div dir=\"auto\"><strong>Etiquetado e identificaci\u00f3n<\/strong><\/div>\n<div dir=\"auto\"><\/div>\n<div dir=\"auto\">Todo envase debe estar correctamente etiquetado (indicando el contenido) e identificado ( indicando el productor o generador)\u00a0 para permitir una correcta gesti\u00f3n del residuo y una r\u00e1pida toma de contacto con el productor, en caso de que fuese necesario. Para ello, la Facultad proporciona etiquetas estandarizadas para cada tipo de residuo. En el corto plazo se proveer\u00e1 a todos los laboratorios de una etiqueta secundaria que llevar\u00e1 el segundo detalle arriba mencionado.<\/div>\n<div dir=\"auto\"><\/div>\n<div dir=\"auto\"><strong>Almacenamiento en el Laboratorio<\/strong><\/div>\n<div dir=\"auto\"><\/div>\n<div dir=\"auto\">La permanencia de los envases con residuos qu\u00edmicos en el laboratorio debe ser lo m\u00e1s corta posible y en cualquier caso nunca superior a los dos meses. Estos tiempos se ir\u00e1n optimizando y se respetar\u00e1n seg\u00fan normas a medida que se agilicen los procedimientos y protocolos.<\/div>\n<div dir=\"auto\"><\/div>\n<div dir=\"auto\">El laboratorio debe disponer de un espacio adecuado para colocar los recipientes destinados a la recogida selectiva de residuos.<\/div>\n<div dir=\"auto\"><\/div>\n<div dir=\"auto\">Los recipientes deben situarse preferentemente en el suelo para prevenir ca\u00eddas, y en ning\u00fan caso se almacenar\u00e1n residuos a m\u00e1s de 150 cm de altura.<\/div>\n<div dir=\"auto\"><\/div>\n<div dir=\"auto\">Deben tenerse en cuenta las incompatibilidades en el almacenamiento. Cuando la cantidad generada de un producto no sea suficiente como para necesitar un envase espec\u00edfico en el propio laboratorio, los residuos se trasladar\u00e1n al almac\u00e9n o dep\u00f3sito sito en Sede El Zanj\u00f3n.<\/div>\n<div dir=\"auto\"><\/div>\n<div dir=\"auto\">Regularmente iremos comunicando novedades y requerimientos asi como disposici\u00f3nes nacionales que se actualizan peri\u00f3dicamente.<\/div>\n<div dir=\"auto\"><\/div>\n<div dir=\"auto\">Atte.<\/div>\n<div dir=\"auto\">Droguero Central FAyA &#8211; UNSE<\/div>\n","protected":false},"excerpt":{"rendered":"<p>Aunque la cantidad de residuos generada es relativamente peque\u00f1a y variable con el tiempo, es obligatorio y necesario realizar un procedimiento de gesti\u00f3n espec\u00edfico para evitar da\u00f1os a la salud de las personas y al medio ambiente, ya que la identificaci\u00f3n o almacenamiento inadecuado de&#8230;<\/p>\n","protected":false},"author":2,"featured_media":19623,"comment_status":"open","ping_status":"open","sticky":false,"template":"","format":"standard","meta":{"_mi_skip_tracking":false},"categories":[5],"tags":[],"yoast_head":"<!-- This site is optimized with the Yoast SEO plugin v17.7.1 - https:\/\/yoast.com\/wordpress\/plugins\/seo\/ -->\n<meta name=\"robots\" content=\"index, follow, max-snippet:-1, max-image-preview:large, max-video-preview:-1\" \/>\n<link rel=\"canonical\" href=\"https:\/\/faya.unse.edu.ar\/index.php\/noticias\/2019\/gestion-de-residuos-quimicos\/\" \/>\n<meta property=\"og:locale\" content=\"es_ES\" \/>\n<meta property=\"og:type\" content=\"article\" \/>\n<meta property=\"og:title\" content=\"GESTI\u00d3N DE RESIDUOS QU\u00cdMICOS | Facultad de Agronom\u00eda y Agroindustrias UNSE | FAyA UNSE\" \/>\n<meta property=\"og:description\" content=\"Aunque la cantidad de residuos generada es relativamente peque\u00f1a y variable con el tiempo, es obligatorio y necesario realizar un procedimiento de gesti\u00f3n espec\u00edfico para evitar da\u00f1os a la salud de las personas y al medio ambiente, ya que la identificaci\u00f3n o almacenamiento inadecuado de...\" \/>\n<meta property=\"og:url\" content=\"https:\/\/faya.unse.edu.ar\/index.php\/noticias\/2019\/gestion-de-residuos-quimicos\/\" \/>\n<meta property=\"og:site_name\" content=\"Facultad de Agronom\u00eda y Agroindustrias UNSE | FAyA UNSE\" \/>\n<meta property=\"article:publisher\" content=\"https:\/\/www.facebook.com\/agroUNSE\/\" \/>\n<meta property=\"article:published_time\" content=\"2019-06-05T00:40:33+00:00\" \/>\n<meta property=\"og:image\" content=\"https:\/\/faya.unse.edu.ar\/wp-content\/uploads\/Screenshot_20190604-213248_Canva.jpg\" \/>\n\t<meta property=\"og:image:width\" content=\"969\" \/>\n\t<meta property=\"og:image:height\" content=\"974\" \/>\n<meta name=\"twitter:card\" content=\"summary_large_image\" \/>\n<meta name=\"twitter:creator\" content=\"@fayaunse\" \/>\n<meta name=\"twitter:site\" content=\"@fayaunse\" \/>\n<meta name=\"twitter:label1\" content=\"Escrito por\" \/>\n\t<meta name=\"twitter:data1\" content=\"Comunicaci\u00f3n FAyA\" \/>\n\t<meta name=\"twitter:label2\" content=\"Tiempo de lectura\" \/>\n\t<meta name=\"twitter:data2\" content=\"3 minutos\" \/>\n<script type=\"application\/ld+json\" class=\"yoast-schema-graph\">{\"@context\":\"https:\/\/schema.org\",\"@graph\":[{\"@type\":\"WebSite\",\"@id\":\"https:\/\/faya.unse.edu.ar\/#website\",\"url\":\"https:\/\/faya.unse.edu.ar\/\",\"name\":\"Facultad de Agronom\\u00eda y Agroindustrias UNSE | FAyA UNSE\",\"description\":\"\",\"potentialAction\":[{\"@type\":\"SearchAction\",\"target\":{\"@type\":\"EntryPoint\",\"urlTemplate\":\"https:\/\/faya.unse.edu.ar\/?s={search_term_string}\"},\"query-input\":\"required name=search_term_string\"}],\"inLanguage\":\"es-AR\"},{\"@type\":\"ImageObject\",\"@id\":\"https:\/\/faya.unse.edu.ar\/index.php\/noticias\/2019\/gestion-de-residuos-quimicos\/#primaryimage\",\"inLanguage\":\"es-AR\",\"url\":\"https:\/\/faya.unse.edu.ar\/wp-content\/uploads\/Screenshot_20190604-213248_Canva.jpg\",\"contentUrl\":\"https:\/\/faya.unse.edu.ar\/wp-content\/uploads\/Screenshot_20190604-213248_Canva.jpg\",\"width\":969,\"height\":974},{\"@type\":\"WebPage\",\"@id\":\"https:\/\/faya.unse.edu.ar\/index.php\/noticias\/2019\/gestion-de-residuos-quimicos\/#webpage\",\"url\":\"https:\/\/faya.unse.edu.ar\/index.php\/noticias\/2019\/gestion-de-residuos-quimicos\/\",\"name\":\"GESTI\\u00d3N DE RESIDUOS QU\\u00cdMICOS | Facultad de Agronom\\u00eda y Agroindustrias UNSE | FAyA UNSE\",\"isPartOf\":{\"@id\":\"https:\/\/faya.unse.edu.ar\/#website\"},\"primaryImageOfPage\":{\"@id\":\"https:\/\/faya.unse.edu.ar\/index.php\/noticias\/2019\/gestion-de-residuos-quimicos\/#primaryimage\"},\"datePublished\":\"2019-06-05T00:40:33+00:00\",\"dateModified\":\"2019-06-05T00:40:33+00:00\",\"author\":{\"@id\":\"https:\/\/faya.unse.edu.ar\/#\/schema\/person\/6759100fdfd04c998461a230bc877a42\"},\"breadcrumb\":{\"@id\":\"https:\/\/faya.unse.edu.ar\/index.php\/noticias\/2019\/gestion-de-residuos-quimicos\/#breadcrumb\"},\"inLanguage\":\"es-AR\",\"potentialAction\":[{\"@type\":\"ReadAction\",\"target\":[\"https:\/\/faya.unse.edu.ar\/index.php\/noticias\/2019\/gestion-de-residuos-quimicos\/\"]}]},{\"@type\":\"BreadcrumbList\",\"@id\":\"https:\/\/faya.unse.edu.ar\/index.php\/noticias\/2019\/gestion-de-residuos-quimicos\/#breadcrumb\",\"itemListElement\":[{\"@type\":\"ListItem\",\"position\":1,\"name\":\"Home\",\"item\":\"https:\/\/faya.unse.edu.ar\/\"},{\"@type\":\"ListItem\",\"position\":2,\"name\":\"GESTI\\u00d3N DE RESIDUOS QU\\u00cdMICOS\"}]},{\"@type\":\"Person\",\"@id\":\"https:\/\/faya.unse.edu.ar\/#\/schema\/person\/6759100fdfd04c998461a230bc877a42\",\"name\":\"Comunicaci\\u00f3n FAyA\",\"url\":\"https:\/\/faya.unse.edu.ar\/index.php\/author\/ariel_jugo\/\"}]}<\/script>\n<!-- \/ Yoast SEO plugin. -->","yoast_head_json":{"robots":{"index":"index","follow":"follow","max-snippet":"max-snippet:-1","max-image-preview":"max-image-preview:large","max-video-preview":"max-video-preview:-1"},"canonical":"https:\/\/faya.unse.edu.ar\/index.php\/noticias\/2019\/gestion-de-residuos-quimicos\/","og_locale":"es_ES","og_type":"article","og_title":"GESTI\u00d3N DE RESIDUOS QU\u00cdMICOS | Facultad de Agronom\u00eda y Agroindustrias UNSE | FAyA UNSE","og_description":"Aunque la cantidad de residuos generada es relativamente peque\u00f1a y variable con el tiempo, es obligatorio y necesario realizar un procedimiento de gesti\u00f3n espec\u00edfico para evitar da\u00f1os a la salud de las personas y al medio ambiente, ya que la identificaci\u00f3n o almacenamiento inadecuado de...","og_url":"https:\/\/faya.unse.edu.ar\/index.php\/noticias\/2019\/gestion-de-residuos-quimicos\/","og_site_name":"Facultad de Agronom\u00eda y Agroindustrias UNSE | FAyA UNSE","article_publisher":"https:\/\/www.facebook.com\/agroUNSE\/","article_published_time":"2019-06-05T00:40:33+00:00","og_image":[{"width":969,"height":974,"url":"https:\/\/faya.unse.edu.ar\/wp-content\/uploads\/Screenshot_20190604-213248_Canva.jpg","type":"image\/jpeg"}],"twitter_card":"summary_large_image","twitter_creator":"@fayaunse","twitter_site":"@fayaunse","twitter_misc":{"Escrito por":"Comunicaci\u00f3n FAyA","Tiempo de lectura":"3 minutos"},"schema":{"@context":"https:\/\/schema.org","@graph":[{"@type":"WebSite","@id":"https:\/\/faya.unse.edu.ar\/#website","url":"https:\/\/faya.unse.edu.ar\/","name":"Facultad de Agronom\u00eda y Agroindustrias UNSE | FAyA UNSE","description":"","potentialAction":[{"@type":"SearchAction","target":{"@type":"EntryPoint","urlTemplate":"https:\/\/faya.unse.edu.ar\/?s={search_term_string}"},"query-input":"required name=search_term_string"}],"inLanguage":"es-AR"},{"@type":"ImageObject","@id":"https:\/\/faya.unse.edu.ar\/index.php\/noticias\/2019\/gestion-de-residuos-quimicos\/#primaryimage","inLanguage":"es-AR","url":"https:\/\/faya.unse.edu.ar\/wp-content\/uploads\/Screenshot_20190604-213248_Canva.jpg","contentUrl":"https:\/\/faya.unse.edu.ar\/wp-content\/uploads\/Screenshot_20190604-213248_Canva.jpg","width":969,"height":974},{"@type":"WebPage","@id":"https:\/\/faya.unse.edu.ar\/index.php\/noticias\/2019\/gestion-de-residuos-quimicos\/#webpage","url":"https:\/\/faya.unse.edu.ar\/index.php\/noticias\/2019\/gestion-de-residuos-quimicos\/","name":"GESTI\u00d3N DE RESIDUOS QU\u00cdMICOS | Facultad de Agronom\u00eda y Agroindustrias UNSE | FAyA UNSE","isPartOf":{"@id":"https:\/\/faya.unse.edu.ar\/#website"},"primaryImageOfPage":{"@id":"https:\/\/faya.unse.edu.ar\/index.php\/noticias\/2019\/gestion-de-residuos-quimicos\/#primaryimage"},"datePublished":"2019-06-05T00:40:33+00:00","dateModified":"2019-06-05T00:40:33+00:00","author":{"@id":"https:\/\/faya.unse.edu.ar\/#\/schema\/person\/6759100fdfd04c998461a230bc877a42"},"breadcrumb":{"@id":"https:\/\/faya.unse.edu.ar\/index.php\/noticias\/2019\/gestion-de-residuos-quimicos\/#breadcrumb"},"inLanguage":"es-AR","potentialAction":[{"@type":"ReadAction","target":["https:\/\/faya.unse.edu.ar\/index.php\/noticias\/2019\/gestion-de-residuos-quimicos\/"]}]},{"@type":"BreadcrumbList","@id":"https:\/\/faya.unse.edu.ar\/index.php\/noticias\/2019\/gestion-de-residuos-quimicos\/#breadcrumb","itemListElement":[{"@type":"ListItem","position":1,"name":"Home","item":"https:\/\/faya.unse.edu.ar\/"},{"@type":"ListItem","position":2,"name":"GESTI\u00d3N DE RESIDUOS QU\u00cdMICOS"}]},{"@type":"Person","@id":"https:\/\/faya.unse.edu.ar\/#\/schema\/person\/6759100fdfd04c998461a230bc877a42","name":"Comunicaci\u00f3n FAyA","url":"https:\/\/faya.unse.edu.ar\/index.php\/author\/ariel_jugo\/"}]}},"_links":{"self":[{"href":"https:\/\/faya.unse.edu.ar\/index.php\/wp-json\/wp\/v2\/posts\/19622"}],"collection":[{"href":"https:\/\/faya.unse.edu.ar\/index.php\/wp-json\/wp\/v2\/posts"}],"about":[{"href":"https:\/\/faya.unse.edu.ar\/index.php\/wp-json\/wp\/v2\/types\/post"}],"author":[{"embeddable":true,"href":"https:\/\/faya.unse.edu.ar\/index.php\/wp-json\/wp\/v2\/users\/2"}],"replies":[{"embeddable":true,"href":"https:\/\/faya.unse.edu.ar\/index.php\/wp-json\/wp\/v2\/comments?post=19622"}],"version-history":[{"count":1,"href":"https:\/\/faya.unse.edu.ar\/index.php\/wp-json\/wp\/v2\/posts\/19622\/revisions"}],"predecessor-version":[{"id":19624,"href":"https:\/\/faya.unse.edu.ar\/index.php\/wp-json\/wp\/v2\/posts\/19622\/revisions\/19624"}],"wp:featuredmedia":[{"embeddable":true,"href":"https:\/\/faya.unse.edu.ar\/index.php\/wp-json\/wp\/v2\/media\/19623"}],"wp:attachment":[{"href":"https:\/\/faya.unse.edu.ar\/index.php\/wp-json\/wp\/v2\/media?parent=19622"}],"wp:term":[{"taxonomy":"category","embeddable":true,"href":"https:\/\/faya.unse.edu.ar\/index.php\/wp-json\/wp\/v2\/categories?post=19622"},{"taxonomy":"post_tag","embeddable":true,"href":"https:\/\/faya.unse.edu.ar\/index.php\/wp-json\/wp\/v2\/tags?post=19622"}],"curies":[{"name":"wp","href":"https:\/\/api.w.org\/{rel}","templated":true}]}}