{"id":19974,"date":"2019-07-04T19:48:57","date_gmt":"2019-07-04T22:48:57","guid":{"rendered":"http:\/\/faya.unse.edu.ar\/?p=19974"},"modified":"2019-07-04T19:48:57","modified_gmt":"2019-07-04T22:48:57","slug":"nueva-convocatoria-para-movilidades-rtf","status":"publish","type":"post","link":"https:\/\/faya.unse.edu.ar\/index.php\/noticias\/2019\/nueva-convocatoria-para-movilidades-rtf\/","title":{"rendered":"NUEVA CONVOCATORIA PARA MOVILIDADES RTF"},"content":{"rendered":"<p>Nueva convocatoria para Movilidades RTF<br \/>\nLa Secretar\u00eda de Pol\u00edticas Universitarias lanza una nueva edici\u00f3n de la convocatoria de \u201cMovilidades RTF\u201d, una iniciativa que permite a los estudiantes cursar materias, ciclos o pr\u00e1cticas en carreras y universidades distintas a la suya. Se realizar\u00e1 una reuni\u00f3n informativa, el d\u00eda 31 de julio a las 11 en el Sal\u00f3n Graciela Barchini.<br \/>\nDurante el segundo semestre de 2019, tendr\u00e1n la posibilidad de realizar esta experiencia quienes est\u00e9n cursando carreras relacionadas a Ingenier\u00eda, Inform\u00e1tica, Arquitectura y Dise\u00f1o, Veterinaria, Forestal, Zootecnista, Agron\u00f3micas y afines, Qu\u00edmicas, Biol\u00f3gicas y afines, Medicina u Odontolog\u00eda, de las universidades participantes de la convocatoria.<br \/>\nCon esta movilidad, los estudiantes podr\u00e1n optar por trasladarse por un semestre a otra universidad y realizar materias de su propia carrera o de la misma familia (por ejemplo un estudiante de Arquitectura podr\u00e1 cursar materias de Dise\u00f1o Visual, o un alumno de Qu\u00edmica hacerlo en Biolog\u00eda). De este modo, tendr\u00e1n la posibilidad de conocer c\u00f3mo se ense\u00f1an los mismos contenidos en otra instituci\u00f3n, o adquirir conocimientos que no est\u00e1n contemplados en su propio plan de estudios pero que s\u00ed son \u00fatiles para ampliar su formaci\u00f3n profesional. Al regresar, todo lo que curs\u00f3 y aprob\u00f3 durante esta experiencia le ser\u00e1 reconocido.<br \/>\nLos interesados podr\u00e1n consultar las carreras y destinos disponibles en la Secretar\u00eda Acad\u00e9mica de su Facultad antes del comienzo del segundo cuatrimestre.<br \/>\nUniversidades participantes de la convocatoria de Movilidades:<br \/>\nUniversidad Nacional Arturo Jauretche<br \/>\nUniversidad Nacional de Avellaneda<br \/>\nUniversidad Nacional de Catamarca<br \/>\nUniversidad Nacional de C\u00f3rdoba<br \/>\nUniversidad Nacional de Cuyo<br \/>\nUniversidad Nacional de Formosa<br \/>\nUniversidad Nacional de General San Mart\u00edn<br \/>\nUniversidad Nacional de Hurlingham<br \/>\nUniversidad Nacional de Jujuy<br \/>\nUniversidad Nacional de La Matanza<br \/>\nUniversidad Nacional de La Pampa<br \/>\nUniversidad Nacional de la Patagonia Austral<br \/>\nUniversidad Nacional de la Patagonia San Juan Bosco<br \/>\nUniversidad Nacional de La Plata<br \/>\nUniversidad Nacional de Mar del Plata<br \/>\nUniversidad Nacional de Misiones<br \/>\nUniversidad Nacional de Moreno<br \/>\nUniversidad Nacional de R\u00edo Cuarto<br \/>\nUniversidad Nacional de R\u00edo Negro<br \/>\nUniversidad Nacional de Rosario<br \/>\nUniversidad Nacional de Salta<br \/>\nUniversidad Nacional de San Luis<br \/>\nUniversidad Nacional de Santiago del Estero<br \/>\nUniversidad Nacional de Tucum\u00e1n<br \/>\nUniversidad Nacional de Villa Mercedes<br \/>\nUniversidad Nacional del Centro de la Provincia de Buenos Aires<br \/>\nUniversidad Nacional del Litoral<br \/>\nUniversidad Nacional del Nordeste<br \/>\nUniversidad Nacional del Noroeste de la Provincia de Buenos Aires<br \/>\nUniversidad Nacional del Sur<br \/>\nUniversidad Provincial de C\u00f3rdoba<br \/>\nUniversidad Atl\u00e1ntida Argentina<br \/>\nUniversidad Aut\u00f3noma de Entre R\u00edos<br \/>\nUniversidad CAECE<br \/>\nUniversidad Cat\u00f3lica de C\u00f3rdoba<br \/>\nUniversidad Cat\u00f3lica de Salta<br \/>\nUniversidad de Concepci\u00f3n del Uruguay<br \/>\nUniversidad de la Fraternidad de Agrupaciones Santo Tom\u00e1s de Aquino<br \/>\nUniversidad de Mendoza<br \/>\nUniversidad del Salvador<br \/>\nUniversidad Empresarial Siglo 21<br \/>\nUniversidad Gast\u00f3n Dachary<br \/>\nUniversidad Juan Agust\u00edn Maza<\/p>\n<p>Condiciones para los postulantes<br \/>\nLos interesados en participar deber\u00e1n cumplir con las siguientes condiciones:<br \/>\n\u2022 Ser estudiantes de alguna de las carreras incluidas en los convenios de reconocimiento de trayectos formativos firmados por la instituci\u00f3n.<br \/>\n\u2022 Tener regularizadas, al menos, todas las actividades curriculares previstas en el primer y segundo a\u00f1o del plan de estudios.<br \/>\n\u2022 Regresar a la instituci\u00f3n al finalizar la movilidad financiada (no se financian pases de universidad).<br \/>\n\u2022 Cualquier otro requisito que establezca la instituci\u00f3n de origen y no sean contradictorios con la presente convocatoria.<\/p>\n<p>\u00bfQu\u00e9 recibe el estudiante?<br \/>\n\u2022 Un pasaje de ida y un pasaje de vuelta a la universidad que le corresponda.<br \/>\n\u2022 Seguro de salud y vida.<br \/>\n\u2022 Manutenci\u00f3n, por semestre para alojamiento y alimento.<\/p>\n<p>Informaci\u00f3n complementaria<br \/>\n\u00bfQu\u00e9 es el Sistema Nacional de Reconocimiento Acad\u00e9mico (SNRA)?<br \/>\nLa Secretar\u00eda de Pol\u00edticas Universitarias (SPU), a trav\u00e9s del Programa de Calidad Universitaria, implement\u00f3 el Sistema Nacional de Reconocimiento Acad\u00e9mico (SNRA) creado por Resoluci\u00f3n Ministerial N\u00ba 1870\/2016, conformado por las Instituciones de Educaci\u00f3n Superior que han adherido voluntariamente a formar parte, comprometi\u00e9ndose al reconocimiento de estudios, con el fin de mejorar las capacidades de articulaci\u00f3n inter-sistema y de potenciar recursos y capacidades institucionales mediante la articulaci\u00f3n.<\/p>\n<p>\u00bfQu\u00e9 son los RTF?<br \/>\n\u2022 Reconocimiento de Trayecto Formativo o RTF es la unidad de medida en base a la cual se efectuar\u00e1 el reconocimiento acad\u00e9mico de trayectos de formaci\u00f3n de los estudiantes bajo el Sistema Nacional de Reconocimiento Acad\u00e9mico.<br \/>\n\u2022 El RTF estima en horas el tiempo de trabajo total del estudiante para el cumplimiento de los requisitos de aprobaci\u00f3n establecido en el plan de estudios correspondiente.<br \/>\n\u2022 Un a\u00f1o acad\u00e9mico equivale a sesenta (60) unidades de RTF y cada unidad de RTF, en funci\u00f3n de la legislaci\u00f3n vigente, representa entre veintisiete (27) y treinta (30) horas de dedicaci\u00f3n total del estudiante.<\/p>\n<p>Simulador web de trayectorias estudiantiles: a trav\u00e9s del cual podr\u00e1s consultar de manera simple y \u00e1gil los trayectos que te ser\u00e1n reconocidos por cada instituci\u00f3n en caso de que quieras hacer una movilidad en otra instituci\u00f3n. Para acceder al Simulador hace clic en el siguiente link: http:\/\/rtfsimulador.siu.edu.ar\/<\/p>\n<p>Video instructivo para el uso del Simulador: https:\/\/youtu.be\/ehjzczCeG48<\/p>\n<p>Por m\u00e1s informaci\u00f3n:<\/p>\n<p>vinculacionfaya@gmail.com<\/p>\n<p>academicafaya@gmail.com<\/p>\n","protected":false},"excerpt":{"rendered":"<p>Nueva convocatoria para Movilidades RTF La Secretar\u00eda de Pol\u00edticas Universitarias lanza una nueva edici\u00f3n de la convocatoria de \u201cMovilidades RTF\u201d, una iniciativa que permite a los estudiantes cursar materias, ciclos o pr\u00e1cticas en carreras y universidades distintas a la suya. Se realizar\u00e1 una reuni\u00f3n informativa,&#8230;<\/p>\n","protected":false},"author":2,"featured_media":19973,"comment_status":"open","ping_status":"open","sticky":false,"template":"","format":"standard","meta":{"_mi_skip_tracking":false},"categories":[5],"tags":[],"yoast_head":"<!-- This site is optimized with the Yoast SEO plugin v17.7.1 - https:\/\/yoast.com\/wordpress\/plugins\/seo\/ -->\n<meta name=\"robots\" content=\"index, follow, max-snippet:-1, max-image-preview:large, max-video-preview:-1\" \/>\n<link rel=\"canonical\" href=\"https:\/\/faya.unse.edu.ar\/index.php\/noticias\/2019\/nueva-convocatoria-para-movilidades-rtf\/\" \/>\n<meta property=\"og:locale\" content=\"es_ES\" \/>\n<meta property=\"og:type\" content=\"article\" \/>\n<meta property=\"og:title\" content=\"NUEVA CONVOCATORIA PARA MOVILIDADES RTF | Facultad de Agronom\u00eda y Agroindustrias UNSE | FAyA UNSE\" \/>\n<meta property=\"og:description\" content=\"Nueva convocatoria para Movilidades RTF La Secretar\u00eda de Pol\u00edticas Universitarias lanza una nueva edici\u00f3n de la convocatoria de \u201cMovilidades RTF\u201d, una iniciativa que permite a los estudiantes cursar materias, ciclos o pr\u00e1cticas en carreras y universidades distintas a la suya. Se realizar\u00e1 una reuni\u00f3n informativa,...\" \/>\n<meta property=\"og:url\" content=\"https:\/\/faya.unse.edu.ar\/index.php\/noticias\/2019\/nueva-convocatoria-para-movilidades-rtf\/\" \/>\n<meta property=\"og:site_name\" content=\"Facultad de Agronom\u00eda y Agroindustrias UNSE | FAyA UNSE\" \/>\n<meta property=\"article:publisher\" content=\"https:\/\/www.facebook.com\/agroUNSE\/\" \/>\n<meta property=\"article:published_time\" content=\"2019-07-04T22:48:57+00:00\" \/>\n<meta property=\"og:image\" content=\"https:\/\/faya.unse.edu.ar\/wp-content\/uploads\/IMG-20190704-WA0041.jpg\" \/>\n\t<meta property=\"og:image:width\" content=\"1200\" \/>\n\t<meta property=\"og:image:height\" content=\"695\" \/>\n<meta name=\"twitter:card\" content=\"summary_large_image\" \/>\n<meta name=\"twitter:creator\" content=\"@fayaunse\" \/>\n<meta name=\"twitter:site\" content=\"@fayaunse\" \/>\n<meta name=\"twitter:label1\" content=\"Escrito por\" \/>\n\t<meta name=\"twitter:data1\" content=\"Comunicaci\u00f3n FAyA\" \/>\n\t<meta name=\"twitter:label2\" content=\"Tiempo de lectura\" \/>\n\t<meta name=\"twitter:data2\" content=\"4 minutos\" \/>\n<script type=\"application\/ld+json\" class=\"yoast-schema-graph\">{\"@context\":\"https:\/\/schema.org\",\"@graph\":[{\"@type\":\"WebSite\",\"@id\":\"https:\/\/faya.unse.edu.ar\/#website\",\"url\":\"https:\/\/faya.unse.edu.ar\/\",\"name\":\"Facultad de Agronom\\u00eda y Agroindustrias UNSE | FAyA UNSE\",\"description\":\"\",\"potentialAction\":[{\"@type\":\"SearchAction\",\"target\":{\"@type\":\"EntryPoint\",\"urlTemplate\":\"https:\/\/faya.unse.edu.ar\/?s={search_term_string}\"},\"query-input\":\"required name=search_term_string\"}],\"inLanguage\":\"es-AR\"},{\"@type\":\"ImageObject\",\"@id\":\"https:\/\/faya.unse.edu.ar\/index.php\/noticias\/2019\/nueva-convocatoria-para-movilidades-rtf\/#primaryimage\",\"inLanguage\":\"es-AR\",\"url\":\"https:\/\/faya.unse.edu.ar\/wp-content\/uploads\/IMG-20190704-WA0041.jpg\",\"contentUrl\":\"https:\/\/faya.unse.edu.ar\/wp-content\/uploads\/IMG-20190704-WA0041.jpg\",\"width\":1200,\"height\":695},{\"@type\":\"WebPage\",\"@id\":\"https:\/\/faya.unse.edu.ar\/index.php\/noticias\/2019\/nueva-convocatoria-para-movilidades-rtf\/#webpage\",\"url\":\"https:\/\/faya.unse.edu.ar\/index.php\/noticias\/2019\/nueva-convocatoria-para-movilidades-rtf\/\",\"name\":\"NUEVA CONVOCATORIA PARA MOVILIDADES RTF | Facultad de Agronom\\u00eda y Agroindustrias UNSE | FAyA UNSE\",\"isPartOf\":{\"@id\":\"https:\/\/faya.unse.edu.ar\/#website\"},\"primaryImageOfPage\":{\"@id\":\"https:\/\/faya.unse.edu.ar\/index.php\/noticias\/2019\/nueva-convocatoria-para-movilidades-rtf\/#primaryimage\"},\"datePublished\":\"2019-07-04T22:48:57+00:00\",\"dateModified\":\"2019-07-04T22:48:57+00:00\",\"author\":{\"@id\":\"https:\/\/faya.unse.edu.ar\/#\/schema\/person\/6759100fdfd04c998461a230bc877a42\"},\"breadcrumb\":{\"@id\":\"https:\/\/faya.unse.edu.ar\/index.php\/noticias\/2019\/nueva-convocatoria-para-movilidades-rtf\/#breadcrumb\"},\"inLanguage\":\"es-AR\",\"potentialAction\":[{\"@type\":\"ReadAction\",\"target\":[\"https:\/\/faya.unse.edu.ar\/index.php\/noticias\/2019\/nueva-convocatoria-para-movilidades-rtf\/\"]}]},{\"@type\":\"BreadcrumbList\",\"@id\":\"https:\/\/faya.unse.edu.ar\/index.php\/noticias\/2019\/nueva-convocatoria-para-movilidades-rtf\/#breadcrumb\",\"itemListElement\":[{\"@type\":\"ListItem\",\"position\":1,\"name\":\"Home\",\"item\":\"https:\/\/faya.unse.edu.ar\/\"},{\"@type\":\"ListItem\",\"position\":2,\"name\":\"NUEVA CONVOCATORIA PARA MOVILIDADES RTF\"}]},{\"@type\":\"Person\",\"@id\":\"https:\/\/faya.unse.edu.ar\/#\/schema\/person\/6759100fdfd04c998461a230bc877a42\",\"name\":\"Comunicaci\\u00f3n FAyA\",\"url\":\"https:\/\/faya.unse.edu.ar\/index.php\/author\/ariel_jugo\/\"}]}<\/script>\n<!-- \/ Yoast SEO plugin. -->","yoast_head_json":{"robots":{"index":"index","follow":"follow","max-snippet":"max-snippet:-1","max-image-preview":"max-image-preview:large","max-video-preview":"max-video-preview:-1"},"canonical":"https:\/\/faya.unse.edu.ar\/index.php\/noticias\/2019\/nueva-convocatoria-para-movilidades-rtf\/","og_locale":"es_ES","og_type":"article","og_title":"NUEVA CONVOCATORIA PARA MOVILIDADES RTF | Facultad de Agronom\u00eda y Agroindustrias UNSE | FAyA UNSE","og_description":"Nueva convocatoria para Movilidades RTF La Secretar\u00eda de Pol\u00edticas Universitarias lanza una nueva edici\u00f3n de la convocatoria de \u201cMovilidades RTF\u201d, una iniciativa que permite a los estudiantes cursar materias, ciclos o pr\u00e1cticas en carreras y universidades distintas a la suya. Se realizar\u00e1 una reuni\u00f3n informativa,...","og_url":"https:\/\/faya.unse.edu.ar\/index.php\/noticias\/2019\/nueva-convocatoria-para-movilidades-rtf\/","og_site_name":"Facultad de Agronom\u00eda y Agroindustrias UNSE | FAyA UNSE","article_publisher":"https:\/\/www.facebook.com\/agroUNSE\/","article_published_time":"2019-07-04T22:48:57+00:00","og_image":[{"width":1200,"height":695,"url":"https:\/\/faya.unse.edu.ar\/wp-content\/uploads\/IMG-20190704-WA0041.jpg","type":"image\/jpeg"}],"twitter_card":"summary_large_image","twitter_creator":"@fayaunse","twitter_site":"@fayaunse","twitter_misc":{"Escrito por":"Comunicaci\u00f3n FAyA","Tiempo de lectura":"4 minutos"},"schema":{"@context":"https:\/\/schema.org","@graph":[{"@type":"WebSite","@id":"https:\/\/faya.unse.edu.ar\/#website","url":"https:\/\/faya.unse.edu.ar\/","name":"Facultad de Agronom\u00eda y Agroindustrias UNSE | FAyA UNSE","description":"","potentialAction":[{"@type":"SearchAction","target":{"@type":"EntryPoint","urlTemplate":"https:\/\/faya.unse.edu.ar\/?s={search_term_string}"},"query-input":"required name=search_term_string"}],"inLanguage":"es-AR"},{"@type":"ImageObject","@id":"https:\/\/faya.unse.edu.ar\/index.php\/noticias\/2019\/nueva-convocatoria-para-movilidades-rtf\/#primaryimage","inLanguage":"es-AR","url":"https:\/\/faya.unse.edu.ar\/wp-content\/uploads\/IMG-20190704-WA0041.jpg","contentUrl":"https:\/\/faya.unse.edu.ar\/wp-content\/uploads\/IMG-20190704-WA0041.jpg","width":1200,"height":695},{"@type":"WebPage","@id":"https:\/\/faya.unse.edu.ar\/index.php\/noticias\/2019\/nueva-convocatoria-para-movilidades-rtf\/#webpage","url":"https:\/\/faya.unse.edu.ar\/index.php\/noticias\/2019\/nueva-convocatoria-para-movilidades-rtf\/","name":"NUEVA CONVOCATORIA PARA MOVILIDADES RTF | Facultad de Agronom\u00eda y Agroindustrias UNSE | FAyA UNSE","isPartOf":{"@id":"https:\/\/faya.unse.edu.ar\/#website"},"primaryImageOfPage":{"@id":"https:\/\/faya.unse.edu.ar\/index.php\/noticias\/2019\/nueva-convocatoria-para-movilidades-rtf\/#primaryimage"},"datePublished":"2019-07-04T22:48:57+00:00","dateModified":"2019-07-04T22:48:57+00:00","author":{"@id":"https:\/\/faya.unse.edu.ar\/#\/schema\/person\/6759100fdfd04c998461a230bc877a42"},"breadcrumb":{"@id":"https:\/\/faya.unse.edu.ar\/index.php\/noticias\/2019\/nueva-convocatoria-para-movilidades-rtf\/#breadcrumb"},"inLanguage":"es-AR","potentialAction":[{"@type":"ReadAction","target":["https:\/\/faya.unse.edu.ar\/index.php\/noticias\/2019\/nueva-convocatoria-para-movilidades-rtf\/"]}]},{"@type":"BreadcrumbList","@id":"https:\/\/faya.unse.edu.ar\/index.php\/noticias\/2019\/nueva-convocatoria-para-movilidades-rtf\/#breadcrumb","itemListElement":[{"@type":"ListItem","position":1,"name":"Home","item":"https:\/\/faya.unse.edu.ar\/"},{"@type":"ListItem","position":2,"name":"NUEVA CONVOCATORIA PARA MOVILIDADES RTF"}]},{"@type":"Person","@id":"https:\/\/faya.unse.edu.ar\/#\/schema\/person\/6759100fdfd04c998461a230bc877a42","name":"Comunicaci\u00f3n FAyA","url":"https:\/\/faya.unse.edu.ar\/index.php\/author\/ariel_jugo\/"}]}},"_links":{"self":[{"href":"https:\/\/faya.unse.edu.ar\/index.php\/wp-json\/wp\/v2\/posts\/19974"}],"collection":[{"href":"https:\/\/faya.unse.edu.ar\/index.php\/wp-json\/wp\/v2\/posts"}],"about":[{"href":"https:\/\/faya.unse.edu.ar\/index.php\/wp-json\/wp\/v2\/types\/post"}],"author":[{"embeddable":true,"href":"https:\/\/faya.unse.edu.ar\/index.php\/wp-json\/wp\/v2\/users\/2"}],"replies":[{"embeddable":true,"href":"https:\/\/faya.unse.edu.ar\/index.php\/wp-json\/wp\/v2\/comments?post=19974"}],"version-history":[{"count":1,"href":"https:\/\/faya.unse.edu.ar\/index.php\/wp-json\/wp\/v2\/posts\/19974\/revisions"}],"predecessor-version":[{"id":19975,"href":"https:\/\/faya.unse.edu.ar\/index.php\/wp-json\/wp\/v2\/posts\/19974\/revisions\/19975"}],"wp:featuredmedia":[{"embeddable":true,"href":"https:\/\/faya.unse.edu.ar\/index.php\/wp-json\/wp\/v2\/media\/19973"}],"wp:attachment":[{"href":"https:\/\/faya.unse.edu.ar\/index.php\/wp-json\/wp\/v2\/media?parent=19974"}],"wp:term":[{"taxonomy":"category","embeddable":true,"href":"https:\/\/faya.unse.edu.ar\/index.php\/wp-json\/wp\/v2\/categories?post=19974"},{"taxonomy":"post_tag","embeddable":true,"href":"https:\/\/faya.unse.edu.ar\/index.php\/wp-json\/wp\/v2\/tags?post=19974"}],"curies":[{"name":"wp","href":"https:\/\/api.w.org\/{rel}","templated":true}]}}