{"id":25454,"date":"2020-10-28T16:07:22","date_gmt":"2020-10-28T19:07:22","guid":{"rendered":"http:\/\/faya.unse.edu.ar\/?p=25454"},"modified":"2020-10-28T16:35:23","modified_gmt":"2020-10-28T19:35:23","slug":"modificacion-transitoria-del-acuerdo-especifico-de-practica-profesional-supervisada","status":"publish","type":"post","link":"https:\/\/faya.unse.edu.ar\/index.php\/extension\/2020\/modificacion-transitoria-del-acuerdo-especifico-de-practica-profesional-supervisada\/","title":{"rendered":"MODIFICACI\u00d3N TRANSITORIA DEL ACUERDO ESPEC\u00cdFICO DE PR\u00c1CTICA PROFESIONAL SUPERVISADA"},"content":{"rendered":"<p>El Consejo Directivo de la Facultad de Agronom\u00eda y Agroindustrias de la UNSE, aprob\u00f3 la <strong>Modificaci\u00f3n transitoria del Acuerdo Individual Espec\u00edfico durante el per\u00edodo de Emergencia Sanitaria COVID-19<\/strong>, <a href=\"https:\/\/faya.unse.edu.ar\/wp-content\/uploads\/Res-CDFAA-078-2020-Aprueba-modificacion-Acuerdo-Individual-Especifico-PPS.pdf\"><strong>Res CDFAA 078\/2020<\/strong><\/a>, en virtud de lo cual se reinician pasant\u00edas educativas y pr\u00e1cticas profesionales supervisadas, modalidad de presentaci\u00f3n de tr\u00e1mite virtual.<\/p>\n<p><strong>Los docentes FAyA que obren como tutores internos de los alumnos, deber\u00e1n enviar la siguiente documentaci\u00f3n, en formato PDF, al correo electr\u00f3nico gcoronel@unse.edu.ar:<\/strong><\/p>\n<p><strong>1)<\/strong> nota de solicitud de la actividad (o de reconocimiento, si ya se hubiese realizado la pr\u00e1ctica), dirigida a Directora de la Escuela correspondiente (Agronom\u00eda o Alimentos), firmada por dicho tutor FAyA y escaneada. Consignar en el cuerpo de la nota, t\u00edtulo de la Pr\u00e1ctica, per\u00edodo, nombre de la Entidad receptora, datos del estudiante (Nombre completo, DNI, Legajo, domicilio, correo electr\u00f3nico, tel\u00e9fono, ), conformidad y datos del tutor externo en Entidad Receptora (Nombre completo, DNI, correo electr\u00f3nico, tel\u00e9fono).<\/p>\n<p><strong>2)<\/strong> el plan de trabajo propuesto escaneado. En caso de solicitar reconocimiento, se deber\u00e1 adjuntar el informe escaneado.<\/p>\n<p>&nbsp;<\/p>\n<p><a href=\"https:\/\/faya.unse.edu.ar\/wp-content\/uploads\/Res-CDFAA-078-2020-Aprueba-modificacion-Acuerdo-Individual-Especifico-PPS.pdf\"><strong>Res CDFAA 078\/2020<\/strong><\/a><\/p>\n","protected":false},"excerpt":{"rendered":"<p>El Consejo Directivo de la Facultad de Agronom\u00eda y Agroindustrias de la UNSE, aprob\u00f3 la Modificaci\u00f3n transitoria del Acuerdo Individual Espec\u00edfico durante el per\u00edodo de Emergencia Sanitaria COVID-19, Res CDFAA 078\/2020, en virtud de lo cual se reinician pasant\u00edas educativas y pr\u00e1cticas profesionales supervisadas, modalidad&#8230;<\/p>\n","protected":false},"author":2,"featured_media":25457,"comment_status":"open","ping_status":"open","sticky":false,"template":"","format":"standard","meta":{"_mi_skip_tracking":false},"categories":[5,160],"tags":[],"yoast_head":"<!-- This site is optimized with the Yoast SEO plugin v17.7.1 - https:\/\/yoast.com\/wordpress\/plugins\/seo\/ -->\n<meta name=\"robots\" content=\"index, follow, max-snippet:-1, max-image-preview:large, max-video-preview:-1\" \/>\n<link rel=\"canonical\" href=\"https:\/\/faya.unse.edu.ar\/index.php\/extension\/2020\/modificacion-transitoria-del-acuerdo-especifico-de-practica-profesional-supervisada\/\" \/>\n<meta property=\"og:locale\" content=\"es_ES\" \/>\n<meta property=\"og:type\" content=\"article\" \/>\n<meta property=\"og:title\" content=\"MODIFICACI\u00d3N TRANSITORIA DEL ACUERDO ESPEC\u00cdFICO DE PR\u00c1CTICA PROFESIONAL SUPERVISADA | Facultad de Agronom\u00eda y Agroindustrias UNSE | FAyA UNSE\" \/>\n<meta property=\"og:description\" content=\"El Consejo Directivo de la Facultad de Agronom\u00eda y Agroindustrias de la UNSE, aprob\u00f3 la Modificaci\u00f3n transitoria del Acuerdo Individual Espec\u00edfico durante el per\u00edodo de Emergencia Sanitaria COVID-19, Res CDFAA 078\/2020, en virtud de lo cual se reinician pasant\u00edas educativas y pr\u00e1cticas profesionales supervisadas, modalidad...\" \/>\n<meta property=\"og:url\" content=\"https:\/\/faya.unse.edu.ar\/index.php\/extension\/2020\/modificacion-transitoria-del-acuerdo-especifico-de-practica-profesional-supervisada\/\" \/>\n<meta property=\"og:site_name\" content=\"Facultad de Agronom\u00eda y Agroindustrias UNSE | FAyA UNSE\" \/>\n<meta property=\"article:publisher\" content=\"https:\/\/www.facebook.com\/agroUNSE\/\" \/>\n<meta property=\"article:published_time\" content=\"2020-10-28T19:07:22+00:00\" \/>\n<meta property=\"article:modified_time\" content=\"2020-10-28T19:35:23+00:00\" \/>\n<meta property=\"og:image\" content=\"https:\/\/faya.unse.edu.ar\/wp-content\/uploads\/Modificacion-acuerdo-pps.jpg\" \/>\n\t<meta property=\"og:image:width\" content=\"1920\" \/>\n\t<meta property=\"og:image:height\" content=\"1080\" \/>\n<meta name=\"twitter:card\" content=\"summary_large_image\" \/>\n<meta name=\"twitter:creator\" content=\"@fayaunse\" \/>\n<meta name=\"twitter:site\" content=\"@fayaunse\" \/>\n<meta name=\"twitter:label1\" content=\"Escrito por\" \/>\n\t<meta name=\"twitter:data1\" content=\"Comunicaci\u00f3n FAyA\" \/>\n\t<meta name=\"twitter:label2\" content=\"Tiempo de lectura\" \/>\n\t<meta name=\"twitter:data2\" content=\"1 minuto\" \/>\n<script type=\"application\/ld+json\" class=\"yoast-schema-graph\">{\"@context\":\"https:\/\/schema.org\",\"@graph\":[{\"@type\":\"WebSite\",\"@id\":\"https:\/\/faya.unse.edu.ar\/#website\",\"url\":\"https:\/\/faya.unse.edu.ar\/\",\"name\":\"Facultad de Agronom\\u00eda y Agroindustrias UNSE | FAyA UNSE\",\"description\":\"\",\"potentialAction\":[{\"@type\":\"SearchAction\",\"target\":{\"@type\":\"EntryPoint\",\"urlTemplate\":\"https:\/\/faya.unse.edu.ar\/?s={search_term_string}\"},\"query-input\":\"required name=search_term_string\"}],\"inLanguage\":\"es-AR\"},{\"@type\":\"ImageObject\",\"@id\":\"https:\/\/faya.unse.edu.ar\/index.php\/extension\/2020\/modificacion-transitoria-del-acuerdo-especifico-de-practica-profesional-supervisada\/#primaryimage\",\"inLanguage\":\"es-AR\",\"url\":\"https:\/\/faya.unse.edu.ar\/wp-content\/uploads\/Modificacion-acuerdo-pps.jpg\",\"contentUrl\":\"https:\/\/faya.unse.edu.ar\/wp-content\/uploads\/Modificacion-acuerdo-pps.jpg\",\"width\":1920,\"height\":1080},{\"@type\":\"WebPage\",\"@id\":\"https:\/\/faya.unse.edu.ar\/index.php\/extension\/2020\/modificacion-transitoria-del-acuerdo-especifico-de-practica-profesional-supervisada\/#webpage\",\"url\":\"https:\/\/faya.unse.edu.ar\/index.php\/extension\/2020\/modificacion-transitoria-del-acuerdo-especifico-de-practica-profesional-supervisada\/\",\"name\":\"MODIFICACI\\u00d3N TRANSITORIA DEL ACUERDO ESPEC\\u00cdFICO DE PR\\u00c1CTICA PROFESIONAL SUPERVISADA | Facultad de Agronom\\u00eda y Agroindustrias UNSE | FAyA UNSE\",\"isPartOf\":{\"@id\":\"https:\/\/faya.unse.edu.ar\/#website\"},\"primaryImageOfPage\":{\"@id\":\"https:\/\/faya.unse.edu.ar\/index.php\/extension\/2020\/modificacion-transitoria-del-acuerdo-especifico-de-practica-profesional-supervisada\/#primaryimage\"},\"datePublished\":\"2020-10-28T19:07:22+00:00\",\"dateModified\":\"2020-10-28T19:35:23+00:00\",\"author\":{\"@id\":\"https:\/\/faya.unse.edu.ar\/#\/schema\/person\/6759100fdfd04c998461a230bc877a42\"},\"breadcrumb\":{\"@id\":\"https:\/\/faya.unse.edu.ar\/index.php\/extension\/2020\/modificacion-transitoria-del-acuerdo-especifico-de-practica-profesional-supervisada\/#breadcrumb\"},\"inLanguage\":\"es-AR\",\"potentialAction\":[{\"@type\":\"ReadAction\",\"target\":[\"https:\/\/faya.unse.edu.ar\/index.php\/extension\/2020\/modificacion-transitoria-del-acuerdo-especifico-de-practica-profesional-supervisada\/\"]}]},{\"@type\":\"BreadcrumbList\",\"@id\":\"https:\/\/faya.unse.edu.ar\/index.php\/extension\/2020\/modificacion-transitoria-del-acuerdo-especifico-de-practica-profesional-supervisada\/#breadcrumb\",\"itemListElement\":[{\"@type\":\"ListItem\",\"position\":1,\"name\":\"Home\",\"item\":\"https:\/\/faya.unse.edu.ar\/\"},{\"@type\":\"ListItem\",\"position\":2,\"name\":\"MODIFICACI\\u00d3N TRANSITORIA DEL ACUERDO ESPEC\\u00cdFICO DE PR\\u00c1CTICA PROFESIONAL SUPERVISADA\"}]},{\"@type\":\"Person\",\"@id\":\"https:\/\/faya.unse.edu.ar\/#\/schema\/person\/6759100fdfd04c998461a230bc877a42\",\"name\":\"Comunicaci\\u00f3n FAyA\",\"url\":\"https:\/\/faya.unse.edu.ar\/index.php\/author\/ariel_jugo\/\"}]}<\/script>\n<!-- \/ Yoast SEO plugin. -->","yoast_head_json":{"robots":{"index":"index","follow":"follow","max-snippet":"max-snippet:-1","max-image-preview":"max-image-preview:large","max-video-preview":"max-video-preview:-1"},"canonical":"https:\/\/faya.unse.edu.ar\/index.php\/extension\/2020\/modificacion-transitoria-del-acuerdo-especifico-de-practica-profesional-supervisada\/","og_locale":"es_ES","og_type":"article","og_title":"MODIFICACI\u00d3N TRANSITORIA DEL ACUERDO ESPEC\u00cdFICO DE PR\u00c1CTICA PROFESIONAL SUPERVISADA | Facultad de Agronom\u00eda y Agroindustrias UNSE | FAyA UNSE","og_description":"El Consejo Directivo de la Facultad de Agronom\u00eda y Agroindustrias de la UNSE, aprob\u00f3 la Modificaci\u00f3n transitoria del Acuerdo Individual Espec\u00edfico durante el per\u00edodo de Emergencia Sanitaria COVID-19, Res CDFAA 078\/2020, en virtud de lo cual se reinician pasant\u00edas educativas y pr\u00e1cticas profesionales supervisadas, modalidad...","og_url":"https:\/\/faya.unse.edu.ar\/index.php\/extension\/2020\/modificacion-transitoria-del-acuerdo-especifico-de-practica-profesional-supervisada\/","og_site_name":"Facultad de Agronom\u00eda y Agroindustrias UNSE | FAyA UNSE","article_publisher":"https:\/\/www.facebook.com\/agroUNSE\/","article_published_time":"2020-10-28T19:07:22+00:00","article_modified_time":"2020-10-28T19:35:23+00:00","og_image":[{"width":1920,"height":1080,"url":"https:\/\/faya.unse.edu.ar\/wp-content\/uploads\/Modificacion-acuerdo-pps.jpg","type":"image\/jpeg"}],"twitter_card":"summary_large_image","twitter_creator":"@fayaunse","twitter_site":"@fayaunse","twitter_misc":{"Escrito por":"Comunicaci\u00f3n FAyA","Tiempo de lectura":"1 minuto"},"schema":{"@context":"https:\/\/schema.org","@graph":[{"@type":"WebSite","@id":"https:\/\/faya.unse.edu.ar\/#website","url":"https:\/\/faya.unse.edu.ar\/","name":"Facultad de Agronom\u00eda y Agroindustrias UNSE | FAyA UNSE","description":"","potentialAction":[{"@type":"SearchAction","target":{"@type":"EntryPoint","urlTemplate":"https:\/\/faya.unse.edu.ar\/?s={search_term_string}"},"query-input":"required name=search_term_string"}],"inLanguage":"es-AR"},{"@type":"ImageObject","@id":"https:\/\/faya.unse.edu.ar\/index.php\/extension\/2020\/modificacion-transitoria-del-acuerdo-especifico-de-practica-profesional-supervisada\/#primaryimage","inLanguage":"es-AR","url":"https:\/\/faya.unse.edu.ar\/wp-content\/uploads\/Modificacion-acuerdo-pps.jpg","contentUrl":"https:\/\/faya.unse.edu.ar\/wp-content\/uploads\/Modificacion-acuerdo-pps.jpg","width":1920,"height":1080},{"@type":"WebPage","@id":"https:\/\/faya.unse.edu.ar\/index.php\/extension\/2020\/modificacion-transitoria-del-acuerdo-especifico-de-practica-profesional-supervisada\/#webpage","url":"https:\/\/faya.unse.edu.ar\/index.php\/extension\/2020\/modificacion-transitoria-del-acuerdo-especifico-de-practica-profesional-supervisada\/","name":"MODIFICACI\u00d3N TRANSITORIA DEL ACUERDO ESPEC\u00cdFICO DE PR\u00c1CTICA PROFESIONAL SUPERVISADA | Facultad de Agronom\u00eda y Agroindustrias UNSE | FAyA UNSE","isPartOf":{"@id":"https:\/\/faya.unse.edu.ar\/#website"},"primaryImageOfPage":{"@id":"https:\/\/faya.unse.edu.ar\/index.php\/extension\/2020\/modificacion-transitoria-del-acuerdo-especifico-de-practica-profesional-supervisada\/#primaryimage"},"datePublished":"2020-10-28T19:07:22+00:00","dateModified":"2020-10-28T19:35:23+00:00","author":{"@id":"https:\/\/faya.unse.edu.ar\/#\/schema\/person\/6759100fdfd04c998461a230bc877a42"},"breadcrumb":{"@id":"https:\/\/faya.unse.edu.ar\/index.php\/extension\/2020\/modificacion-transitoria-del-acuerdo-especifico-de-practica-profesional-supervisada\/#breadcrumb"},"inLanguage":"es-AR","potentialAction":[{"@type":"ReadAction","target":["https:\/\/faya.unse.edu.ar\/index.php\/extension\/2020\/modificacion-transitoria-del-acuerdo-especifico-de-practica-profesional-supervisada\/"]}]},{"@type":"BreadcrumbList","@id":"https:\/\/faya.unse.edu.ar\/index.php\/extension\/2020\/modificacion-transitoria-del-acuerdo-especifico-de-practica-profesional-supervisada\/#breadcrumb","itemListElement":[{"@type":"ListItem","position":1,"name":"Home","item":"https:\/\/faya.unse.edu.ar\/"},{"@type":"ListItem","position":2,"name":"MODIFICACI\u00d3N TRANSITORIA DEL ACUERDO ESPEC\u00cdFICO DE PR\u00c1CTICA PROFESIONAL SUPERVISADA"}]},{"@type":"Person","@id":"https:\/\/faya.unse.edu.ar\/#\/schema\/person\/6759100fdfd04c998461a230bc877a42","name":"Comunicaci\u00f3n FAyA","url":"https:\/\/faya.unse.edu.ar\/index.php\/author\/ariel_jugo\/"}]}},"_links":{"self":[{"href":"https:\/\/faya.unse.edu.ar\/index.php\/wp-json\/wp\/v2\/posts\/25454"}],"collection":[{"href":"https:\/\/faya.unse.edu.ar\/index.php\/wp-json\/wp\/v2\/posts"}],"about":[{"href":"https:\/\/faya.unse.edu.ar\/index.php\/wp-json\/wp\/v2\/types\/post"}],"author":[{"embeddable":true,"href":"https:\/\/faya.unse.edu.ar\/index.php\/wp-json\/wp\/v2\/users\/2"}],"replies":[{"embeddable":true,"href":"https:\/\/faya.unse.edu.ar\/index.php\/wp-json\/wp\/v2\/comments?post=25454"}],"version-history":[{"count":4,"href":"https:\/\/faya.unse.edu.ar\/index.php\/wp-json\/wp\/v2\/posts\/25454\/revisions"}],"predecessor-version":[{"id":25460,"href":"https:\/\/faya.unse.edu.ar\/index.php\/wp-json\/wp\/v2\/posts\/25454\/revisions\/25460"}],"wp:featuredmedia":[{"embeddable":true,"href":"https:\/\/faya.unse.edu.ar\/index.php\/wp-json\/wp\/v2\/media\/25457"}],"wp:attachment":[{"href":"https:\/\/faya.unse.edu.ar\/index.php\/wp-json\/wp\/v2\/media?parent=25454"}],"wp:term":[{"taxonomy":"category","embeddable":true,"href":"https:\/\/faya.unse.edu.ar\/index.php\/wp-json\/wp\/v2\/categories?post=25454"},{"taxonomy":"post_tag","embeddable":true,"href":"https:\/\/faya.unse.edu.ar\/index.php\/wp-json\/wp\/v2\/tags?post=25454"}],"curies":[{"name":"wp","href":"https:\/\/api.w.org\/{rel}","templated":true}]}}