{"id":26264,"date":"2021-04-16T09:36:45","date_gmt":"2021-04-16T12:36:45","guid":{"rendered":"http:\/\/faya.unse.edu.ar\/?p=26264"},"modified":"2021-04-16T09:36:45","modified_gmt":"2021-04-16T12:36:45","slug":"seminario-de-posgrado-derechos-humanos-fundamentos-y-perspectivas","status":"publish","type":"post","link":"https:\/\/faya.unse.edu.ar\/index.php\/noticias\/2021\/seminario-de-posgrado-derechos-humanos-fundamentos-y-perspectivas\/","title":{"rendered":"SEMINARIO DE POSGRADO &#8220;DERECHOS HUMANOS, FUNDAMENTOS Y PERSPECTIVAS&#8221;"},"content":{"rendered":"<p>Destinatarios: exclusivamente a docentes universitarios y la inscripci\u00f3n comienza el lunes 12\/4\/21.<\/p>\n<p>El inicio de la primera edici\u00f3n del curso est\u00e1 prevista para el 3 de mayo y la finalizaci\u00f3n el 8 de julio. La coordinaci\u00f3n estar\u00e1 a cargo de profesionales de la Secretar\u00eda de Derechos Humanos y contar\u00e1 con una coordinaci\u00f3n institucional a cargo de la RIDHH.<br \/>\nDuraci\u00f3n: 10 semanas<br \/>\nCarga horaria: 50 horas<br \/>\nPer\u00edodo de inscripci\u00f3n: 12 al 21 de abril<br \/>\nInicio de cursada: 3 de mayo<\/p>\n<p>OBJETIVOS<br \/>\nQue los y las participantes:<br \/>\n\u2013 Conozcan los conceptos b\u00e1sicos vinculados a la protecci\u00f3n y promoci\u00f3n de los derechos humanos.<br \/>\n\u2013 Reconozcan la relaci\u00f3n intr\u00ednseca entre promoci\u00f3n y defensa de los derechos humanos, la lucha contra las diferentes formas de discriminaci\u00f3n y la equidad en materia de g\u00e9nero.<br \/>\n\u2013 Reflexionen sobre la funci\u00f3n social de la educaci\u00f3n (y en particular de la educaci\u00f3n superior) en la estructuraci\u00f3n de subjetividades respetuosas de los derechos.<br \/>\n\u2013 Adquieran un posicionamiento responsable, consiente y valorador de las diferencias en sus costumbres, valores y pr\u00e1cticas.<br \/>\n\u2013 Comprendan la importancia del desarrollo institucional, normativo y de pol\u00edticas p\u00fablicas orientadas a promover el respeto y la vigencia plena de los derechos humanos.<\/p>\n<p>CONTENIDOS<br \/>\n\u2013 M\u00f3dulo 1: Introducci\u00f3n a los derechos humanos y los principios de igualdad y no discriminaci\u00f3n<br \/>\n\u2013 M\u00f3dulo 2: Los procesos de institucionalizaci\u00f3n de los derechos humanos<br \/>\n\u2013 M\u00f3dulo 3: Pr\u00e1cticas sociales e institucionales discriminatorias<br \/>\n\u2013 M\u00f3dulo 4: Los derechos humanos en las aulas universitarias<\/p>\n<p><strong>Inscripci\u00f3n <a href=\"https:\/\/docs.google.com\/forms\/d\/e\/1FAIpQLSfOWi1qNRXP_fVlCcU96oJt8owuaz_mO67y6GY08mggXgOBpQ\/viewform?fbclid=IwAR2yw3VX9t_-9hm1wo1-IRbKdSeqghxoUVxJMSK26eUJyduQs-5qq5MJv_0\">aqu\u00ed<\/a><\/strong><\/p>\n<p>&nbsp;<\/p>\n","protected":false},"excerpt":{"rendered":"<p>Destinatarios: exclusivamente a docentes universitarios y la inscripci\u00f3n comienza el lunes 12\/4\/21. El inicio de la primera edici\u00f3n del curso est\u00e1 prevista para el 3 de mayo y la finalizaci\u00f3n el 8 de julio. La coordinaci\u00f3n estar\u00e1 a cargo de profesionales de la Secretar\u00eda de&#8230;<\/p>\n","protected":false},"author":5,"featured_media":26265,"comment_status":"open","ping_status":"open","sticky":false,"template":"","format":"standard","meta":{"_mi_skip_tracking":false},"categories":[194,5],"tags":[],"yoast_head":"<!-- This site is optimized with the Yoast SEO plugin v17.7.1 - https:\/\/yoast.com\/wordpress\/plugins\/seo\/ -->\n<meta name=\"robots\" content=\"index, follow, max-snippet:-1, max-image-preview:large, max-video-preview:-1\" \/>\n<link rel=\"canonical\" href=\"https:\/\/faya.unse.edu.ar\/index.php\/noticias\/2021\/seminario-de-posgrado-derechos-humanos-fundamentos-y-perspectivas\/\" \/>\n<meta property=\"og:locale\" content=\"es_ES\" \/>\n<meta property=\"og:type\" content=\"article\" \/>\n<meta property=\"og:title\" content=\"SEMINARIO DE POSGRADO &quot;DERECHOS HUMANOS, FUNDAMENTOS Y PERSPECTIVAS&quot; | Facultad de Agronom\u00eda y Agroindustrias UNSE | FAyA UNSE\" \/>\n<meta property=\"og:description\" content=\"Destinatarios: exclusivamente a docentes universitarios y la inscripci\u00f3n comienza el lunes 12\/4\/21. El inicio de la primera edici\u00f3n del curso est\u00e1 prevista para el 3 de mayo y la finalizaci\u00f3n el 8 de julio. La coordinaci\u00f3n estar\u00e1 a cargo de profesionales de la Secretar\u00eda de...\" \/>\n<meta property=\"og:url\" content=\"https:\/\/faya.unse.edu.ar\/index.php\/noticias\/2021\/seminario-de-posgrado-derechos-humanos-fundamentos-y-perspectivas\/\" \/>\n<meta property=\"og:site_name\" content=\"Facultad de Agronom\u00eda y Agroindustrias UNSE | FAyA UNSE\" \/>\n<meta property=\"article:publisher\" content=\"https:\/\/www.facebook.com\/agroUNSE\/\" \/>\n<meta property=\"article:published_time\" content=\"2021-04-16T12:36:45+00:00\" \/>\n<meta property=\"og:image\" content=\"https:\/\/faya.unse.edu.ar\/wp-content\/uploads\/seminario-ddhh-RIDDHH.jpg\" \/>\n\t<meta property=\"og:image:width\" content=\"1286\" \/>\n\t<meta property=\"og:image:height\" content=\"1758\" \/>\n<meta name=\"twitter:card\" content=\"summary_large_image\" \/>\n<meta name=\"twitter:creator\" content=\"@fayaunse\" \/>\n<meta name=\"twitter:site\" content=\"@fayaunse\" \/>\n<meta name=\"twitter:label1\" content=\"Escrito por\" \/>\n\t<meta name=\"twitter:data1\" content=\"Comunicaci\u00f3n FAyA-UNSE\" \/>\n\t<meta name=\"twitter:label2\" content=\"Tiempo de lectura\" \/>\n\t<meta name=\"twitter:data2\" content=\"1 minuto\" \/>\n<script type=\"application\/ld+json\" class=\"yoast-schema-graph\">{\"@context\":\"https:\/\/schema.org\",\"@graph\":[{\"@type\":\"WebSite\",\"@id\":\"https:\/\/faya.unse.edu.ar\/#website\",\"url\":\"https:\/\/faya.unse.edu.ar\/\",\"name\":\"Facultad de Agronom\\u00eda y Agroindustrias UNSE | FAyA UNSE\",\"description\":\"\",\"potentialAction\":[{\"@type\":\"SearchAction\",\"target\":{\"@type\":\"EntryPoint\",\"urlTemplate\":\"https:\/\/faya.unse.edu.ar\/?s={search_term_string}\"},\"query-input\":\"required name=search_term_string\"}],\"inLanguage\":\"es-AR\"},{\"@type\":\"ImageObject\",\"@id\":\"https:\/\/faya.unse.edu.ar\/index.php\/noticias\/2021\/seminario-de-posgrado-derechos-humanos-fundamentos-y-perspectivas\/#primaryimage\",\"inLanguage\":\"es-AR\",\"url\":\"https:\/\/faya.unse.edu.ar\/wp-content\/uploads\/seminario-ddhh-RIDDHH.jpg\",\"contentUrl\":\"https:\/\/faya.unse.edu.ar\/wp-content\/uploads\/seminario-ddhh-RIDDHH.jpg\",\"width\":1286,\"height\":1758},{\"@type\":\"WebPage\",\"@id\":\"https:\/\/faya.unse.edu.ar\/index.php\/noticias\/2021\/seminario-de-posgrado-derechos-humanos-fundamentos-y-perspectivas\/#webpage\",\"url\":\"https:\/\/faya.unse.edu.ar\/index.php\/noticias\/2021\/seminario-de-posgrado-derechos-humanos-fundamentos-y-perspectivas\/\",\"name\":\"SEMINARIO DE POSGRADO \\\"DERECHOS HUMANOS, FUNDAMENTOS Y PERSPECTIVAS\\\" | Facultad de Agronom\\u00eda y Agroindustrias UNSE | FAyA UNSE\",\"isPartOf\":{\"@id\":\"https:\/\/faya.unse.edu.ar\/#website\"},\"primaryImageOfPage\":{\"@id\":\"https:\/\/faya.unse.edu.ar\/index.php\/noticias\/2021\/seminario-de-posgrado-derechos-humanos-fundamentos-y-perspectivas\/#primaryimage\"},\"datePublished\":\"2021-04-16T12:36:45+00:00\",\"dateModified\":\"2021-04-16T12:36:45+00:00\",\"author\":{\"@id\":\"https:\/\/faya.unse.edu.ar\/#\/schema\/person\/6c3c11fbb65d413b2f687368ab071449\"},\"breadcrumb\":{\"@id\":\"https:\/\/faya.unse.edu.ar\/index.php\/noticias\/2021\/seminario-de-posgrado-derechos-humanos-fundamentos-y-perspectivas\/#breadcrumb\"},\"inLanguage\":\"es-AR\",\"potentialAction\":[{\"@type\":\"ReadAction\",\"target\":[\"https:\/\/faya.unse.edu.ar\/index.php\/noticias\/2021\/seminario-de-posgrado-derechos-humanos-fundamentos-y-perspectivas\/\"]}]},{\"@type\":\"BreadcrumbList\",\"@id\":\"https:\/\/faya.unse.edu.ar\/index.php\/noticias\/2021\/seminario-de-posgrado-derechos-humanos-fundamentos-y-perspectivas\/#breadcrumb\",\"itemListElement\":[{\"@type\":\"ListItem\",\"position\":1,\"name\":\"Home\",\"item\":\"https:\/\/faya.unse.edu.ar\/\"},{\"@type\":\"ListItem\",\"position\":2,\"name\":\"SEMINARIO DE POSGRADO &#8220;DERECHOS HUMANOS, FUNDAMENTOS Y PERSPECTIVAS&#8221;\"}]},{\"@type\":\"Person\",\"@id\":\"https:\/\/faya.unse.edu.ar\/#\/schema\/person\/6c3c11fbb65d413b2f687368ab071449\",\"name\":\"Comunicaci\\u00f3n FAyA-UNSE\",\"url\":\"https:\/\/faya.unse.edu.ar\/index.php\/author\/solroman\/\"}]}<\/script>\n<!-- \/ Yoast SEO plugin. -->","yoast_head_json":{"robots":{"index":"index","follow":"follow","max-snippet":"max-snippet:-1","max-image-preview":"max-image-preview:large","max-video-preview":"max-video-preview:-1"},"canonical":"https:\/\/faya.unse.edu.ar\/index.php\/noticias\/2021\/seminario-de-posgrado-derechos-humanos-fundamentos-y-perspectivas\/","og_locale":"es_ES","og_type":"article","og_title":"SEMINARIO DE POSGRADO \"DERECHOS HUMANOS, FUNDAMENTOS Y PERSPECTIVAS\" | Facultad de Agronom\u00eda y Agroindustrias UNSE | FAyA UNSE","og_description":"Destinatarios: exclusivamente a docentes universitarios y la inscripci\u00f3n comienza el lunes 12\/4\/21. El inicio de la primera edici\u00f3n del curso est\u00e1 prevista para el 3 de mayo y la finalizaci\u00f3n el 8 de julio. La coordinaci\u00f3n estar\u00e1 a cargo de profesionales de la Secretar\u00eda de...","og_url":"https:\/\/faya.unse.edu.ar\/index.php\/noticias\/2021\/seminario-de-posgrado-derechos-humanos-fundamentos-y-perspectivas\/","og_site_name":"Facultad de Agronom\u00eda y Agroindustrias UNSE | FAyA UNSE","article_publisher":"https:\/\/www.facebook.com\/agroUNSE\/","article_published_time":"2021-04-16T12:36:45+00:00","og_image":[{"width":1286,"height":1758,"url":"https:\/\/faya.unse.edu.ar\/wp-content\/uploads\/seminario-ddhh-RIDDHH.jpg","type":"image\/jpeg"}],"twitter_card":"summary_large_image","twitter_creator":"@fayaunse","twitter_site":"@fayaunse","twitter_misc":{"Escrito por":"Comunicaci\u00f3n FAyA-UNSE","Tiempo de lectura":"1 minuto"},"schema":{"@context":"https:\/\/schema.org","@graph":[{"@type":"WebSite","@id":"https:\/\/faya.unse.edu.ar\/#website","url":"https:\/\/faya.unse.edu.ar\/","name":"Facultad de Agronom\u00eda y Agroindustrias UNSE | FAyA UNSE","description":"","potentialAction":[{"@type":"SearchAction","target":{"@type":"EntryPoint","urlTemplate":"https:\/\/faya.unse.edu.ar\/?s={search_term_string}"},"query-input":"required name=search_term_string"}],"inLanguage":"es-AR"},{"@type":"ImageObject","@id":"https:\/\/faya.unse.edu.ar\/index.php\/noticias\/2021\/seminario-de-posgrado-derechos-humanos-fundamentos-y-perspectivas\/#primaryimage","inLanguage":"es-AR","url":"https:\/\/faya.unse.edu.ar\/wp-content\/uploads\/seminario-ddhh-RIDDHH.jpg","contentUrl":"https:\/\/faya.unse.edu.ar\/wp-content\/uploads\/seminario-ddhh-RIDDHH.jpg","width":1286,"height":1758},{"@type":"WebPage","@id":"https:\/\/faya.unse.edu.ar\/index.php\/noticias\/2021\/seminario-de-posgrado-derechos-humanos-fundamentos-y-perspectivas\/#webpage","url":"https:\/\/faya.unse.edu.ar\/index.php\/noticias\/2021\/seminario-de-posgrado-derechos-humanos-fundamentos-y-perspectivas\/","name":"SEMINARIO DE POSGRADO \"DERECHOS HUMANOS, FUNDAMENTOS Y PERSPECTIVAS\" | Facultad de Agronom\u00eda y Agroindustrias UNSE | FAyA UNSE","isPartOf":{"@id":"https:\/\/faya.unse.edu.ar\/#website"},"primaryImageOfPage":{"@id":"https:\/\/faya.unse.edu.ar\/index.php\/noticias\/2021\/seminario-de-posgrado-derechos-humanos-fundamentos-y-perspectivas\/#primaryimage"},"datePublished":"2021-04-16T12:36:45+00:00","dateModified":"2021-04-16T12:36:45+00:00","author":{"@id":"https:\/\/faya.unse.edu.ar\/#\/schema\/person\/6c3c11fbb65d413b2f687368ab071449"},"breadcrumb":{"@id":"https:\/\/faya.unse.edu.ar\/index.php\/noticias\/2021\/seminario-de-posgrado-derechos-humanos-fundamentos-y-perspectivas\/#breadcrumb"},"inLanguage":"es-AR","potentialAction":[{"@type":"ReadAction","target":["https:\/\/faya.unse.edu.ar\/index.php\/noticias\/2021\/seminario-de-posgrado-derechos-humanos-fundamentos-y-perspectivas\/"]}]},{"@type":"BreadcrumbList","@id":"https:\/\/faya.unse.edu.ar\/index.php\/noticias\/2021\/seminario-de-posgrado-derechos-humanos-fundamentos-y-perspectivas\/#breadcrumb","itemListElement":[{"@type":"ListItem","position":1,"name":"Home","item":"https:\/\/faya.unse.edu.ar\/"},{"@type":"ListItem","position":2,"name":"SEMINARIO DE POSGRADO &#8220;DERECHOS HUMANOS, FUNDAMENTOS Y PERSPECTIVAS&#8221;"}]},{"@type":"Person","@id":"https:\/\/faya.unse.edu.ar\/#\/schema\/person\/6c3c11fbb65d413b2f687368ab071449","name":"Comunicaci\u00f3n FAyA-UNSE","url":"https:\/\/faya.unse.edu.ar\/index.php\/author\/solroman\/"}]}},"_links":{"self":[{"href":"https:\/\/faya.unse.edu.ar\/index.php\/wp-json\/wp\/v2\/posts\/26264"}],"collection":[{"href":"https:\/\/faya.unse.edu.ar\/index.php\/wp-json\/wp\/v2\/posts"}],"about":[{"href":"https:\/\/faya.unse.edu.ar\/index.php\/wp-json\/wp\/v2\/types\/post"}],"author":[{"embeddable":true,"href":"https:\/\/faya.unse.edu.ar\/index.php\/wp-json\/wp\/v2\/users\/5"}],"replies":[{"embeddable":true,"href":"https:\/\/faya.unse.edu.ar\/index.php\/wp-json\/wp\/v2\/comments?post=26264"}],"version-history":[{"count":1,"href":"https:\/\/faya.unse.edu.ar\/index.php\/wp-json\/wp\/v2\/posts\/26264\/revisions"}],"predecessor-version":[{"id":26267,"href":"https:\/\/faya.unse.edu.ar\/index.php\/wp-json\/wp\/v2\/posts\/26264\/revisions\/26267"}],"wp:featuredmedia":[{"embeddable":true,"href":"https:\/\/faya.unse.edu.ar\/index.php\/wp-json\/wp\/v2\/media\/26265"}],"wp:attachment":[{"href":"https:\/\/faya.unse.edu.ar\/index.php\/wp-json\/wp\/v2\/media?parent=26264"}],"wp:term":[{"taxonomy":"category","embeddable":true,"href":"https:\/\/faya.unse.edu.ar\/index.php\/wp-json\/wp\/v2\/categories?post=26264"},{"taxonomy":"post_tag","embeddable":true,"href":"https:\/\/faya.unse.edu.ar\/index.php\/wp-json\/wp\/v2\/tags?post=26264"}],"curies":[{"name":"wp","href":"https:\/\/api.w.org\/{rel}","templated":true}]}}