{"id":27010,"date":"2021-08-03T10:08:13","date_gmt":"2021-08-03T13:08:13","guid":{"rendered":"http:\/\/faya.unse.edu.ar\/?p=27010"},"modified":"2021-08-03T10:08:55","modified_gmt":"2021-08-03T13:08:55","slug":"3-circular-v-escuela-congridec-sde-2021","status":"publish","type":"post","link":"https:\/\/faya.unse.edu.ar\/index.php\/noticias\/2021\/3-circular-v-escuela-congridec-sde-2021\/","title":{"rendered":"3\u00b0 CIRCULAR V ESCUELA CONGRIDEC SANTIAGO DEL ESTERO 2021"},"content":{"rendered":"<p><strong>TERCERA CIRCULAR<br \/>\n<\/strong><em><a href=\"https:\/\/faya.unse.edu.ar\/wp-content\/uploads\/CIRCULAR-3-Escuela-CONGRIDEC-SDE-2021.pdf\">(descargar aqu\u00ed)<\/a><\/em><\/p>\n<p>La Escuela CONGRIDEC 2021, tiene sus or\u00edgenes en 2016, en la Escuela de Oto\u00f1o \u201cMetodolog\u00eda de la Investigaci\u00f3n en Did\u00e1ctica de las Ciencias\u201d que se realiz\u00f3 en la ciudad de Buenos Aires en el mes de mayo, organizada por el CONGRIDEC (Consorcio de Grupos de Investigaci\u00f3n de Educaci\u00f3n en Ciencias Naturales y Experimentales de la Argentina) y la Facultad de Farmacia y Bioqu\u00edmica de la UBA. En 2018 se concreta la segunda experiencia en C\u00f3rdoba. En esa oportunidad, CONGRIDEC y las Facultades de Matem\u00e1tica. Astronom\u00eda y F\u00edsica (FAMAF) y de Ciencias Exactas, F\u00edsicas y Naturales (FCEFyN) de la UN de C\u00f3rdoba, coorganizan la Escuela Latinoamericana de Primavera para Investigadores en Formaci\u00f3n en Did\u00e1ctica de la Matem\u00e1tica, las Ciencias Naturales y la Tecnolog\u00eda. En el a\u00f1o 2019 hubo otra edici\u00f3n de la Escuela, la tercera: \u201cEscuela CONGRIDEC 2019. Dialogando entre Investigadores Latinoamericanos en Formaci\u00f3n en Did\u00e1ctica de las Ciencias Naturales y la Tecnolog\u00eda\u201d, que se realiz\u00f3 en la ciudad de Olavarr\u00eda y participaron en su organizaci\u00f3n la Facultad de ingenier\u00eda de la Universidad del Centro de la Provincia de Buenos Aires, el CONGRIDEC, el CIAEC y la Facultad de Bioqu\u00edmica y Ciencias Biol\u00f3gicas de la Universidad Nacional del Litoral. En el particular a\u00f1o 2020, la Universidad Nacional de R\u00edo Negro, Sede Andina, organiza de manera virtual a trav\u00e9s de su campus la IV Escuela para Investigadores en Formaci\u00f3n en Did\u00e1ctica de las Ciencias Naturales y Experimentales, conjuntamente con CONGRIDEC, el CIAEC y UNESCO.<\/p>\n<p>Los objetivos de la Escuela de Posgrado CONGRIDEC, establecidos en su Reglamento de funcionamiento, son:<\/p>\n<ul>\n<li>Ofrecer un espacio formativo y de intercambio de experiencias para los y las investigadores\/as en formaci\u00f3n de programas de posgrado oficiales de la Rep\u00fablica Argentina en el campo de la Educaci\u00f3n en Ciencias, tendiente a contribuir en el desarrollo de su plan de investigaci\u00f3n.<\/li>\n<li>Promover la participaci\u00f3n en las actividades de investigadores en formaci\u00f3n del \u00e1mbito latinoamericano, atendiendo a las necesidades formativas de la regi\u00f3n.<\/li>\n<li>Conformar una comunidad de pr\u00e1cticas entre las actividades de la Escuela y otras actividades del CONGRIDEC tendiente a la comunicaci\u00f3n del conocimiento construido en los diferentes \u00e1mbitos.<\/li>\n<\/ul>\n<p>Hoy la ciudad m\u00e1s antigua del pa\u00eds recibe a los investigadores a trav\u00e9s del campus virtual de la Universidad Nacional de Santiago del Estero en la V Escuela CONGRIDEC, organizada por la Facultad de Agronom\u00eda y Agroindustrias y el Instituto de Investigaci\u00f3n y Estudios en Ense\u00f1anza de las Ciencias bajo el lema: \u201cacercando distancias, compartiendo saberes\u201d.<\/p>\n<p>&nbsp;<\/p>\n<p><strong>\u00a0<\/strong><\/p>\n<p><strong>Fecha<\/strong><\/p>\n<p>La V Escuela de Posgrado CONGRIDEC, SDE 2021 se desarrollar\u00e1 en dos momentos:<\/p>\n<ol>\n<li>En el campus virtual UNSE del <strong>22 al 24 de septiembre de 2021<\/strong><\/li>\n<li>La participaci\u00f3n de los cursantes en instancias de formaci\u00f3n particulares a determinar.<\/li>\n<\/ol>\n<p><strong>Destinatarios\/as<\/strong><\/p>\n<p>Se prev\u00e9 la participaci\u00f3n en car\u00e1cter de ASISTENTE de los interesados en las Mesas de Discusi\u00f3n, los cuales deber\u00e1n registrar inscripci\u00f3n completando el formulario correspondiente en la p\u00e1gina web para recibir el enlace a las videoconferencias.<\/p>\n<p>La participaci\u00f3n en car\u00e1cter de ASISTENTE, no tiene costo.<\/p>\n<p>Podr\u00e1n participar de la ESCUELA DE POSGRADO CONGRIDEC graduados universitarios o titulaciones equivalentes, argentinos o latinoamericanos, que se encuentren inscriptos en alg\u00fan programa acreditado de educaci\u00f3n de posgrado en el campo de la Educaci\u00f3n en Ciencias.<\/p>\n<p><strong>Cupo<\/strong><\/p>\n<p>30 inscriptos<\/p>\n<p><strong>Inscripci\u00f3n<\/strong><\/p>\n<p>La inscripci\u00f3n se formaliza a trav\u00e9s de la pagina web, completando el formulario correspondiente.<\/p>\n<p><strong>Participaci\u00f3n<\/strong><\/p>\n<p>Los interesados deber\u00e1n postularse presentando la siguiente documentaci\u00f3n respaldatoria:<\/p>\n<ul>\n<li>Fotocopia del Documento de Identidad<\/li>\n<li>Fotocopia del T\u00edtulo de grado<\/li>\n<li>Constancia de inscripci\u00f3n al Programa de Posgrado emitido por la instituci\u00f3n de procedencia<\/li>\n<li>Nota de aval del Director\/a prestando su conformidad para que el\/la investigador\/a en formaci\u00f3n participe de las actividades de la V ESCUELA DE POSGRADO CONGRIDEC (modelo adjunto en web).<\/li>\n<li>Presentar un documento escrito donde se exponga un breve estado de avance de su plan de investigaci\u00f3n en el formato y extensi\u00f3n que indique el Comit\u00e9 Ejecutivo.<\/li>\n<li>Constancia del pago de arancel destinado a cubrir los gastos de organizaci\u00f3n del evento.<\/li>\n<li>Constancia de asociado a entidad (APFA, ADEQRA, ADBIA, MIDEC) en caso de arancel diferenciado.<\/li>\n<\/ul>\n<p>Se dar\u00e1 prioridad a los trabajos en castellano y a participantes de universidades nacionales argentinas.<\/p>\n<p>El trabajo puede ser presentado en uno de los formatos que se indican a continuaci\u00f3n, con los apartados sugeridos:<\/p>\n<ul>\n<li>\u200bProyecto de tesis<\/li>\n<\/ul>\n<p>Introducci\u00f3n<\/p>\n<p>Marco te\u00f3rico<\/p>\n<p>Objetivos<\/p>\n<p>Metodolog\u00eda<\/p>\n<p>Referencias bibliogr\u00e1ficas (Normas APA)<\/p>\n<ul>\n<li>\u200bArt\u00edculo de revista (puede ser una revisi\u00f3n bibliogr\u00e1fica, una publicaci\u00f3n de resultados y otros que se consideren pertinentes)<\/li>\n<\/ul>\n<p>Introducci\u00f3n<\/p>\n<p>Metodolog\u00eda<\/p>\n<p>Resultados<\/p>\n<p>Conclusiones<\/p>\n<p>Referencias bibliogr\u00e1ficas (Normas APA)<\/p>\n<p>Para ambos casos deber\u00e1n presentar los trabajos en hoja tama\u00f1o A4, m\u00e1rgenes (inferior, superior y laterales) de 3cm, t\u00edtulo centrado en negrita con fuente Calibri 14pt., en may\u00fascula. Para el resto del documento usar fuente Calibri 12pt, espaciado 1,5.<\/p>\n<p>Extensi\u00f3n m\u00e1xima: 5 p\u00e1ginas (incluyendo bibliograf\u00eda \u2013 norma APA).<\/p>\n<p>Archivo: en formato <em>.pdf <\/em>editable.<\/p>\n<p>\u200b<strong>FECHA L\u00cdMITE DE PRESENTACI\u00d3N DE TRABAJOS:<\/strong> <strong><em>31 de agosto 2021<\/em><\/strong><\/p>\n<p>\u200b<strong>Acreditaci\u00f3n<\/strong><\/p>\n<p>La aprobaci\u00f3n de la Escuela requiere el 75% de participaci\u00f3n en las actividades y la presentaci\u00f3n y aprobaci\u00f3n del trabajo final.<\/p>\n<p>El Trabajo final:<\/p>\n<ul>\n<li>Es una revisi\u00f3n y ampliaci\u00f3n del resumen extendido presentado a la Escuela, considerando los aportes discutidos durante la misma. En aquellos casos en los que lo presentado a la Escuela incluy\u00f3 el proyecto de tesis porque el grado de avance es muy incipiente, puede profundizarse en alguno de los aspectos del mismo (por ejemplo, plantear una discusi\u00f3n del marco metodol\u00f3gico, hacer una puesta a punto de alg\u00fan instrumento a emplear, entre otros).<\/li>\n<li>Se pretende que el Trabajo Final resulte una producci\u00f3n en coautor\u00eda entre tesista, director\/a y, en los casos en que ello se considere pertinente, el\/la tutor\/a de la Escuela, que ha supervisado la tarea a partir del intercambio ocurrido durante la misma. En este \u00faltimo caso, deber\u00e1 adjuntarse una nota de conformidad de todos los autores, con las firmas correspondientes.<\/li>\n<li>Deber\u00e1 tener el siguiente formato: entre 12 y 15 p\u00e1ginas, tama\u00f1o A4, m\u00e1rgenes (inferior, superior y laterales) de 3cm en procesador Word o compatible. T\u00edtulo centrado en negrita con fuente Calibri 14pt., en may\u00fascula. Para el resto del documento usar fuente Calibri 12pt, espaciado 1,5. Referencias bibliogr\u00e1ficas (entre 10 y 15) al final, por orden alfab\u00e9tico y de acuerdo con las normas APA.<\/li>\n<li>Los trabajos finales que resulten APROBADOS ser\u00e1n presentados como posters en la sesi\u00f3n especial de Presentaci\u00f3n Final Simult\u00e1nea del a Escuela el d\u00eda 24 de septiembre por videoconferencia.<\/li>\n<li>Aquellos trabajos que se seleccionen ser\u00e1n propuestos por la organizaci\u00f3n de la Escuela para ser publicados en las revistas de la especialidad:<\/li>\n<\/ul>\n<p>Revista Educaci\u00f3n en la Qu\u00edmica (EDENLAQ-ADEQRA)<\/p>\n<p>Revista de Educaci\u00f3n en Biolog\u00eda (REB-ADBIA)<\/p>\n<p>Revista de Ense\u00f1anza de la F\u00edsica (REF-APFA)<\/p>\n<p>Otras publicaciones similares.<\/p>\n<ul>\n<li>Se otorgar\u00e1 un certificado de aprobaci\u00f3n del seminario con una carga horaria de 60hs.<\/li>\n<\/ul>\n<p><strong>Arancel<\/strong><\/p>\n<p>$ 3000 (pesos argentinos tres mil)<\/p>\n<p>50% de descuento para asociados\/as a ADBIA, ADEQRA, APFA y miembros de la MIDEC. Deben adjuntar constancia de afiliaci\u00f3n.<\/p>\n<p>En el formulario de inscripci\u00f3n web se debe indicar los datos de facturaci\u00f3n y\/o recibo.<\/p>\n<p>Los dep\u00f3sitos\/transferencias deben hacerse a la siguiente cuenta:<\/p>\n<p>UNIV NACI SGO DEL ESTERO<\/p>\n<p>CUIT N\u00ba 30586761966<\/p>\n<p>Banco Santander R\u00edo<\/p>\n<p>CUENTA CORRIENTE EN PESOS N\u00ba 994\/6<\/p>\n<p>SUCURSAL 0364<\/p>\n<p>CBU 0720364820000000099468<\/p>\n<p>&nbsp;<\/p>\n<p><strong>COMIT\u00c9 EJECUTIVO<\/strong><\/p>\n<p>Dra. Mar\u00eda G. Lorenzo (UBA)|Dr. H\u00e9ctor S. Odetti (UNL)|Dra. Clara L\u00f3pez Pasquali (UNSE)|Dr. Jos\u00e9 Galiano (UNSE)<\/p>\n<p><strong>\u00a0<\/strong><\/p>\n<p><strong>COMISI\u00d3N ORGANIZADORA<\/strong><\/p>\n<p>Dr. Jos\u00e9 Galiano|Dra. Karina Rondano|Dra. Andrea Acosta|Lic. H\u00e9ctor T\u00e9vez|Mg. Paola Bustamante|Lic. Daniela Basualdo<\/p>\n<p><strong>\u00a0<\/strong><\/p>\n<p><strong>COMIT\u00c9 CIENT\u00cdFICO<\/strong><\/p>\n<p>Adriana Rocha (UNICEN)|Ana L\u00eda De Longhi (UNC)|Ana Patricia Fabro (UNL)|Elsa Noem\u00ed Meinardi (UBA)|Andrea S. Farr\u00e9 (UNRN)|Andr\u00e9s Raviolo (UNRN)|Carmen Cecilia Moreno (UNSA)|Celia E. Machado (UNR)|Claudia Mazzitelli (UNSJ, CONICET) Consuelo Escudero (UNSJ)|Cristina Susana Rodr\u00edguez (UNR)|H\u00e9ctor Santiago Odetti (UNL)|Hugo Roberto Tric\u00e1rico (UNSAM)|Ignacio Idoyaga (UBA)|Irene Arriassecq (UNCPBA, CONICET)|Jos\u00e9 Galiano (UNSE)|Laura M. Buteler (UNC, CONICET)|Leticia Garc\u00eda (UNC, CONICET)|Leticia Laspata (UNLP)|M. Gabriela Lorenzo (UBA, CONICET)|Lidia Catalan (UNCuyo)|Lydia Raquel Galagovsky (UBA)\u00a0 Ma. Basilisa Garc\u00eda (UNMDP)|Mar\u00eda J. Rassetto (UNComa)|Maricel E. Occelli (UNC, CONICET)|Marina Claudia Mateu (ISP &#8220;Dr. Joaqu\u00edn V. Gonz\u00e1lez&#8221;)|Marina Masullo (UNC)|Marta B. Massa (UNR)|Miriam Gladys Acu\u00f1a (UNaM)|Nancy Edith Fernandez (UNTDF)|Silvia Avila (UNCo)|Silvia Porro (UNQ)|Susana Teresa Marchisio (UNR)|Teresa Quintero (UNRC)|Viviana Ang\u00e9lica Costa (UNLP)<\/p>\n<p>&nbsp;<\/p>\n<table style=\"height: 2424px;\" width=\"673\">\n<tbody>\n<tr>\n<td colspan=\"3\" width=\"566\"><strong>PROGRAMA TENTATIVO DE ACTIVIDADES<\/strong><\/td>\n<\/tr>\n<tr>\n<td colspan=\"3\" width=\"566\">Mi\u00e9rcoles <strong>22 <\/strong>de septiembre<\/td>\n<\/tr>\n<tr>\n<td width=\"83\"><strong>10:00<\/strong><\/td>\n<td width=\"310\">Apertura de la V Escuela CONGRIDEC<\/p>\n<ul>\n<li>Dr. Jos\u00e9 Galiano, Comit\u00e9 Organizador<\/li>\n<li>Dra. Gabriela Lorenzo, Pta. CONGRIDEC<\/li>\n<li>Dra. Myriam Villarreal, Decana FAyA.<\/li>\n<li>Ing. H\u00e9ctor Paz, Rector UNSE<\/li>\n<li>Dr. Roberto Salvarezza MINCYT<\/li>\n<\/ul>\n<\/td>\n<td width=\"174\">ZOOM<\/p>\n<p>Trasmisi\u00f3n YouTube<\/td>\n<\/tr>\n<tr>\n<td width=\"83\"><strong>10:30<\/strong><\/td>\n<td width=\"310\">Conferencia Plenaria:<\/p>\n<p>Dr. Roberto Salvarezza<br \/>\nMinistro de Ciencia, Tecnolog\u00eda e Innovaci\u00f3n de la Naci\u00f3n<\/td>\n<td width=\"174\">ZOOM<\/p>\n<p>Trasmisi\u00f3n YouTube<\/td>\n<\/tr>\n<tr>\n<td width=\"83\"><strong>12:00<\/strong><\/td>\n<td width=\"310\">Revisitando la XIX REQ: Preguntas y respuestas con Sibel Erduran (U. Oxford)<\/td>\n<td width=\"174\">ZOOM<\/p>\n<p>Trasmisi\u00f3n YouTube<\/td>\n<\/tr>\n<tr>\n<td width=\"83\"><strong>&#8212;<\/strong><\/td>\n<td width=\"310\">Mini-cursos asincr\u00f3nicos<\/td>\n<td width=\"174\">Campus Virtual<\/td>\n<\/tr>\n<tr>\n<td width=\"83\"><strong>15:00<\/strong><\/td>\n<td width=\"310\">Mesa de discusi\u00f3n<\/p>\n<p>Las tendencias en la investigaci\u00f3n en did\u00e1ctica de las ciencias en Latinoam\u00e9rica en el nuevo escenario Educativo.<\/p>\n<p>Kira Padilla (M\u00e9xico), Mario Quintanilla (Chile), M. Gabriela Lorenzo (Arg.)<\/p>\n<p><em>Coordina: Jos\u00e9 Galiano<\/em><\/td>\n<td width=\"174\">ZOOM<\/p>\n<p>Trasmisi\u00f3n YouTube<\/td>\n<\/tr>\n<tr>\n<td width=\"83\"><strong>17:00<\/strong><\/td>\n<td width=\"310\">Sesi\u00f3n de discusi\u00f3n y presentaci\u00f3n de trabajos de investigadores\/as en formaci\u00f3n y tutores<\/td>\n<td width=\"174\">Campus Virtual<\/p>\n<p>Sesiones sincr\u00f3nicas<\/td>\n<\/tr>\n<tr>\n<td colspan=\"3\" width=\"566\">Jueves <strong>23 <\/strong>de septiembre<\/td>\n<\/tr>\n<tr>\n<td width=\"83\"><strong>9:00<\/strong><\/td>\n<td width=\"310\">Sesi\u00f3n de discusi\u00f3n y presentaci\u00f3n de trabajos de investigadores\/as en formaci\u00f3n y tutores<\/td>\n<td width=\"174\">Campus Virtual<\/p>\n<p>Sesiones sincr\u00f3nicas<\/td>\n<\/tr>\n<tr>\n<td width=\"83\"><strong>&#8212;<\/strong><\/td>\n<td width=\"310\">Mini-cursos asincr\u00f3nicos<\/td>\n<td width=\"174\">Campus Virtual<\/td>\n<\/tr>\n<tr>\n<td width=\"83\"><strong>15:00<\/strong><\/td>\n<td width=\"310\">Mesa de discusi\u00f3n<\/p>\n<p>Investigar para ense\u00f1ar, ense\u00f1ar a investigar.<\/p>\n<p>Dr. David Gonz\u00e1lez G\u00f3mez (Espa\u00f1a), Dr. Jos\u00e9 Manuel Saez L\u00f3pez (Espa\u00f1a), Dr. Ignacio Idoyaga (Arg.)<\/p>\n<p><em>Coordina: Karina Rondano<\/em><\/td>\n<td width=\"174\">ZOOM<\/p>\n<p>Trasmisi\u00f3n YouTube<\/td>\n<\/tr>\n<tr>\n<td width=\"83\"><strong>17:00<\/strong><\/td>\n<td width=\"310\">Actividad de camarader\u00eda: \u201cCompartiendo saberes\u201d<\/p>\n<p><em>Coordina: H\u00e9ctor T\u00e9vez<\/em><\/td>\n<td width=\"174\">ZOOM<\/p>\n<p>Trasmisi\u00f3n YouTube<\/td>\n<\/tr>\n<tr>\n<td width=\"83\"><strong>18:00<\/strong><\/td>\n<td width=\"310\">Sesi\u00f3n de discusi\u00f3n y presentaci\u00f3n de trabajos de investigadores\/as en formaci\u00f3n y tutores<\/td>\n<td width=\"174\">Campus Virtual<\/p>\n<p>Sesiones sincr\u00f3nicas<\/td>\n<\/tr>\n<tr>\n<td colspan=\"3\" width=\"566\">Viernes <strong>24 <\/strong>de septiembre<\/td>\n<\/tr>\n<tr>\n<td width=\"83\"><strong>9:00<\/strong><\/td>\n<td width=\"310\">Sesi\u00f3n de discusi\u00f3n y presentaci\u00f3n de trabajos de investigadores\/as en formaci\u00f3n y tutores<\/td>\n<td width=\"174\">Campus Virtual<\/p>\n<p>Sesiones sincr\u00f3nicas<\/td>\n<\/tr>\n<tr>\n<td width=\"83\"><strong>11:00<\/strong><\/td>\n<td width=\"310\">Mesa de discusi\u00f3n<\/p>\n<p>Resultados, publicaciones y revistas.<\/p>\n<p>Dr. Ernest Abadal Falgueras (Espa\u00f1a), Dr. Jenaro Guisasola (Espa\u00f1a), Dra. Mar\u00eda Josefa Rassetto (Arg)<\/p>\n<p><em>Coordina: Andrea Acosta<\/em><\/td>\n<td width=\"174\">ZOOM<\/p>\n<p>Trasmisi\u00f3n YouTube<\/td>\n<\/tr>\n<tr>\n<td width=\"83\"><strong>&#8212;<\/strong><\/td>\n<td width=\"310\">Mini-cursos asincr\u00f3nicos<\/td>\n<td width=\"174\">Campus Virtual<\/td>\n<\/tr>\n<tr>\n<td width=\"83\"><strong>16:00<\/strong><\/td>\n<td width=\"310\">Plenario de tutores<\/p>\n<p>Presentaci\u00f3n simult\u00e1nea de trabajos de la escuela<\/p>\n<p>Conclusiones<\/td>\n<td width=\"174\">Campus Virtual<\/p>\n<p>ZOOM<\/td>\n<\/tr>\n<\/tbody>\n<\/table>\n<p>&nbsp;<\/p>\n","protected":false},"excerpt":{"rendered":"<p>TERCERA CIRCULAR (descargar aqu\u00ed) La Escuela CONGRIDEC 2021, tiene sus or\u00edgenes en 2016, en la Escuela de Oto\u00f1o \u201cMetodolog\u00eda de la Investigaci\u00f3n en Did\u00e1ctica de las Ciencias\u201d que se realiz\u00f3 en la ciudad de Buenos Aires en el mes de mayo, organizada por el CONGRIDEC&#8230;<\/p>\n","protected":false},"author":5,"featured_media":27011,"comment_status":"open","ping_status":"open","sticky":false,"template":"","format":"standard","meta":{"_mi_skip_tracking":false},"categories":[194,5],"tags":[],"yoast_head":"<!-- This site is optimized with the Yoast SEO plugin v17.7.1 - https:\/\/yoast.com\/wordpress\/plugins\/seo\/ -->\n<meta name=\"robots\" content=\"index, follow, max-snippet:-1, max-image-preview:large, max-video-preview:-1\" \/>\n<link rel=\"canonical\" href=\"https:\/\/faya.unse.edu.ar\/index.php\/noticias\/2021\/3-circular-v-escuela-congridec-sde-2021\/\" \/>\n<meta property=\"og:locale\" content=\"es_ES\" \/>\n<meta property=\"og:type\" content=\"article\" \/>\n<meta property=\"og:title\" content=\"3\u00b0 CIRCULAR V ESCUELA CONGRIDEC SANTIAGO DEL ESTERO 2021 | Facultad de Agronom\u00eda y Agroindustrias UNSE | FAyA UNSE\" \/>\n<meta property=\"og:description\" content=\"TERCERA CIRCULAR (descargar aqu\u00ed) La Escuela CONGRIDEC 2021, tiene sus or\u00edgenes en 2016, en la Escuela de Oto\u00f1o \u201cMetodolog\u00eda de la Investigaci\u00f3n en Did\u00e1ctica de las Ciencias\u201d que se realiz\u00f3 en la ciudad de Buenos Aires en el mes de mayo, organizada por el CONGRIDEC...\" \/>\n<meta property=\"og:url\" content=\"https:\/\/faya.unse.edu.ar\/index.php\/noticias\/2021\/3-circular-v-escuela-congridec-sde-2021\/\" \/>\n<meta property=\"og:site_name\" content=\"Facultad de Agronom\u00eda y Agroindustrias UNSE | FAyA UNSE\" \/>\n<meta property=\"article:publisher\" content=\"https:\/\/www.facebook.com\/agroUNSE\/\" \/>\n<meta property=\"article:published_time\" content=\"2021-08-03T13:08:13+00:00\" \/>\n<meta property=\"article:modified_time\" content=\"2021-08-03T13:08:55+00:00\" \/>\n<meta property=\"og:image\" content=\"https:\/\/faya.unse.edu.ar\/wp-content\/uploads\/circular.png\" \/>\n\t<meta property=\"og:image:width\" content=\"960\" \/>\n\t<meta property=\"og:image:height\" content=\"480\" \/>\n<meta name=\"twitter:card\" content=\"summary_large_image\" \/>\n<meta name=\"twitter:creator\" content=\"@fayaunse\" \/>\n<meta name=\"twitter:site\" content=\"@fayaunse\" \/>\n<meta name=\"twitter:label1\" content=\"Escrito por\" \/>\n\t<meta name=\"twitter:data1\" content=\"Comunicaci\u00f3n FAyA-UNSE\" \/>\n\t<meta name=\"twitter:label2\" content=\"Tiempo de lectura\" \/>\n\t<meta name=\"twitter:data2\" content=\"9 minutos\" \/>\n<script type=\"application\/ld+json\" class=\"yoast-schema-graph\">{\"@context\":\"https:\/\/schema.org\",\"@graph\":[{\"@type\":\"WebSite\",\"@id\":\"https:\/\/faya.unse.edu.ar\/#website\",\"url\":\"https:\/\/faya.unse.edu.ar\/\",\"name\":\"Facultad de Agronom\\u00eda y Agroindustrias UNSE | FAyA UNSE\",\"description\":\"\",\"potentialAction\":[{\"@type\":\"SearchAction\",\"target\":{\"@type\":\"EntryPoint\",\"urlTemplate\":\"https:\/\/faya.unse.edu.ar\/?s={search_term_string}\"},\"query-input\":\"required name=search_term_string\"}],\"inLanguage\":\"es-AR\"},{\"@type\":\"ImageObject\",\"@id\":\"https:\/\/faya.unse.edu.ar\/index.php\/noticias\/2021\/3-circular-v-escuela-congridec-sde-2021\/#primaryimage\",\"inLanguage\":\"es-AR\",\"url\":\"https:\/\/faya.unse.edu.ar\/wp-content\/uploads\/circular.png\",\"contentUrl\":\"https:\/\/faya.unse.edu.ar\/wp-content\/uploads\/circular.png\",\"width\":960,\"height\":480},{\"@type\":\"WebPage\",\"@id\":\"https:\/\/faya.unse.edu.ar\/index.php\/noticias\/2021\/3-circular-v-escuela-congridec-sde-2021\/#webpage\",\"url\":\"https:\/\/faya.unse.edu.ar\/index.php\/noticias\/2021\/3-circular-v-escuela-congridec-sde-2021\/\",\"name\":\"3\\u00b0 CIRCULAR V ESCUELA CONGRIDEC SANTIAGO DEL ESTERO 2021 | Facultad de Agronom\\u00eda y Agroindustrias UNSE | FAyA UNSE\",\"isPartOf\":{\"@id\":\"https:\/\/faya.unse.edu.ar\/#website\"},\"primaryImageOfPage\":{\"@id\":\"https:\/\/faya.unse.edu.ar\/index.php\/noticias\/2021\/3-circular-v-escuela-congridec-sde-2021\/#primaryimage\"},\"datePublished\":\"2021-08-03T13:08:13+00:00\",\"dateModified\":\"2021-08-03T13:08:55+00:00\",\"author\":{\"@id\":\"https:\/\/faya.unse.edu.ar\/#\/schema\/person\/6c3c11fbb65d413b2f687368ab071449\"},\"breadcrumb\":{\"@id\":\"https:\/\/faya.unse.edu.ar\/index.php\/noticias\/2021\/3-circular-v-escuela-congridec-sde-2021\/#breadcrumb\"},\"inLanguage\":\"es-AR\",\"potentialAction\":[{\"@type\":\"ReadAction\",\"target\":[\"https:\/\/faya.unse.edu.ar\/index.php\/noticias\/2021\/3-circular-v-escuela-congridec-sde-2021\/\"]}]},{\"@type\":\"BreadcrumbList\",\"@id\":\"https:\/\/faya.unse.edu.ar\/index.php\/noticias\/2021\/3-circular-v-escuela-congridec-sde-2021\/#breadcrumb\",\"itemListElement\":[{\"@type\":\"ListItem\",\"position\":1,\"name\":\"Home\",\"item\":\"https:\/\/faya.unse.edu.ar\/\"},{\"@type\":\"ListItem\",\"position\":2,\"name\":\"3\\u00b0 CIRCULAR V ESCUELA CONGRIDEC SANTIAGO DEL ESTERO 2021\"}]},{\"@type\":\"Person\",\"@id\":\"https:\/\/faya.unse.edu.ar\/#\/schema\/person\/6c3c11fbb65d413b2f687368ab071449\",\"name\":\"Comunicaci\\u00f3n FAyA-UNSE\",\"url\":\"https:\/\/faya.unse.edu.ar\/index.php\/author\/solroman\/\"}]}<\/script>\n<!-- \/ Yoast SEO plugin. -->","yoast_head_json":{"robots":{"index":"index","follow":"follow","max-snippet":"max-snippet:-1","max-image-preview":"max-image-preview:large","max-video-preview":"max-video-preview:-1"},"canonical":"https:\/\/faya.unse.edu.ar\/index.php\/noticias\/2021\/3-circular-v-escuela-congridec-sde-2021\/","og_locale":"es_ES","og_type":"article","og_title":"3\u00b0 CIRCULAR V ESCUELA CONGRIDEC SANTIAGO DEL ESTERO 2021 | Facultad de Agronom\u00eda y Agroindustrias UNSE | FAyA UNSE","og_description":"TERCERA CIRCULAR (descargar aqu\u00ed) La Escuela CONGRIDEC 2021, tiene sus or\u00edgenes en 2016, en la Escuela de Oto\u00f1o \u201cMetodolog\u00eda de la Investigaci\u00f3n en Did\u00e1ctica de las Ciencias\u201d que se realiz\u00f3 en la ciudad de Buenos Aires en el mes de mayo, organizada por el CONGRIDEC...","og_url":"https:\/\/faya.unse.edu.ar\/index.php\/noticias\/2021\/3-circular-v-escuela-congridec-sde-2021\/","og_site_name":"Facultad de Agronom\u00eda y Agroindustrias UNSE | FAyA UNSE","article_publisher":"https:\/\/www.facebook.com\/agroUNSE\/","article_published_time":"2021-08-03T13:08:13+00:00","article_modified_time":"2021-08-03T13:08:55+00:00","og_image":[{"width":960,"height":480,"url":"https:\/\/faya.unse.edu.ar\/wp-content\/uploads\/circular.png","type":"image\/png"}],"twitter_card":"summary_large_image","twitter_creator":"@fayaunse","twitter_site":"@fayaunse","twitter_misc":{"Escrito por":"Comunicaci\u00f3n FAyA-UNSE","Tiempo de lectura":"9 minutos"},"schema":{"@context":"https:\/\/schema.org","@graph":[{"@type":"WebSite","@id":"https:\/\/faya.unse.edu.ar\/#website","url":"https:\/\/faya.unse.edu.ar\/","name":"Facultad de Agronom\u00eda y Agroindustrias UNSE | FAyA UNSE","description":"","potentialAction":[{"@type":"SearchAction","target":{"@type":"EntryPoint","urlTemplate":"https:\/\/faya.unse.edu.ar\/?s={search_term_string}"},"query-input":"required name=search_term_string"}],"inLanguage":"es-AR"},{"@type":"ImageObject","@id":"https:\/\/faya.unse.edu.ar\/index.php\/noticias\/2021\/3-circular-v-escuela-congridec-sde-2021\/#primaryimage","inLanguage":"es-AR","url":"https:\/\/faya.unse.edu.ar\/wp-content\/uploads\/circular.png","contentUrl":"https:\/\/faya.unse.edu.ar\/wp-content\/uploads\/circular.png","width":960,"height":480},{"@type":"WebPage","@id":"https:\/\/faya.unse.edu.ar\/index.php\/noticias\/2021\/3-circular-v-escuela-congridec-sde-2021\/#webpage","url":"https:\/\/faya.unse.edu.ar\/index.php\/noticias\/2021\/3-circular-v-escuela-congridec-sde-2021\/","name":"3\u00b0 CIRCULAR V ESCUELA CONGRIDEC SANTIAGO DEL ESTERO 2021 | Facultad de Agronom\u00eda y Agroindustrias UNSE | FAyA UNSE","isPartOf":{"@id":"https:\/\/faya.unse.edu.ar\/#website"},"primaryImageOfPage":{"@id":"https:\/\/faya.unse.edu.ar\/index.php\/noticias\/2021\/3-circular-v-escuela-congridec-sde-2021\/#primaryimage"},"datePublished":"2021-08-03T13:08:13+00:00","dateModified":"2021-08-03T13:08:55+00:00","author":{"@id":"https:\/\/faya.unse.edu.ar\/#\/schema\/person\/6c3c11fbb65d413b2f687368ab071449"},"breadcrumb":{"@id":"https:\/\/faya.unse.edu.ar\/index.php\/noticias\/2021\/3-circular-v-escuela-congridec-sde-2021\/#breadcrumb"},"inLanguage":"es-AR","potentialAction":[{"@type":"ReadAction","target":["https:\/\/faya.unse.edu.ar\/index.php\/noticias\/2021\/3-circular-v-escuela-congridec-sde-2021\/"]}]},{"@type":"BreadcrumbList","@id":"https:\/\/faya.unse.edu.ar\/index.php\/noticias\/2021\/3-circular-v-escuela-congridec-sde-2021\/#breadcrumb","itemListElement":[{"@type":"ListItem","position":1,"name":"Home","item":"https:\/\/faya.unse.edu.ar\/"},{"@type":"ListItem","position":2,"name":"3\u00b0 CIRCULAR V ESCUELA CONGRIDEC SANTIAGO DEL ESTERO 2021"}]},{"@type":"Person","@id":"https:\/\/faya.unse.edu.ar\/#\/schema\/person\/6c3c11fbb65d413b2f687368ab071449","name":"Comunicaci\u00f3n FAyA-UNSE","url":"https:\/\/faya.unse.edu.ar\/index.php\/author\/solroman\/"}]}},"_links":{"self":[{"href":"https:\/\/faya.unse.edu.ar\/index.php\/wp-json\/wp\/v2\/posts\/27010"}],"collection":[{"href":"https:\/\/faya.unse.edu.ar\/index.php\/wp-json\/wp\/v2\/posts"}],"about":[{"href":"https:\/\/faya.unse.edu.ar\/index.php\/wp-json\/wp\/v2\/types\/post"}],"author":[{"embeddable":true,"href":"https:\/\/faya.unse.edu.ar\/index.php\/wp-json\/wp\/v2\/users\/5"}],"replies":[{"embeddable":true,"href":"https:\/\/faya.unse.edu.ar\/index.php\/wp-json\/wp\/v2\/comments?post=27010"}],"version-history":[{"count":2,"href":"https:\/\/faya.unse.edu.ar\/index.php\/wp-json\/wp\/v2\/posts\/27010\/revisions"}],"predecessor-version":[{"id":27014,"href":"https:\/\/faya.unse.edu.ar\/index.php\/wp-json\/wp\/v2\/posts\/27010\/revisions\/27014"}],"wp:featuredmedia":[{"embeddable":true,"href":"https:\/\/faya.unse.edu.ar\/index.php\/wp-json\/wp\/v2\/media\/27011"}],"wp:attachment":[{"href":"https:\/\/faya.unse.edu.ar\/index.php\/wp-json\/wp\/v2\/media?parent=27010"}],"wp:term":[{"taxonomy":"category","embeddable":true,"href":"https:\/\/faya.unse.edu.ar\/index.php\/wp-json\/wp\/v2\/categories?post=27010"},{"taxonomy":"post_tag","embeddable":true,"href":"https:\/\/faya.unse.edu.ar\/index.php\/wp-json\/wp\/v2\/tags?post=27010"}],"curies":[{"name":"wp","href":"https:\/\/api.w.org\/{rel}","templated":true}]}}