{"id":27429,"date":"2021-10-13T14:44:06","date_gmt":"2021-10-13T17:44:06","guid":{"rendered":"http:\/\/faya.unse.edu.ar\/?p=27429"},"modified":"2021-10-13T15:04:15","modified_gmt":"2021-10-13T18:04:15","slug":"estudiantes-y-docentes-de-la-faya-participaron-de-una-jornada-en-tucuman","status":"publish","type":"post","link":"https:\/\/faya.unse.edu.ar\/index.php\/institucional\/2021\/estudiantes-y-docentes-de-la-faya-participaron-de-una-jornada-en-tucuman\/","title":{"rendered":"ESTUDIANTES y DOCENTES DE LA FAyA PARTICIPARON DE UNA JORNADA EN TUCUM\u00c1N"},"content":{"rendered":"<p><span style=\"font-weight: 400;\">Estudiantes de la carrera Ingenier\u00eda Agron\u00f3mica de la nuestra Facultad, participaron de la 42\u00aa Jornada sobre Buenas Pr\u00e1cticas de Aplicaci\u00f3n de Productos Fitosanitarios que se realiz\u00f3, en el d\u00eda de la fecha, en la localidad de Cejas, provincia de Tucum\u00e1n.<\/span><\/p>\n<p><span style=\"font-weight: 400;\">Los estudiantes que participaron de la actividad fueron Gonzalo Silva, Maria Emilia Navarrete, Patricia Liliana Villa, Lourdes Bravo Bola\u00f1ez, Sonia Palomo, Ian Ram\u00edrez Bravo, Pierre Gau, Edgardo Suarez, Juan Jos\u00e9 Caro. Acompa\u00f1ados por los docentes Ing. Enrique Lobos, Ing. Leyla Ledesma Haron, Ing. Cristian Maldonado y el Ing. Franco Fuentes. En representaci\u00f3n del rectorado UNSE, el Ing. Daniel Salom\u00f3n. El traslado del grupo se realiz\u00f3 en veh\u00edculos de nuestra Facultad.<\/span><\/p>\n<p><span style=\"font-weight: 400;\">El encuentro se desarroll\u00f3 con demostraciones a campo y disertaciones a cargo de los Ing. Eduardo Moavro (Min. de Agricultura, Ganader\u00eda y Pesca de la Naci\u00f3n), el Ing. Federico Elorza (CASAFE), y el m\u00e9dico toxic\u00f3logo Francisco Aphalos (TAS).<\/span><\/p>\n<p><span style=\"font-weight: 400;\">Agradecemos especialmente al Ministro de la Producci\u00f3n de la provincia, Med. Vet. Miguel Mandrile, por la invitaci\u00f3n realizada.<\/span><\/p>\n<p>&nbsp;<\/p>\n\n\t\t<style type=\"text\/css\">\n\t\t\t#gallery-1 {\n\t\t\t\tmargin: auto;\n\t\t\t}\n\t\t\t#gallery-1 .gallery-item {\n\t\t\t\tfloat: left;\n\t\t\t\tmargin-top: 10px;\n\t\t\t\ttext-align: center;\n\t\t\t\twidth: 33%;\n\t\t\t}\n\t\t\t#gallery-1 img {\n\t\t\t\tborder: 2px solid #cfcfcf;\n\t\t\t}\n\t\t\t#gallery-1 .gallery-caption {\n\t\t\t\tmargin-left: 0;\n\t\t\t}\n\t\t\t\/* see gallery_shortcode() in wp-includes\/media.php *\/\n\t\t<\/style>\n\t\t<div id='gallery-1' class='gallery galleryid-27429 gallery-columns-3 gallery-size-thumbnail'><dl class='gallery-item'>\n\t\t\t<dt class='gallery-icon landscape'>\n\t\t\t\t<a href='https:\/\/faya.unse.edu.ar\/wp-content\/uploads\/jor-tuc-fitosanitarios-faya-unse-01.jpeg'><img width=\"150\" height=\"150\" src=\"https:\/\/faya.unse.edu.ar\/wp-content\/uploads\/jor-tuc-fitosanitarios-faya-unse-01-150x150.jpeg\" class=\"attachment-thumbnail size-thumbnail\" alt=\"\" loading=\"lazy\" srcset=\"https:\/\/faya.unse.edu.ar\/wp-content\/uploads\/jor-tuc-fitosanitarios-faya-unse-01-150x150.jpeg 150w, https:\/\/faya.unse.edu.ar\/wp-content\/uploads\/jor-tuc-fitosanitarios-faya-unse-01-570x570.jpeg 570w, https:\/\/faya.unse.edu.ar\/wp-content\/uploads\/jor-tuc-fitosanitarios-faya-unse-01-500x500.jpeg 500w\" sizes=\"(max-width: 150px) 100vw, 150px\" \/><\/a>\n\t\t\t<\/dt><\/dl><dl class='gallery-item'>\n\t\t\t<dt class='gallery-icon landscape'>\n\t\t\t\t<a href='https:\/\/faya.unse.edu.ar\/wp-content\/uploads\/jor-tuc-fitosanitarios-faya-unse-02.jpeg'><img width=\"150\" height=\"150\" src=\"https:\/\/faya.unse.edu.ar\/wp-content\/uploads\/jor-tuc-fitosanitarios-faya-unse-02-150x150.jpeg\" class=\"attachment-thumbnail size-thumbnail\" alt=\"\" loading=\"lazy\" srcset=\"https:\/\/faya.unse.edu.ar\/wp-content\/uploads\/jor-tuc-fitosanitarios-faya-unse-02-150x150.jpeg 150w, https:\/\/faya.unse.edu.ar\/wp-content\/uploads\/jor-tuc-fitosanitarios-faya-unse-02-570x570.jpeg 570w, https:\/\/faya.unse.edu.ar\/wp-content\/uploads\/jor-tuc-fitosanitarios-faya-unse-02-500x500.jpeg 500w\" sizes=\"(max-width: 150px) 100vw, 150px\" \/><\/a>\n\t\t\t<\/dt><\/dl><dl class='gallery-item'>\n\t\t\t<dt class='gallery-icon landscape'>\n\t\t\t\t<a href='https:\/\/faya.unse.edu.ar\/wp-content\/uploads\/jor-tuc-fitosanitarios-faya-unse-03.jpeg'><img width=\"150\" height=\"150\" src=\"https:\/\/faya.unse.edu.ar\/wp-content\/uploads\/jor-tuc-fitosanitarios-faya-unse-03-150x150.jpeg\" class=\"attachment-thumbnail size-thumbnail\" alt=\"\" loading=\"lazy\" srcset=\"https:\/\/faya.unse.edu.ar\/wp-content\/uploads\/jor-tuc-fitosanitarios-faya-unse-03-150x150.jpeg 150w, https:\/\/faya.unse.edu.ar\/wp-content\/uploads\/jor-tuc-fitosanitarios-faya-unse-03-570x570.jpeg 570w, https:\/\/faya.unse.edu.ar\/wp-content\/uploads\/jor-tuc-fitosanitarios-faya-unse-03-500x500.jpeg 500w\" sizes=\"(max-width: 150px) 100vw, 150px\" \/><\/a>\n\t\t\t<\/dt><\/dl><br style=\"clear: both\" \/><dl class='gallery-item'>\n\t\t\t<dt class='gallery-icon landscape'>\n\t\t\t\t<a href='https:\/\/faya.unse.edu.ar\/wp-content\/uploads\/jor-tuc-fitosanitarios-faya-unse-04.jpeg'><img width=\"150\" height=\"150\" src=\"https:\/\/faya.unse.edu.ar\/wp-content\/uploads\/jor-tuc-fitosanitarios-faya-unse-04-150x150.jpeg\" class=\"attachment-thumbnail size-thumbnail\" alt=\"\" loading=\"lazy\" srcset=\"https:\/\/faya.unse.edu.ar\/wp-content\/uploads\/jor-tuc-fitosanitarios-faya-unse-04-150x150.jpeg 150w, https:\/\/faya.unse.edu.ar\/wp-content\/uploads\/jor-tuc-fitosanitarios-faya-unse-04-570x570.jpeg 570w, https:\/\/faya.unse.edu.ar\/wp-content\/uploads\/jor-tuc-fitosanitarios-faya-unse-04-500x500.jpeg 500w\" sizes=\"(max-width: 150px) 100vw, 150px\" \/><\/a>\n\t\t\t<\/dt><\/dl><dl class='gallery-item'>\n\t\t\t<dt class='gallery-icon landscape'>\n\t\t\t\t<a href='https:\/\/faya.unse.edu.ar\/wp-content\/uploads\/jor-tuc-fitosanitarios-faya-unse-05.jpeg'><img width=\"150\" height=\"150\" src=\"https:\/\/faya.unse.edu.ar\/wp-content\/uploads\/jor-tuc-fitosanitarios-faya-unse-05-150x150.jpeg\" class=\"attachment-thumbnail size-thumbnail\" alt=\"\" loading=\"lazy\" srcset=\"https:\/\/faya.unse.edu.ar\/wp-content\/uploads\/jor-tuc-fitosanitarios-faya-unse-05-150x150.jpeg 150w, https:\/\/faya.unse.edu.ar\/wp-content\/uploads\/jor-tuc-fitosanitarios-faya-unse-05-570x570.jpeg 570w, https:\/\/faya.unse.edu.ar\/wp-content\/uploads\/jor-tuc-fitosanitarios-faya-unse-05-500x500.jpeg 500w\" sizes=\"(max-width: 150px) 100vw, 150px\" \/><\/a>\n\t\t\t<\/dt><\/dl>\n\t\t\t<br style='clear: both' \/>\n\t\t<\/div>\n\n","protected":false},"excerpt":{"rendered":"<p>Estudiantes de la carrera Ingenier\u00eda Agron\u00f3mica de la nuestra Facultad, participaron de la 42\u00aa Jornada sobre Buenas Pr\u00e1cticas de Aplicaci\u00f3n de Productos Fitosanitarios que se realiz\u00f3, en el d\u00eda de la fecha, en la localidad de Cejas, provincia de Tucum\u00e1n. Los estudiantes que participaron de&#8230;<\/p>\n","protected":false},"author":2,"featured_media":27436,"comment_status":"open","ping_status":"open","sticky":false,"template":"","format":"standard","meta":{"_mi_skip_tracking":false},"categories":[194,5],"tags":[],"yoast_head":"<!-- This site is optimized with the Yoast SEO plugin v17.7.1 - https:\/\/yoast.com\/wordpress\/plugins\/seo\/ -->\n<meta name=\"robots\" content=\"index, follow, max-snippet:-1, max-image-preview:large, max-video-preview:-1\" \/>\n<link rel=\"canonical\" href=\"https:\/\/faya.unse.edu.ar\/index.php\/institucional\/2021\/estudiantes-y-docentes-de-la-faya-participaron-de-una-jornada-en-tucuman\/\" \/>\n<meta property=\"og:locale\" content=\"es_ES\" \/>\n<meta property=\"og:type\" content=\"article\" \/>\n<meta property=\"og:title\" content=\"ESTUDIANTES y DOCENTES DE LA FAyA PARTICIPARON DE UNA JORNADA EN TUCUM\u00c1N | Facultad de Agronom\u00eda y Agroindustrias UNSE | FAyA UNSE\" \/>\n<meta property=\"og:description\" content=\"Estudiantes de la carrera Ingenier\u00eda Agron\u00f3mica de la nuestra Facultad, participaron de la 42\u00aa Jornada sobre Buenas Pr\u00e1cticas de Aplicaci\u00f3n de Productos Fitosanitarios que se realiz\u00f3, en el d\u00eda de la fecha, en la localidad de Cejas, provincia de Tucum\u00e1n. Los estudiantes que participaron de...\" \/>\n<meta property=\"og:url\" content=\"https:\/\/faya.unse.edu.ar\/index.php\/institucional\/2021\/estudiantes-y-docentes-de-la-faya-participaron-de-una-jornada-en-tucuman\/\" \/>\n<meta property=\"og:site_name\" content=\"Facultad de Agronom\u00eda y Agroindustrias UNSE | FAyA UNSE\" \/>\n<meta property=\"article:publisher\" content=\"https:\/\/www.facebook.com\/agroUNSE\/\" \/>\n<meta property=\"article:published_time\" content=\"2021-10-13T17:44:06+00:00\" \/>\n<meta property=\"article:modified_time\" content=\"2021-10-13T18:04:15+00:00\" \/>\n<meta property=\"og:image\" content=\"https:\/\/faya.unse.edu.ar\/wp-content\/uploads\/jor-tuc-fitosanitarios-faya-unse-01c.jpeg\" \/>\n\t<meta property=\"og:image:width\" content=\"732\" \/>\n\t<meta property=\"og:image:height\" content=\"484\" \/>\n<meta name=\"twitter:card\" content=\"summary_large_image\" \/>\n<meta name=\"twitter:creator\" content=\"@fayaunse\" \/>\n<meta name=\"twitter:site\" content=\"@fayaunse\" \/>\n<meta name=\"twitter:label1\" content=\"Escrito por\" \/>\n\t<meta name=\"twitter:data1\" content=\"Comunicaci\u00f3n FAyA\" \/>\n\t<meta name=\"twitter:label2\" content=\"Tiempo de lectura\" \/>\n\t<meta name=\"twitter:data2\" content=\"1 minuto\" \/>\n<script type=\"application\/ld+json\" class=\"yoast-schema-graph\">{\"@context\":\"https:\/\/schema.org\",\"@graph\":[{\"@type\":\"WebSite\",\"@id\":\"https:\/\/faya.unse.edu.ar\/#website\",\"url\":\"https:\/\/faya.unse.edu.ar\/\",\"name\":\"Facultad de Agronom\\u00eda y Agroindustrias UNSE | FAyA UNSE\",\"description\":\"\",\"potentialAction\":[{\"@type\":\"SearchAction\",\"target\":{\"@type\":\"EntryPoint\",\"urlTemplate\":\"https:\/\/faya.unse.edu.ar\/?s={search_term_string}\"},\"query-input\":\"required name=search_term_string\"}],\"inLanguage\":\"es-AR\"},{\"@type\":\"ImageObject\",\"@id\":\"https:\/\/faya.unse.edu.ar\/index.php\/institucional\/2021\/estudiantes-y-docentes-de-la-faya-participaron-de-una-jornada-en-tucuman\/#primaryimage\",\"inLanguage\":\"es-AR\",\"url\":\"https:\/\/faya.unse.edu.ar\/wp-content\/uploads\/jor-tuc-fitosanitarios-faya-unse-01c.jpeg\",\"contentUrl\":\"https:\/\/faya.unse.edu.ar\/wp-content\/uploads\/jor-tuc-fitosanitarios-faya-unse-01c.jpeg\",\"width\":732,\"height\":484},{\"@type\":\"WebPage\",\"@id\":\"https:\/\/faya.unse.edu.ar\/index.php\/institucional\/2021\/estudiantes-y-docentes-de-la-faya-participaron-de-una-jornada-en-tucuman\/#webpage\",\"url\":\"https:\/\/faya.unse.edu.ar\/index.php\/institucional\/2021\/estudiantes-y-docentes-de-la-faya-participaron-de-una-jornada-en-tucuman\/\",\"name\":\"ESTUDIANTES y DOCENTES DE LA FAyA PARTICIPARON DE UNA JORNADA EN TUCUM\\u00c1N | Facultad de Agronom\\u00eda y Agroindustrias UNSE | FAyA UNSE\",\"isPartOf\":{\"@id\":\"https:\/\/faya.unse.edu.ar\/#website\"},\"primaryImageOfPage\":{\"@id\":\"https:\/\/faya.unse.edu.ar\/index.php\/institucional\/2021\/estudiantes-y-docentes-de-la-faya-participaron-de-una-jornada-en-tucuman\/#primaryimage\"},\"datePublished\":\"2021-10-13T17:44:06+00:00\",\"dateModified\":\"2021-10-13T18:04:15+00:00\",\"author\":{\"@id\":\"https:\/\/faya.unse.edu.ar\/#\/schema\/person\/6759100fdfd04c998461a230bc877a42\"},\"breadcrumb\":{\"@id\":\"https:\/\/faya.unse.edu.ar\/index.php\/institucional\/2021\/estudiantes-y-docentes-de-la-faya-participaron-de-una-jornada-en-tucuman\/#breadcrumb\"},\"inLanguage\":\"es-AR\",\"potentialAction\":[{\"@type\":\"ReadAction\",\"target\":[\"https:\/\/faya.unse.edu.ar\/index.php\/institucional\/2021\/estudiantes-y-docentes-de-la-faya-participaron-de-una-jornada-en-tucuman\/\"]}]},{\"@type\":\"BreadcrumbList\",\"@id\":\"https:\/\/faya.unse.edu.ar\/index.php\/institucional\/2021\/estudiantes-y-docentes-de-la-faya-participaron-de-una-jornada-en-tucuman\/#breadcrumb\",\"itemListElement\":[{\"@type\":\"ListItem\",\"position\":1,\"name\":\"Home\",\"item\":\"https:\/\/faya.unse.edu.ar\/\"},{\"@type\":\"ListItem\",\"position\":2,\"name\":\"ESTUDIANTES y DOCENTES DE LA FAyA PARTICIPARON DE UNA JORNADA EN TUCUM\\u00c1N\"}]},{\"@type\":\"Person\",\"@id\":\"https:\/\/faya.unse.edu.ar\/#\/schema\/person\/6759100fdfd04c998461a230bc877a42\",\"name\":\"Comunicaci\\u00f3n FAyA\",\"url\":\"https:\/\/faya.unse.edu.ar\/index.php\/author\/ariel_jugo\/\"}]}<\/script>\n<!-- \/ Yoast SEO plugin. -->","yoast_head_json":{"robots":{"index":"index","follow":"follow","max-snippet":"max-snippet:-1","max-image-preview":"max-image-preview:large","max-video-preview":"max-video-preview:-1"},"canonical":"https:\/\/faya.unse.edu.ar\/index.php\/institucional\/2021\/estudiantes-y-docentes-de-la-faya-participaron-de-una-jornada-en-tucuman\/","og_locale":"es_ES","og_type":"article","og_title":"ESTUDIANTES y DOCENTES DE LA FAyA PARTICIPARON DE UNA JORNADA EN TUCUM\u00c1N | Facultad de Agronom\u00eda y Agroindustrias UNSE | FAyA UNSE","og_description":"Estudiantes de la carrera Ingenier\u00eda Agron\u00f3mica de la nuestra Facultad, participaron de la 42\u00aa Jornada sobre Buenas Pr\u00e1cticas de Aplicaci\u00f3n de Productos Fitosanitarios que se realiz\u00f3, en el d\u00eda de la fecha, en la localidad de Cejas, provincia de Tucum\u00e1n. Los estudiantes que participaron de...","og_url":"https:\/\/faya.unse.edu.ar\/index.php\/institucional\/2021\/estudiantes-y-docentes-de-la-faya-participaron-de-una-jornada-en-tucuman\/","og_site_name":"Facultad de Agronom\u00eda y Agroindustrias UNSE | FAyA UNSE","article_publisher":"https:\/\/www.facebook.com\/agroUNSE\/","article_published_time":"2021-10-13T17:44:06+00:00","article_modified_time":"2021-10-13T18:04:15+00:00","og_image":[{"width":732,"height":484,"url":"https:\/\/faya.unse.edu.ar\/wp-content\/uploads\/jor-tuc-fitosanitarios-faya-unse-01c.jpeg","type":"image\/jpeg"}],"twitter_card":"summary_large_image","twitter_creator":"@fayaunse","twitter_site":"@fayaunse","twitter_misc":{"Escrito por":"Comunicaci\u00f3n FAyA","Tiempo de lectura":"1 minuto"},"schema":{"@context":"https:\/\/schema.org","@graph":[{"@type":"WebSite","@id":"https:\/\/faya.unse.edu.ar\/#website","url":"https:\/\/faya.unse.edu.ar\/","name":"Facultad de Agronom\u00eda y Agroindustrias UNSE | FAyA UNSE","description":"","potentialAction":[{"@type":"SearchAction","target":{"@type":"EntryPoint","urlTemplate":"https:\/\/faya.unse.edu.ar\/?s={search_term_string}"},"query-input":"required name=search_term_string"}],"inLanguage":"es-AR"},{"@type":"ImageObject","@id":"https:\/\/faya.unse.edu.ar\/index.php\/institucional\/2021\/estudiantes-y-docentes-de-la-faya-participaron-de-una-jornada-en-tucuman\/#primaryimage","inLanguage":"es-AR","url":"https:\/\/faya.unse.edu.ar\/wp-content\/uploads\/jor-tuc-fitosanitarios-faya-unse-01c.jpeg","contentUrl":"https:\/\/faya.unse.edu.ar\/wp-content\/uploads\/jor-tuc-fitosanitarios-faya-unse-01c.jpeg","width":732,"height":484},{"@type":"WebPage","@id":"https:\/\/faya.unse.edu.ar\/index.php\/institucional\/2021\/estudiantes-y-docentes-de-la-faya-participaron-de-una-jornada-en-tucuman\/#webpage","url":"https:\/\/faya.unse.edu.ar\/index.php\/institucional\/2021\/estudiantes-y-docentes-de-la-faya-participaron-de-una-jornada-en-tucuman\/","name":"ESTUDIANTES y DOCENTES DE LA FAyA PARTICIPARON DE UNA JORNADA EN TUCUM\u00c1N | Facultad de Agronom\u00eda y Agroindustrias UNSE | FAyA UNSE","isPartOf":{"@id":"https:\/\/faya.unse.edu.ar\/#website"},"primaryImageOfPage":{"@id":"https:\/\/faya.unse.edu.ar\/index.php\/institucional\/2021\/estudiantes-y-docentes-de-la-faya-participaron-de-una-jornada-en-tucuman\/#primaryimage"},"datePublished":"2021-10-13T17:44:06+00:00","dateModified":"2021-10-13T18:04:15+00:00","author":{"@id":"https:\/\/faya.unse.edu.ar\/#\/schema\/person\/6759100fdfd04c998461a230bc877a42"},"breadcrumb":{"@id":"https:\/\/faya.unse.edu.ar\/index.php\/institucional\/2021\/estudiantes-y-docentes-de-la-faya-participaron-de-una-jornada-en-tucuman\/#breadcrumb"},"inLanguage":"es-AR","potentialAction":[{"@type":"ReadAction","target":["https:\/\/faya.unse.edu.ar\/index.php\/institucional\/2021\/estudiantes-y-docentes-de-la-faya-participaron-de-una-jornada-en-tucuman\/"]}]},{"@type":"BreadcrumbList","@id":"https:\/\/faya.unse.edu.ar\/index.php\/institucional\/2021\/estudiantes-y-docentes-de-la-faya-participaron-de-una-jornada-en-tucuman\/#breadcrumb","itemListElement":[{"@type":"ListItem","position":1,"name":"Home","item":"https:\/\/faya.unse.edu.ar\/"},{"@type":"ListItem","position":2,"name":"ESTUDIANTES y DOCENTES DE LA FAyA PARTICIPARON DE UNA JORNADA EN TUCUM\u00c1N"}]},{"@type":"Person","@id":"https:\/\/faya.unse.edu.ar\/#\/schema\/person\/6759100fdfd04c998461a230bc877a42","name":"Comunicaci\u00f3n FAyA","url":"https:\/\/faya.unse.edu.ar\/index.php\/author\/ariel_jugo\/"}]}},"_links":{"self":[{"href":"https:\/\/faya.unse.edu.ar\/index.php\/wp-json\/wp\/v2\/posts\/27429"}],"collection":[{"href":"https:\/\/faya.unse.edu.ar\/index.php\/wp-json\/wp\/v2\/posts"}],"about":[{"href":"https:\/\/faya.unse.edu.ar\/index.php\/wp-json\/wp\/v2\/types\/post"}],"author":[{"embeddable":true,"href":"https:\/\/faya.unse.edu.ar\/index.php\/wp-json\/wp\/v2\/users\/2"}],"replies":[{"embeddable":true,"href":"https:\/\/faya.unse.edu.ar\/index.php\/wp-json\/wp\/v2\/comments?post=27429"}],"version-history":[{"count":3,"href":"https:\/\/faya.unse.edu.ar\/index.php\/wp-json\/wp\/v2\/posts\/27429\/revisions"}],"predecessor-version":[{"id":27439,"href":"https:\/\/faya.unse.edu.ar\/index.php\/wp-json\/wp\/v2\/posts\/27429\/revisions\/27439"}],"wp:featuredmedia":[{"embeddable":true,"href":"https:\/\/faya.unse.edu.ar\/index.php\/wp-json\/wp\/v2\/media\/27436"}],"wp:attachment":[{"href":"https:\/\/faya.unse.edu.ar\/index.php\/wp-json\/wp\/v2\/media?parent=27429"}],"wp:term":[{"taxonomy":"category","embeddable":true,"href":"https:\/\/faya.unse.edu.ar\/index.php\/wp-json\/wp\/v2\/categories?post=27429"},{"taxonomy":"post_tag","embeddable":true,"href":"https:\/\/faya.unse.edu.ar\/index.php\/wp-json\/wp\/v2\/tags?post=27429"}],"curies":[{"name":"wp","href":"https:\/\/api.w.org\/{rel}","templated":true}]}}