{"id":29149,"date":"2022-05-10T00:03:00","date_gmt":"2022-05-10T03:03:00","guid":{"rendered":"https:\/\/faya.unse.edu.ar\/?p=29149"},"modified":"2022-05-09T10:57:39","modified_gmt":"2022-05-09T13:57:39","slug":"49-aniversario-de-la-universidad-nacional-de-santiago-del-estero","status":"publish","type":"post","link":"https:\/\/faya.unse.edu.ar\/index.php\/noticias\/2022\/49-aniversario-de-la-universidad-nacional-de-santiago-del-estero\/","title":{"rendered":"49\u00b0 ANIVERSARIO DE LA UNIVERSIDAD NACIONAL DE SANTIAGO DEL ESTERO"},"content":{"rendered":"\n<p>Celebramos el compromiso de quienes integramos esta instituci\u00f3n, que a diario trabajamos en pos de la educaci\u00f3n p\u00fablica, gratuita, laica, inclusiva y de calidad.<\/p>\n","protected":false},"excerpt":{"rendered":"<p>Celebramos el compromiso de quienes integramos esta instituci\u00f3n, que a diario trabajamos en pos de la educaci\u00f3n p\u00fablica, gratuita, laica, inclusiva y de calidad.<\/p>\n","protected":false},"author":5,"featured_media":29150,"comment_status":"closed","ping_status":"closed","sticky":false,"template":"","format":"standard","meta":{"_mi_skip_tracking":false},"categories":[5],"tags":[],"yoast_head":"<!-- This site is optimized with the Yoast SEO plugin v17.7.1 - https:\/\/yoast.com\/wordpress\/plugins\/seo\/ -->\n<meta name=\"description\" content=\"Celebramos el compromiso de quienes integramos esta instituci\u00f3n, que a diario trabajamos en pos de la educaci\u00f3n p\u00fablica, gratuita, laica, inclusiva y de calidad.\" \/>\n<meta name=\"robots\" content=\"index, follow, max-snippet:-1, max-image-preview:large, max-video-preview:-1\" \/>\n<link rel=\"canonical\" href=\"https:\/\/faya.unse.edu.ar\/index.php\/noticias\/2022\/49-aniversario-de-la-universidad-nacional-de-santiago-del-estero\/\" \/>\n<meta property=\"og:locale\" content=\"es_ES\" \/>\n<meta property=\"og:type\" content=\"article\" \/>\n<meta property=\"og:title\" content=\"49\u00b0 ANIVERSARIO DE LA UNIVERSIDAD NACIONAL DE SANTIAGO DEL ESTERO | Facultad de Agronom\u00eda y Agroindustrias UNSE | FAyA UNSE\" \/>\n<meta property=\"og:description\" content=\"Celebramos el compromiso de quienes integramos esta instituci\u00f3n, que a diario trabajamos en pos de la educaci\u00f3n p\u00fablica, gratuita, laica, inclusiva y de calidad.\" \/>\n<meta property=\"og:url\" content=\"https:\/\/faya.unse.edu.ar\/index.php\/noticias\/2022\/49-aniversario-de-la-universidad-nacional-de-santiago-del-estero\/\" \/>\n<meta property=\"og:site_name\" content=\"Facultad de Agronom\u00eda y Agroindustrias UNSE | FAyA UNSE\" \/>\n<meta property=\"article:publisher\" content=\"https:\/\/www.facebook.com\/agroUNSE\/\" \/>\n<meta property=\"article:published_time\" content=\"2022-05-10T03:03:00+00:00\" \/>\n<meta property=\"article:modified_time\" content=\"2022-05-09T13:57:39+00:00\" \/>\n<meta property=\"og:image\" content=\"https:\/\/faya.unse.edu.ar\/wp-content\/uploads\/aniversario-unse.png\" \/>\n\t<meta property=\"og:image:width\" content=\"1080\" \/>\n\t<meta property=\"og:image:height\" content=\"1080\" \/>\n<meta name=\"twitter:card\" content=\"summary_large_image\" \/>\n<meta name=\"twitter:creator\" content=\"@fayaunse\" \/>\n<meta name=\"twitter:site\" content=\"@fayaunse\" \/>\n<meta name=\"twitter:label1\" content=\"Escrito por\" \/>\n\t<meta name=\"twitter:data1\" content=\"Comunicaci\u00f3n FAyA-UNSE\" \/>\n\t<meta name=\"twitter:label2\" content=\"Tiempo de lectura\" \/>\n\t<meta name=\"twitter:data2\" content=\"1 minuto\" \/>\n<script type=\"application\/ld+json\" class=\"yoast-schema-graph\">{\"@context\":\"https:\/\/schema.org\",\"@graph\":[{\"@type\":\"WebSite\",\"@id\":\"https:\/\/faya.unse.edu.ar\/#website\",\"url\":\"https:\/\/faya.unse.edu.ar\/\",\"name\":\"Facultad de Agronom\\u00eda y Agroindustrias UNSE | FAyA UNSE\",\"description\":\"\",\"potentialAction\":[{\"@type\":\"SearchAction\",\"target\":{\"@type\":\"EntryPoint\",\"urlTemplate\":\"https:\/\/faya.unse.edu.ar\/?s={search_term_string}\"},\"query-input\":\"required name=search_term_string\"}],\"inLanguage\":\"es-AR\"},{\"@type\":\"ImageObject\",\"@id\":\"https:\/\/faya.unse.edu.ar\/index.php\/noticias\/2022\/49-aniversario-de-la-universidad-nacional-de-santiago-del-estero\/#primaryimage\",\"inLanguage\":\"es-AR\",\"url\":\"https:\/\/faya.unse.edu.ar\/wp-content\/uploads\/aniversario-unse.png\",\"contentUrl\":\"https:\/\/faya.unse.edu.ar\/wp-content\/uploads\/aniversario-unse.png\",\"width\":1080,\"height\":1080},{\"@type\":\"WebPage\",\"@id\":\"https:\/\/faya.unse.edu.ar\/index.php\/noticias\/2022\/49-aniversario-de-la-universidad-nacional-de-santiago-del-estero\/#webpage\",\"url\":\"https:\/\/faya.unse.edu.ar\/index.php\/noticias\/2022\/49-aniversario-de-la-universidad-nacional-de-santiago-del-estero\/\",\"name\":\"49\\u00b0 ANIVERSARIO DE LA UNIVERSIDAD NACIONAL DE SANTIAGO DEL ESTERO | Facultad de Agronom\\u00eda y Agroindustrias UNSE | FAyA UNSE\",\"isPartOf\":{\"@id\":\"https:\/\/faya.unse.edu.ar\/#website\"},\"primaryImageOfPage\":{\"@id\":\"https:\/\/faya.unse.edu.ar\/index.php\/noticias\/2022\/49-aniversario-de-la-universidad-nacional-de-santiago-del-estero\/#primaryimage\"},\"datePublished\":\"2022-05-10T03:03:00+00:00\",\"dateModified\":\"2022-05-09T13:57:39+00:00\",\"author\":{\"@id\":\"https:\/\/faya.unse.edu.ar\/#\/schema\/person\/6c3c11fbb65d413b2f687368ab071449\"},\"description\":\"Celebramos el compromiso de quienes integramos esta instituci\\u00f3n, que a diario trabajamos en pos de la educaci\\u00f3n p\\u00fablica, gratuita, laica, inclusiva y de calidad.\",\"breadcrumb\":{\"@id\":\"https:\/\/faya.unse.edu.ar\/index.php\/noticias\/2022\/49-aniversario-de-la-universidad-nacional-de-santiago-del-estero\/#breadcrumb\"},\"inLanguage\":\"es-AR\",\"potentialAction\":[{\"@type\":\"ReadAction\",\"target\":[\"https:\/\/faya.unse.edu.ar\/index.php\/noticias\/2022\/49-aniversario-de-la-universidad-nacional-de-santiago-del-estero\/\"]}]},{\"@type\":\"BreadcrumbList\",\"@id\":\"https:\/\/faya.unse.edu.ar\/index.php\/noticias\/2022\/49-aniversario-de-la-universidad-nacional-de-santiago-del-estero\/#breadcrumb\",\"itemListElement\":[{\"@type\":\"ListItem\",\"position\":1,\"name\":\"Home\",\"item\":\"https:\/\/faya.unse.edu.ar\/\"},{\"@type\":\"ListItem\",\"position\":2,\"name\":\"49\\u00b0 ANIVERSARIO DE LA UNIVERSIDAD NACIONAL DE SANTIAGO DEL ESTERO\"}]},{\"@type\":\"Person\",\"@id\":\"https:\/\/faya.unse.edu.ar\/#\/schema\/person\/6c3c11fbb65d413b2f687368ab071449\",\"name\":\"Comunicaci\\u00f3n FAyA-UNSE\",\"url\":\"https:\/\/faya.unse.edu.ar\/index.php\/author\/solroman\/\"}]}<\/script>\n<!-- \/ Yoast SEO plugin. -->","yoast_head_json":{"description":"Celebramos el compromiso de quienes integramos esta instituci\u00f3n, que a diario trabajamos en pos de la educaci\u00f3n p\u00fablica, gratuita, laica, inclusiva y de calidad.","robots":{"index":"index","follow":"follow","max-snippet":"max-snippet:-1","max-image-preview":"max-image-preview:large","max-video-preview":"max-video-preview:-1"},"canonical":"https:\/\/faya.unse.edu.ar\/index.php\/noticias\/2022\/49-aniversario-de-la-universidad-nacional-de-santiago-del-estero\/","og_locale":"es_ES","og_type":"article","og_title":"49\u00b0 ANIVERSARIO DE LA UNIVERSIDAD NACIONAL DE SANTIAGO DEL ESTERO | Facultad de Agronom\u00eda y Agroindustrias UNSE | FAyA UNSE","og_description":"Celebramos el compromiso de quienes integramos esta instituci\u00f3n, que a diario trabajamos en pos de la educaci\u00f3n p\u00fablica, gratuita, laica, inclusiva y de calidad.","og_url":"https:\/\/faya.unse.edu.ar\/index.php\/noticias\/2022\/49-aniversario-de-la-universidad-nacional-de-santiago-del-estero\/","og_site_name":"Facultad de Agronom\u00eda y Agroindustrias UNSE | FAyA UNSE","article_publisher":"https:\/\/www.facebook.com\/agroUNSE\/","article_published_time":"2022-05-10T03:03:00+00:00","article_modified_time":"2022-05-09T13:57:39+00:00","og_image":[{"width":1080,"height":1080,"url":"https:\/\/faya.unse.edu.ar\/wp-content\/uploads\/aniversario-unse.png","type":"image\/png"}],"twitter_card":"summary_large_image","twitter_creator":"@fayaunse","twitter_site":"@fayaunse","twitter_misc":{"Escrito por":"Comunicaci\u00f3n FAyA-UNSE","Tiempo de lectura":"1 minuto"},"schema":{"@context":"https:\/\/schema.org","@graph":[{"@type":"WebSite","@id":"https:\/\/faya.unse.edu.ar\/#website","url":"https:\/\/faya.unse.edu.ar\/","name":"Facultad de Agronom\u00eda y Agroindustrias UNSE | FAyA UNSE","description":"","potentialAction":[{"@type":"SearchAction","target":{"@type":"EntryPoint","urlTemplate":"https:\/\/faya.unse.edu.ar\/?s={search_term_string}"},"query-input":"required name=search_term_string"}],"inLanguage":"es-AR"},{"@type":"ImageObject","@id":"https:\/\/faya.unse.edu.ar\/index.php\/noticias\/2022\/49-aniversario-de-la-universidad-nacional-de-santiago-del-estero\/#primaryimage","inLanguage":"es-AR","url":"https:\/\/faya.unse.edu.ar\/wp-content\/uploads\/aniversario-unse.png","contentUrl":"https:\/\/faya.unse.edu.ar\/wp-content\/uploads\/aniversario-unse.png","width":1080,"height":1080},{"@type":"WebPage","@id":"https:\/\/faya.unse.edu.ar\/index.php\/noticias\/2022\/49-aniversario-de-la-universidad-nacional-de-santiago-del-estero\/#webpage","url":"https:\/\/faya.unse.edu.ar\/index.php\/noticias\/2022\/49-aniversario-de-la-universidad-nacional-de-santiago-del-estero\/","name":"49\u00b0 ANIVERSARIO DE LA UNIVERSIDAD NACIONAL DE SANTIAGO DEL ESTERO | Facultad de Agronom\u00eda y Agroindustrias UNSE | FAyA UNSE","isPartOf":{"@id":"https:\/\/faya.unse.edu.ar\/#website"},"primaryImageOfPage":{"@id":"https:\/\/faya.unse.edu.ar\/index.php\/noticias\/2022\/49-aniversario-de-la-universidad-nacional-de-santiago-del-estero\/#primaryimage"},"datePublished":"2022-05-10T03:03:00+00:00","dateModified":"2022-05-09T13:57:39+00:00","author":{"@id":"https:\/\/faya.unse.edu.ar\/#\/schema\/person\/6c3c11fbb65d413b2f687368ab071449"},"description":"Celebramos el compromiso de quienes integramos esta instituci\u00f3n, que a diario trabajamos en pos de la educaci\u00f3n p\u00fablica, gratuita, laica, inclusiva y de calidad.","breadcrumb":{"@id":"https:\/\/faya.unse.edu.ar\/index.php\/noticias\/2022\/49-aniversario-de-la-universidad-nacional-de-santiago-del-estero\/#breadcrumb"},"inLanguage":"es-AR","potentialAction":[{"@type":"ReadAction","target":["https:\/\/faya.unse.edu.ar\/index.php\/noticias\/2022\/49-aniversario-de-la-universidad-nacional-de-santiago-del-estero\/"]}]},{"@type":"BreadcrumbList","@id":"https:\/\/faya.unse.edu.ar\/index.php\/noticias\/2022\/49-aniversario-de-la-universidad-nacional-de-santiago-del-estero\/#breadcrumb","itemListElement":[{"@type":"ListItem","position":1,"name":"Home","item":"https:\/\/faya.unse.edu.ar\/"},{"@type":"ListItem","position":2,"name":"49\u00b0 ANIVERSARIO DE LA UNIVERSIDAD NACIONAL DE SANTIAGO DEL ESTERO"}]},{"@type":"Person","@id":"https:\/\/faya.unse.edu.ar\/#\/schema\/person\/6c3c11fbb65d413b2f687368ab071449","name":"Comunicaci\u00f3n FAyA-UNSE","url":"https:\/\/faya.unse.edu.ar\/index.php\/author\/solroman\/"}]}},"_links":{"self":[{"href":"https:\/\/faya.unse.edu.ar\/index.php\/wp-json\/wp\/v2\/posts\/29149"}],"collection":[{"href":"https:\/\/faya.unse.edu.ar\/index.php\/wp-json\/wp\/v2\/posts"}],"about":[{"href":"https:\/\/faya.unse.edu.ar\/index.php\/wp-json\/wp\/v2\/types\/post"}],"author":[{"embeddable":true,"href":"https:\/\/faya.unse.edu.ar\/index.php\/wp-json\/wp\/v2\/users\/5"}],"replies":[{"embeddable":true,"href":"https:\/\/faya.unse.edu.ar\/index.php\/wp-json\/wp\/v2\/comments?post=29149"}],"version-history":[{"count":1,"href":"https:\/\/faya.unse.edu.ar\/index.php\/wp-json\/wp\/v2\/posts\/29149\/revisions"}],"predecessor-version":[{"id":29151,"href":"https:\/\/faya.unse.edu.ar\/index.php\/wp-json\/wp\/v2\/posts\/29149\/revisions\/29151"}],"wp:featuredmedia":[{"embeddable":true,"href":"https:\/\/faya.unse.edu.ar\/index.php\/wp-json\/wp\/v2\/media\/29150"}],"wp:attachment":[{"href":"https:\/\/faya.unse.edu.ar\/index.php\/wp-json\/wp\/v2\/media?parent=29149"}],"wp:term":[{"taxonomy":"category","embeddable":true,"href":"https:\/\/faya.unse.edu.ar\/index.php\/wp-json\/wp\/v2\/categories?post=29149"},{"taxonomy":"post_tag","embeddable":true,"href":"https:\/\/faya.unse.edu.ar\/index.php\/wp-json\/wp\/v2\/tags?post=29149"}],"curies":[{"name":"wp","href":"https:\/\/api.w.org\/{rel}","templated":true}]}}