{"id":29471,"date":"2022-06-10T16:00:06","date_gmt":"2022-06-10T19:00:06","guid":{"rendered":"https:\/\/faya.unse.edu.ar\/?p=29471"},"modified":"2022-06-10T16:00:06","modified_gmt":"2022-06-10T19:00:06","slug":"homenaje-al-dr-hector-boggetti","status":"publish","type":"post","link":"https:\/\/faya.unse.edu.ar\/index.php\/institucional\/2022\/homenaje-al-dr-hector-boggetti\/","title":{"rendered":"HOMENAJE AL DR. H\u00c9CTOR BOGGETTI"},"content":{"rendered":"\n<p>Por iniciativa colectiva de docentes y estudiantes de la Carrera de Licenciatura en Qu\u00edmica, la comunidad de nuestra Facultad y la UNSE, en el d\u00eda de hoy se llev\u00f3 a cabo un acto homenaje al Dr. H\u00e9ctor Boggetti, a un a\u00f1o de su partida. El Consejo Directivo de la FAyA, mediante Resoluci\u00f3n 90\/2022, dispuso la concreci\u00f3n del merecido homenaje.<\/p>\n\n\n\n<p>Participaron del homenaje, la vicerrectora de la UNSE, Lic. Marcela Ju\u00e1rez; la decana de la Facultad de Agronom\u00eda y Agroindustrias, Dra. Myriam Villarreal; el decano de la Facultad de Humanidades, Ciencias Sociales y de la Salud, Lic. Marcelino Ledesma; el decano de la Facultad de Ciencias M\u00e9dicas, Dr. Eduardo Allub; la vicedecana de la Facultad de Ciencias Exactas y Tecnolog\u00edas, Dra. Mar\u00eda Fernanda Mellano; secretarias y secretarios de Universidad y de las Facultades; en representaci\u00f3n de la familia Boggetti, la Sra. Elena Larrosa; amistades, colegas y estudiantes del Dr. Boggetti.<\/p>\n\n\n\n<p>En la oportunidad, expresaron palabras de cari\u00f1o y recuerdo la Lic. Valeria Tapia Mattar, egresada de la carrera Licenciatura en Qu\u00edmica; la Dra. Gisela Fabiani,&nbsp;docente de nuestra casa y amiga personal del Dr. Boggetti; y la decana de la FAyA.<\/p>\n\n\n\n<p>As\u00ed tambi\u00e9n se reprodujo para todos los presentes un audio enviado por la esposa del Dr. Boggetti, Sra. Susana Barbero.<\/p>\n\n\n\n<p><em>Siempre recordaremos a <strong>H\u00e9ctor<\/strong> como un profesional dedicado, comprometido y solidario, que realiz\u00f3 su carrera y transit\u00f3 la instituci\u00f3n con<\/em> <em>entrega permanente a la actividad docente, a la formaci\u00f3n de recursos humanos y a la funci\u00f3n de gesti\u00f3n en distintos \u00e1mbitos.<\/em><\/p>\n\n\n\n<figure class=\"wp-block-gallery columns-3 is-cropped\"><ul class=\"blocks-gallery-grid\"><li class=\"blocks-gallery-item\"><figure><img loading=\"lazy\" width=\"1024\" height=\"768\" src=\"https:\/\/faya.unse.edu.ar\/wp-content\/uploads\/homenaje-boggetti-faya-unse-01-1024x768.jpg\" alt=\"\" data-id=\"29472\" data-full-url=\"https:\/\/faya.unse.edu.ar\/wp-content\/uploads\/homenaje-boggetti-faya-unse-01-scaled.jpg\" data-link=\"https:\/\/faya.unse.edu.ar\/?attachment_id=29472\" class=\"wp-image-29472\" srcset=\"https:\/\/faya.unse.edu.ar\/wp-content\/uploads\/homenaje-boggetti-faya-unse-01-1024x768.jpg 1024w, https:\/\/faya.unse.edu.ar\/wp-content\/uploads\/homenaje-boggetti-faya-unse-01-300x225.jpg 300w, https:\/\/faya.unse.edu.ar\/wp-content\/uploads\/homenaje-boggetti-faya-unse-01-768x576.jpg 768w, https:\/\/faya.unse.edu.ar\/wp-content\/uploads\/homenaje-boggetti-faya-unse-01-1536x1152.jpg 1536w, https:\/\/faya.unse.edu.ar\/wp-content\/uploads\/homenaje-boggetti-faya-unse-01-2048x1536.jpg 2048w, https:\/\/faya.unse.edu.ar\/wp-content\/uploads\/homenaje-boggetti-faya-unse-01-800x600.jpg 800w, https:\/\/faya.unse.edu.ar\/wp-content\/uploads\/homenaje-boggetti-faya-unse-01-700x525.jpg 700w\" sizes=\"(max-width: 1024px) 100vw, 1024px\" \/><\/figure><\/li><li class=\"blocks-gallery-item\"><figure><img loading=\"lazy\" width=\"1024\" height=\"768\" src=\"https:\/\/faya.unse.edu.ar\/wp-content\/uploads\/homenaje-boggetti-faya-unse-02-1024x768.jpg\" alt=\"\" data-id=\"29473\" data-full-url=\"https:\/\/faya.unse.edu.ar\/wp-content\/uploads\/homenaje-boggetti-faya-unse-02-scaled.jpg\" data-link=\"https:\/\/faya.unse.edu.ar\/?attachment_id=29473\" class=\"wp-image-29473\" srcset=\"https:\/\/faya.unse.edu.ar\/wp-content\/uploads\/homenaje-boggetti-faya-unse-02-1024x768.jpg 1024w, https:\/\/faya.unse.edu.ar\/wp-content\/uploads\/homenaje-boggetti-faya-unse-02-300x225.jpg 300w, https:\/\/faya.unse.edu.ar\/wp-content\/uploads\/homenaje-boggetti-faya-unse-02-768x576.jpg 768w, https:\/\/faya.unse.edu.ar\/wp-content\/uploads\/homenaje-boggetti-faya-unse-02-1536x1152.jpg 1536w, https:\/\/faya.unse.edu.ar\/wp-content\/uploads\/homenaje-boggetti-faya-unse-02-2048x1536.jpg 2048w, https:\/\/faya.unse.edu.ar\/wp-content\/uploads\/homenaje-boggetti-faya-unse-02-800x600.jpg 800w, https:\/\/faya.unse.edu.ar\/wp-content\/uploads\/homenaje-boggetti-faya-unse-02-700x525.jpg 700w\" sizes=\"(max-width: 1024px) 100vw, 1024px\" \/><\/figure><\/li><li class=\"blocks-gallery-item\"><figure><img loading=\"lazy\" width=\"1024\" height=\"768\" src=\"https:\/\/faya.unse.edu.ar\/wp-content\/uploads\/homenaje-boggetti-faya-unse-03-1024x768.jpg\" alt=\"\" data-id=\"29474\" data-full-url=\"https:\/\/faya.unse.edu.ar\/wp-content\/uploads\/homenaje-boggetti-faya-unse-03-scaled.jpg\" data-link=\"https:\/\/faya.unse.edu.ar\/?attachment_id=29474\" class=\"wp-image-29474\" srcset=\"https:\/\/faya.unse.edu.ar\/wp-content\/uploads\/homenaje-boggetti-faya-unse-03-1024x768.jpg 1024w, https:\/\/faya.unse.edu.ar\/wp-content\/uploads\/homenaje-boggetti-faya-unse-03-300x225.jpg 300w, https:\/\/faya.unse.edu.ar\/wp-content\/uploads\/homenaje-boggetti-faya-unse-03-768x576.jpg 768w, https:\/\/faya.unse.edu.ar\/wp-content\/uploads\/homenaje-boggetti-faya-unse-03-1536x1152.jpg 1536w, https:\/\/faya.unse.edu.ar\/wp-content\/uploads\/homenaje-boggetti-faya-unse-03-2048x1536.jpg 2048w, https:\/\/faya.unse.edu.ar\/wp-content\/uploads\/homenaje-boggetti-faya-unse-03-800x600.jpg 800w, https:\/\/faya.unse.edu.ar\/wp-content\/uploads\/homenaje-boggetti-faya-unse-03-700x525.jpg 700w\" sizes=\"(max-width: 1024px) 100vw, 1024px\" \/><\/figure><\/li><li class=\"blocks-gallery-item\"><figure><img loading=\"lazy\" width=\"1024\" height=\"768\" src=\"https:\/\/faya.unse.edu.ar\/wp-content\/uploads\/homenaje-boggetti-faya-unse-04-1024x768.jpg\" alt=\"\" data-id=\"29475\" data-full-url=\"https:\/\/faya.unse.edu.ar\/wp-content\/uploads\/homenaje-boggetti-faya-unse-04-scaled.jpg\" data-link=\"https:\/\/faya.unse.edu.ar\/?attachment_id=29475\" class=\"wp-image-29475\" srcset=\"https:\/\/faya.unse.edu.ar\/wp-content\/uploads\/homenaje-boggetti-faya-unse-04-1024x768.jpg 1024w, https:\/\/faya.unse.edu.ar\/wp-content\/uploads\/homenaje-boggetti-faya-unse-04-300x225.jpg 300w, https:\/\/faya.unse.edu.ar\/wp-content\/uploads\/homenaje-boggetti-faya-unse-04-768x576.jpg 768w, https:\/\/faya.unse.edu.ar\/wp-content\/uploads\/homenaje-boggetti-faya-unse-04-1536x1152.jpg 1536w, https:\/\/faya.unse.edu.ar\/wp-content\/uploads\/homenaje-boggetti-faya-unse-04-2048x1536.jpg 2048w, https:\/\/faya.unse.edu.ar\/wp-content\/uploads\/homenaje-boggetti-faya-unse-04-800x600.jpg 800w, https:\/\/faya.unse.edu.ar\/wp-content\/uploads\/homenaje-boggetti-faya-unse-04-700x525.jpg 700w\" sizes=\"(max-width: 1024px) 100vw, 1024px\" \/><\/figure><\/li><li class=\"blocks-gallery-item\"><figure><img loading=\"lazy\" width=\"1024\" height=\"768\" src=\"https:\/\/faya.unse.edu.ar\/wp-content\/uploads\/homenaje-boggetti-faya-unse-05-1024x768.jpg\" alt=\"\" data-id=\"29476\" data-full-url=\"https:\/\/faya.unse.edu.ar\/wp-content\/uploads\/homenaje-boggetti-faya-unse-05-scaled.jpg\" data-link=\"https:\/\/faya.unse.edu.ar\/?attachment_id=29476\" class=\"wp-image-29476\" srcset=\"https:\/\/faya.unse.edu.ar\/wp-content\/uploads\/homenaje-boggetti-faya-unse-05-1024x768.jpg 1024w, https:\/\/faya.unse.edu.ar\/wp-content\/uploads\/homenaje-boggetti-faya-unse-05-300x225.jpg 300w, https:\/\/faya.unse.edu.ar\/wp-content\/uploads\/homenaje-boggetti-faya-unse-05-768x576.jpg 768w, https:\/\/faya.unse.edu.ar\/wp-content\/uploads\/homenaje-boggetti-faya-unse-05-1536x1152.jpg 1536w, https:\/\/faya.unse.edu.ar\/wp-content\/uploads\/homenaje-boggetti-faya-unse-05-2048x1536.jpg 2048w, https:\/\/faya.unse.edu.ar\/wp-content\/uploads\/homenaje-boggetti-faya-unse-05-800x600.jpg 800w, https:\/\/faya.unse.edu.ar\/wp-content\/uploads\/homenaje-boggetti-faya-unse-05-700x525.jpg 700w\" sizes=\"(max-width: 1024px) 100vw, 1024px\" \/><\/figure><\/li><li class=\"blocks-gallery-item\"><figure><img loading=\"lazy\" width=\"1024\" height=\"768\" src=\"https:\/\/faya.unse.edu.ar\/wp-content\/uploads\/homenaje-boggetti-faya-unse-06-1024x768.jpg\" alt=\"\" data-id=\"29477\" data-full-url=\"https:\/\/faya.unse.edu.ar\/wp-content\/uploads\/homenaje-boggetti-faya-unse-06-scaled.jpg\" data-link=\"https:\/\/faya.unse.edu.ar\/?attachment_id=29477\" class=\"wp-image-29477\" srcset=\"https:\/\/faya.unse.edu.ar\/wp-content\/uploads\/homenaje-boggetti-faya-unse-06-1024x768.jpg 1024w, https:\/\/faya.unse.edu.ar\/wp-content\/uploads\/homenaje-boggetti-faya-unse-06-300x225.jpg 300w, https:\/\/faya.unse.edu.ar\/wp-content\/uploads\/homenaje-boggetti-faya-unse-06-768x576.jpg 768w, https:\/\/faya.unse.edu.ar\/wp-content\/uploads\/homenaje-boggetti-faya-unse-06-1536x1152.jpg 1536w, https:\/\/faya.unse.edu.ar\/wp-content\/uploads\/homenaje-boggetti-faya-unse-06-2048x1536.jpg 2048w, https:\/\/faya.unse.edu.ar\/wp-content\/uploads\/homenaje-boggetti-faya-unse-06-800x600.jpg 800w, https:\/\/faya.unse.edu.ar\/wp-content\/uploads\/homenaje-boggetti-faya-unse-06-700x525.jpg 700w\" sizes=\"(max-width: 1024px) 100vw, 1024px\" \/><\/figure><\/li><li class=\"blocks-gallery-item\"><figure><img loading=\"lazy\" width=\"1024\" height=\"768\" src=\"https:\/\/faya.unse.edu.ar\/wp-content\/uploads\/homenaje-boggetti-faya-unse-07-1024x768.jpg\" alt=\"\" data-id=\"29478\" data-full-url=\"https:\/\/faya.unse.edu.ar\/wp-content\/uploads\/homenaje-boggetti-faya-unse-07-scaled.jpg\" data-link=\"https:\/\/faya.unse.edu.ar\/?attachment_id=29478\" class=\"wp-image-29478\" srcset=\"https:\/\/faya.unse.edu.ar\/wp-content\/uploads\/homenaje-boggetti-faya-unse-07-1024x768.jpg 1024w, https:\/\/faya.unse.edu.ar\/wp-content\/uploads\/homenaje-boggetti-faya-unse-07-300x225.jpg 300w, https:\/\/faya.unse.edu.ar\/wp-content\/uploads\/homenaje-boggetti-faya-unse-07-768x576.jpg 768w, https:\/\/faya.unse.edu.ar\/wp-content\/uploads\/homenaje-boggetti-faya-unse-07-1536x1152.jpg 1536w, https:\/\/faya.unse.edu.ar\/wp-content\/uploads\/homenaje-boggetti-faya-unse-07-2048x1536.jpg 2048w, https:\/\/faya.unse.edu.ar\/wp-content\/uploads\/homenaje-boggetti-faya-unse-07-800x600.jpg 800w, https:\/\/faya.unse.edu.ar\/wp-content\/uploads\/homenaje-boggetti-faya-unse-07-700x525.jpg 700w\" sizes=\"(max-width: 1024px) 100vw, 1024px\" \/><\/figure><\/li><li class=\"blocks-gallery-item\"><figure><img loading=\"lazy\" width=\"1024\" height=\"768\" src=\"https:\/\/faya.unse.edu.ar\/wp-content\/uploads\/homenaje-boggetti-faya-unse-08-1024x768.jpg\" alt=\"\" data-id=\"29479\" data-full-url=\"https:\/\/faya.unse.edu.ar\/wp-content\/uploads\/homenaje-boggetti-faya-unse-08-scaled.jpg\" data-link=\"https:\/\/faya.unse.edu.ar\/?attachment_id=29479\" class=\"wp-image-29479\" srcset=\"https:\/\/faya.unse.edu.ar\/wp-content\/uploads\/homenaje-boggetti-faya-unse-08-1024x768.jpg 1024w, https:\/\/faya.unse.edu.ar\/wp-content\/uploads\/homenaje-boggetti-faya-unse-08-300x225.jpg 300w, https:\/\/faya.unse.edu.ar\/wp-content\/uploads\/homenaje-boggetti-faya-unse-08-768x576.jpg 768w, https:\/\/faya.unse.edu.ar\/wp-content\/uploads\/homenaje-boggetti-faya-unse-08-1536x1152.jpg 1536w, https:\/\/faya.unse.edu.ar\/wp-content\/uploads\/homenaje-boggetti-faya-unse-08-2048x1536.jpg 2048w, https:\/\/faya.unse.edu.ar\/wp-content\/uploads\/homenaje-boggetti-faya-unse-08-800x600.jpg 800w, https:\/\/faya.unse.edu.ar\/wp-content\/uploads\/homenaje-boggetti-faya-unse-08-700x525.jpg 700w\" sizes=\"(max-width: 1024px) 100vw, 1024px\" \/><\/figure><\/li><li class=\"blocks-gallery-item\"><figure><img loading=\"lazy\" width=\"1024\" height=\"768\" src=\"https:\/\/faya.unse.edu.ar\/wp-content\/uploads\/homenaje-boggetti-faya-unse-09-1024x768.jpg\" alt=\"\" data-id=\"29480\" data-full-url=\"https:\/\/faya.unse.edu.ar\/wp-content\/uploads\/homenaje-boggetti-faya-unse-09-scaled.jpg\" data-link=\"https:\/\/faya.unse.edu.ar\/?attachment_id=29480\" class=\"wp-image-29480\" srcset=\"https:\/\/faya.unse.edu.ar\/wp-content\/uploads\/homenaje-boggetti-faya-unse-09-1024x768.jpg 1024w, https:\/\/faya.unse.edu.ar\/wp-content\/uploads\/homenaje-boggetti-faya-unse-09-300x225.jpg 300w, https:\/\/faya.unse.edu.ar\/wp-content\/uploads\/homenaje-boggetti-faya-unse-09-768x576.jpg 768w, https:\/\/faya.unse.edu.ar\/wp-content\/uploads\/homenaje-boggetti-faya-unse-09-1536x1152.jpg 1536w, https:\/\/faya.unse.edu.ar\/wp-content\/uploads\/homenaje-boggetti-faya-unse-09-2048x1536.jpg 2048w, https:\/\/faya.unse.edu.ar\/wp-content\/uploads\/homenaje-boggetti-faya-unse-09-800x600.jpg 800w, https:\/\/faya.unse.edu.ar\/wp-content\/uploads\/homenaje-boggetti-faya-unse-09-700x525.jpg 700w\" sizes=\"(max-width: 1024px) 100vw, 1024px\" \/><\/figure><\/li><li class=\"blocks-gallery-item\"><figure><img loading=\"lazy\" width=\"768\" height=\"1024\" src=\"https:\/\/faya.unse.edu.ar\/wp-content\/uploads\/homenaje-boggetti-faya-unse-10-768x1024.jpg\" alt=\"\" data-id=\"29481\" data-full-url=\"https:\/\/faya.unse.edu.ar\/wp-content\/uploads\/homenaje-boggetti-faya-unse-10-scaled.jpg\" data-link=\"https:\/\/faya.unse.edu.ar\/?attachment_id=29481\" class=\"wp-image-29481\" srcset=\"https:\/\/faya.unse.edu.ar\/wp-content\/uploads\/homenaje-boggetti-faya-unse-10-768x1024.jpg 768w, https:\/\/faya.unse.edu.ar\/wp-content\/uploads\/homenaje-boggetti-faya-unse-10-225x300.jpg 225w, https:\/\/faya.unse.edu.ar\/wp-content\/uploads\/homenaje-boggetti-faya-unse-10-1152x1536.jpg 1152w, https:\/\/faya.unse.edu.ar\/wp-content\/uploads\/homenaje-boggetti-faya-unse-10-1536x2048.jpg 1536w, https:\/\/faya.unse.edu.ar\/wp-content\/uploads\/homenaje-boggetti-faya-unse-10-600x800.jpg 600w, https:\/\/faya.unse.edu.ar\/wp-content\/uploads\/homenaje-boggetti-faya-unse-10-700x933.jpg 700w, https:\/\/faya.unse.edu.ar\/wp-content\/uploads\/homenaje-boggetti-faya-unse-10-scaled.jpg 1920w\" sizes=\"(max-width: 768px) 100vw, 768px\" \/><\/figure><\/li><\/ul><\/figure>\n","protected":false},"excerpt":{"rendered":"<p>Por iniciativa colectiva de docentes y estudiantes de la Carrera de Licenciatura en Qu\u00edmica, la comunidad de nuestra Facultad y la UNSE, en el d\u00eda de hoy se llev\u00f3 a cabo un acto homenaje al Dr. H\u00e9ctor Boggetti, a un a\u00f1o de su partida. El&#8230;<\/p>\n","protected":false},"author":2,"featured_media":29472,"comment_status":"closed","ping_status":"closed","sticky":false,"template":"","format":"standard","meta":{"_mi_skip_tracking":false},"categories":[194,5],"tags":[],"yoast_head":"<!-- This site is optimized with the Yoast SEO plugin v17.7.1 - https:\/\/yoast.com\/wordpress\/plugins\/seo\/ -->\n<meta name=\"robots\" content=\"index, follow, max-snippet:-1, max-image-preview:large, max-video-preview:-1\" \/>\n<link rel=\"canonical\" href=\"https:\/\/faya.unse.edu.ar\/index.php\/institucional\/2022\/homenaje-al-dr-hector-boggetti\/\" \/>\n<meta property=\"og:locale\" content=\"es_ES\" \/>\n<meta property=\"og:type\" content=\"article\" \/>\n<meta property=\"og:title\" content=\"HOMENAJE AL DR. H\u00c9CTOR BOGGETTI | Facultad de Agronom\u00eda y Agroindustrias UNSE | FAyA UNSE\" \/>\n<meta property=\"og:description\" content=\"Por iniciativa colectiva de docentes y estudiantes de la Carrera de Licenciatura en Qu\u00edmica, la comunidad de nuestra Facultad y la UNSE, en el d\u00eda de hoy se llev\u00f3 a cabo un acto homenaje al Dr. H\u00e9ctor Boggetti, a un a\u00f1o de su partida. El...\" \/>\n<meta property=\"og:url\" content=\"https:\/\/faya.unse.edu.ar\/index.php\/institucional\/2022\/homenaje-al-dr-hector-boggetti\/\" \/>\n<meta property=\"og:site_name\" content=\"Facultad de Agronom\u00eda y Agroindustrias UNSE | FAyA UNSE\" \/>\n<meta property=\"article:publisher\" content=\"https:\/\/www.facebook.com\/agroUNSE\/\" \/>\n<meta property=\"article:published_time\" content=\"2022-06-10T19:00:06+00:00\" \/>\n<meta property=\"og:image\" content=\"https:\/\/faya.unse.edu.ar\/wp-content\/uploads\/homenaje-boggetti-faya-unse-01-scaled.jpg\" \/>\n\t<meta property=\"og:image:width\" content=\"2560\" \/>\n\t<meta property=\"og:image:height\" content=\"1920\" \/>\n<meta name=\"twitter:card\" content=\"summary_large_image\" \/>\n<meta name=\"twitter:creator\" content=\"@fayaunse\" \/>\n<meta name=\"twitter:site\" content=\"@fayaunse\" \/>\n<meta name=\"twitter:label1\" content=\"Escrito por\" \/>\n\t<meta name=\"twitter:data1\" content=\"Comunicaci\u00f3n FAyA\" \/>\n\t<meta name=\"twitter:label2\" content=\"Tiempo de lectura\" \/>\n\t<meta name=\"twitter:data2\" content=\"4 minutos\" \/>\n<script type=\"application\/ld+json\" class=\"yoast-schema-graph\">{\"@context\":\"https:\/\/schema.org\",\"@graph\":[{\"@type\":\"WebSite\",\"@id\":\"https:\/\/faya.unse.edu.ar\/#website\",\"url\":\"https:\/\/faya.unse.edu.ar\/\",\"name\":\"Facultad de Agronom\\u00eda y Agroindustrias UNSE | FAyA UNSE\",\"description\":\"\",\"potentialAction\":[{\"@type\":\"SearchAction\",\"target\":{\"@type\":\"EntryPoint\",\"urlTemplate\":\"https:\/\/faya.unse.edu.ar\/?s={search_term_string}\"},\"query-input\":\"required name=search_term_string\"}],\"inLanguage\":\"es-AR\"},{\"@type\":\"ImageObject\",\"@id\":\"https:\/\/faya.unse.edu.ar\/index.php\/institucional\/2022\/homenaje-al-dr-hector-boggetti\/#primaryimage\",\"inLanguage\":\"es-AR\",\"url\":\"https:\/\/faya.unse.edu.ar\/wp-content\/uploads\/homenaje-boggetti-faya-unse-01-scaled.jpg\",\"contentUrl\":\"https:\/\/faya.unse.edu.ar\/wp-content\/uploads\/homenaje-boggetti-faya-unse-01-scaled.jpg\",\"width\":2560,\"height\":1920},{\"@type\":\"WebPage\",\"@id\":\"https:\/\/faya.unse.edu.ar\/index.php\/institucional\/2022\/homenaje-al-dr-hector-boggetti\/#webpage\",\"url\":\"https:\/\/faya.unse.edu.ar\/index.php\/institucional\/2022\/homenaje-al-dr-hector-boggetti\/\",\"name\":\"HOMENAJE AL DR. H\\u00c9CTOR BOGGETTI | Facultad de Agronom\\u00eda y Agroindustrias UNSE | FAyA UNSE\",\"isPartOf\":{\"@id\":\"https:\/\/faya.unse.edu.ar\/#website\"},\"primaryImageOfPage\":{\"@id\":\"https:\/\/faya.unse.edu.ar\/index.php\/institucional\/2022\/homenaje-al-dr-hector-boggetti\/#primaryimage\"},\"datePublished\":\"2022-06-10T19:00:06+00:00\",\"dateModified\":\"2022-06-10T19:00:06+00:00\",\"author\":{\"@id\":\"https:\/\/faya.unse.edu.ar\/#\/schema\/person\/6759100fdfd04c998461a230bc877a42\"},\"breadcrumb\":{\"@id\":\"https:\/\/faya.unse.edu.ar\/index.php\/institucional\/2022\/homenaje-al-dr-hector-boggetti\/#breadcrumb\"},\"inLanguage\":\"es-AR\",\"potentialAction\":[{\"@type\":\"ReadAction\",\"target\":[\"https:\/\/faya.unse.edu.ar\/index.php\/institucional\/2022\/homenaje-al-dr-hector-boggetti\/\"]}]},{\"@type\":\"BreadcrumbList\",\"@id\":\"https:\/\/faya.unse.edu.ar\/index.php\/institucional\/2022\/homenaje-al-dr-hector-boggetti\/#breadcrumb\",\"itemListElement\":[{\"@type\":\"ListItem\",\"position\":1,\"name\":\"Home\",\"item\":\"https:\/\/faya.unse.edu.ar\/\"},{\"@type\":\"ListItem\",\"position\":2,\"name\":\"HOMENAJE AL DR. H\\u00c9CTOR BOGGETTI\"}]},{\"@type\":\"Person\",\"@id\":\"https:\/\/faya.unse.edu.ar\/#\/schema\/person\/6759100fdfd04c998461a230bc877a42\",\"name\":\"Comunicaci\\u00f3n FAyA\",\"url\":\"https:\/\/faya.unse.edu.ar\/index.php\/author\/ariel_jugo\/\"}]}<\/script>\n<!-- \/ Yoast SEO plugin. -->","yoast_head_json":{"robots":{"index":"index","follow":"follow","max-snippet":"max-snippet:-1","max-image-preview":"max-image-preview:large","max-video-preview":"max-video-preview:-1"},"canonical":"https:\/\/faya.unse.edu.ar\/index.php\/institucional\/2022\/homenaje-al-dr-hector-boggetti\/","og_locale":"es_ES","og_type":"article","og_title":"HOMENAJE AL DR. H\u00c9CTOR BOGGETTI | Facultad de Agronom\u00eda y Agroindustrias UNSE | FAyA UNSE","og_description":"Por iniciativa colectiva de docentes y estudiantes de la Carrera de Licenciatura en Qu\u00edmica, la comunidad de nuestra Facultad y la UNSE, en el d\u00eda de hoy se llev\u00f3 a cabo un acto homenaje al Dr. H\u00e9ctor Boggetti, a un a\u00f1o de su partida. El...","og_url":"https:\/\/faya.unse.edu.ar\/index.php\/institucional\/2022\/homenaje-al-dr-hector-boggetti\/","og_site_name":"Facultad de Agronom\u00eda y Agroindustrias UNSE | FAyA UNSE","article_publisher":"https:\/\/www.facebook.com\/agroUNSE\/","article_published_time":"2022-06-10T19:00:06+00:00","og_image":[{"width":2560,"height":1920,"url":"https:\/\/faya.unse.edu.ar\/wp-content\/uploads\/homenaje-boggetti-faya-unse-01-scaled.jpg","type":"image\/jpeg"}],"twitter_card":"summary_large_image","twitter_creator":"@fayaunse","twitter_site":"@fayaunse","twitter_misc":{"Escrito por":"Comunicaci\u00f3n FAyA","Tiempo de lectura":"4 minutos"},"schema":{"@context":"https:\/\/schema.org","@graph":[{"@type":"WebSite","@id":"https:\/\/faya.unse.edu.ar\/#website","url":"https:\/\/faya.unse.edu.ar\/","name":"Facultad de Agronom\u00eda y Agroindustrias UNSE | FAyA UNSE","description":"","potentialAction":[{"@type":"SearchAction","target":{"@type":"EntryPoint","urlTemplate":"https:\/\/faya.unse.edu.ar\/?s={search_term_string}"},"query-input":"required name=search_term_string"}],"inLanguage":"es-AR"},{"@type":"ImageObject","@id":"https:\/\/faya.unse.edu.ar\/index.php\/institucional\/2022\/homenaje-al-dr-hector-boggetti\/#primaryimage","inLanguage":"es-AR","url":"https:\/\/faya.unse.edu.ar\/wp-content\/uploads\/homenaje-boggetti-faya-unse-01-scaled.jpg","contentUrl":"https:\/\/faya.unse.edu.ar\/wp-content\/uploads\/homenaje-boggetti-faya-unse-01-scaled.jpg","width":2560,"height":1920},{"@type":"WebPage","@id":"https:\/\/faya.unse.edu.ar\/index.php\/institucional\/2022\/homenaje-al-dr-hector-boggetti\/#webpage","url":"https:\/\/faya.unse.edu.ar\/index.php\/institucional\/2022\/homenaje-al-dr-hector-boggetti\/","name":"HOMENAJE AL DR. H\u00c9CTOR BOGGETTI | Facultad de Agronom\u00eda y Agroindustrias UNSE | FAyA UNSE","isPartOf":{"@id":"https:\/\/faya.unse.edu.ar\/#website"},"primaryImageOfPage":{"@id":"https:\/\/faya.unse.edu.ar\/index.php\/institucional\/2022\/homenaje-al-dr-hector-boggetti\/#primaryimage"},"datePublished":"2022-06-10T19:00:06+00:00","dateModified":"2022-06-10T19:00:06+00:00","author":{"@id":"https:\/\/faya.unse.edu.ar\/#\/schema\/person\/6759100fdfd04c998461a230bc877a42"},"breadcrumb":{"@id":"https:\/\/faya.unse.edu.ar\/index.php\/institucional\/2022\/homenaje-al-dr-hector-boggetti\/#breadcrumb"},"inLanguage":"es-AR","potentialAction":[{"@type":"ReadAction","target":["https:\/\/faya.unse.edu.ar\/index.php\/institucional\/2022\/homenaje-al-dr-hector-boggetti\/"]}]},{"@type":"BreadcrumbList","@id":"https:\/\/faya.unse.edu.ar\/index.php\/institucional\/2022\/homenaje-al-dr-hector-boggetti\/#breadcrumb","itemListElement":[{"@type":"ListItem","position":1,"name":"Home","item":"https:\/\/faya.unse.edu.ar\/"},{"@type":"ListItem","position":2,"name":"HOMENAJE AL DR. H\u00c9CTOR BOGGETTI"}]},{"@type":"Person","@id":"https:\/\/faya.unse.edu.ar\/#\/schema\/person\/6759100fdfd04c998461a230bc877a42","name":"Comunicaci\u00f3n FAyA","url":"https:\/\/faya.unse.edu.ar\/index.php\/author\/ariel_jugo\/"}]}},"_links":{"self":[{"href":"https:\/\/faya.unse.edu.ar\/index.php\/wp-json\/wp\/v2\/posts\/29471"}],"collection":[{"href":"https:\/\/faya.unse.edu.ar\/index.php\/wp-json\/wp\/v2\/posts"}],"about":[{"href":"https:\/\/faya.unse.edu.ar\/index.php\/wp-json\/wp\/v2\/types\/post"}],"author":[{"embeddable":true,"href":"https:\/\/faya.unse.edu.ar\/index.php\/wp-json\/wp\/v2\/users\/2"}],"replies":[{"embeddable":true,"href":"https:\/\/faya.unse.edu.ar\/index.php\/wp-json\/wp\/v2\/comments?post=29471"}],"version-history":[{"count":1,"href":"https:\/\/faya.unse.edu.ar\/index.php\/wp-json\/wp\/v2\/posts\/29471\/revisions"}],"predecessor-version":[{"id":29482,"href":"https:\/\/faya.unse.edu.ar\/index.php\/wp-json\/wp\/v2\/posts\/29471\/revisions\/29482"}],"wp:featuredmedia":[{"embeddable":true,"href":"https:\/\/faya.unse.edu.ar\/index.php\/wp-json\/wp\/v2\/media\/29472"}],"wp:attachment":[{"href":"https:\/\/faya.unse.edu.ar\/index.php\/wp-json\/wp\/v2\/media?parent=29471"}],"wp:term":[{"taxonomy":"category","embeddable":true,"href":"https:\/\/faya.unse.edu.ar\/index.php\/wp-json\/wp\/v2\/categories?post=29471"},{"taxonomy":"post_tag","embeddable":true,"href":"https:\/\/faya.unse.edu.ar\/index.php\/wp-json\/wp\/v2\/tags?post=29471"}],"curies":[{"name":"wp","href":"https:\/\/api.w.org\/{rel}","templated":true}]}}