{"id":29575,"date":"2022-06-27T10:43:44","date_gmt":"2022-06-27T13:43:44","guid":{"rendered":"https:\/\/faya.unse.edu.ar\/?p=29575"},"modified":"2022-06-27T11:34:34","modified_gmt":"2022-06-27T14:34:34","slug":"acto-privado-de-colacion-de-posgrado","status":"publish","type":"post","link":"https:\/\/faya.unse.edu.ar\/index.php\/noticias\/2022\/acto-privado-de-colacion-de-posgrado\/","title":{"rendered":"ACTO PRIVADO DE COLACI\u00d3N DE POSGRADO"},"content":{"rendered":"\n<p>En una ceremonia privada, autoridades de la FAyA y de la Maestr\u00eda en Producci\u00f3n Animal hicieron entrega del t\u00edtulo de posgrado a Nicol\u00e1s Morel, quien realiz\u00f3 su compromiso. Estuvieron presentes la vicedecana de la Facultad, Dra. Judith Ochoa, la secretaria de posgrado, Dra. Florencia Frau, y la codirectora de la MPA, Dra. Soledad L\u00f3pez Alzogaray, y el Sr. Ariel Paz, Nodocente de la secretar\u00eda de posgrado; el Mg. Morel estuvo acompa\u00f1ado tambi\u00e9n por esposa, la Ing. Anabel Lozano. <\/p>\n\n\n\n<p>En estas instancias es donde se concreta metas, sue\u00f1os y anhelos, luego de mucho tiempo de trabajar por ellos. Desde la Facultad nos enorgullece que se concreten, y le deseamos al flamante Magister \u00e9xitos en su vida profesional. <\/p>\n\n\n\n<div class=\"wp-block-group\"><div class=\"wp-block-group__inner-container\">\n<div class=\"wp-block-columns\">\n<div class=\"wp-block-column\" style=\"flex-basis:100%\">\n<figure class=\"wp-block-gallery columns-2 is-cropped\"><ul class=\"blocks-gallery-grid\"><li class=\"blocks-gallery-item\"><figure><img loading=\"lazy\" width=\"1024\" height=\"768\" src=\"https:\/\/faya.unse.edu.ar\/wp-content\/uploads\/WhatsApp-Image-2022-06-27-at-9.48.50-AM-1-1024x768.jpeg\" alt=\"\" data-id=\"29580\" data-full-url=\"https:\/\/faya.unse.edu.ar\/wp-content\/uploads\/WhatsApp-Image-2022-06-27-at-9.48.50-AM-1.jpeg\" data-link=\"https:\/\/faya.unse.edu.ar\/whatsapp-image-2022-06-27-at-9-48-50-am-1\/\" class=\"wp-image-29580\" srcset=\"https:\/\/faya.unse.edu.ar\/wp-content\/uploads\/WhatsApp-Image-2022-06-27-at-9.48.50-AM-1-1024x768.jpeg 1024w, https:\/\/faya.unse.edu.ar\/wp-content\/uploads\/WhatsApp-Image-2022-06-27-at-9.48.50-AM-1-300x225.jpeg 300w, https:\/\/faya.unse.edu.ar\/wp-content\/uploads\/WhatsApp-Image-2022-06-27-at-9.48.50-AM-1-768x576.jpeg 768w, https:\/\/faya.unse.edu.ar\/wp-content\/uploads\/WhatsApp-Image-2022-06-27-at-9.48.50-AM-1-800x600.jpeg 800w, https:\/\/faya.unse.edu.ar\/wp-content\/uploads\/WhatsApp-Image-2022-06-27-at-9.48.50-AM-1-700x525.jpeg 700w, https:\/\/faya.unse.edu.ar\/wp-content\/uploads\/WhatsApp-Image-2022-06-27-at-9.48.50-AM-1.jpeg 1440w\" sizes=\"(max-width: 1024px) 100vw, 1024px\" \/><\/figure><\/li><li class=\"blocks-gallery-item\"><figure><img loading=\"lazy\" width=\"1024\" height=\"768\" src=\"https:\/\/faya.unse.edu.ar\/wp-content\/uploads\/WhatsApp-Image-2022-06-27-at-9.48.49-AM-1024x768.jpeg\" alt=\"\" data-id=\"29579\" data-full-url=\"https:\/\/faya.unse.edu.ar\/wp-content\/uploads\/WhatsApp-Image-2022-06-27-at-9.48.49-AM.jpeg\" data-link=\"https:\/\/faya.unse.edu.ar\/whatsapp-image-2022-06-27-at-9-48-49-am\/\" class=\"wp-image-29579\" srcset=\"https:\/\/faya.unse.edu.ar\/wp-content\/uploads\/WhatsApp-Image-2022-06-27-at-9.48.49-AM-1024x768.jpeg 1024w, https:\/\/faya.unse.edu.ar\/wp-content\/uploads\/WhatsApp-Image-2022-06-27-at-9.48.49-AM-300x225.jpeg 300w, https:\/\/faya.unse.edu.ar\/wp-content\/uploads\/WhatsApp-Image-2022-06-27-at-9.48.49-AM-768x576.jpeg 768w, https:\/\/faya.unse.edu.ar\/wp-content\/uploads\/WhatsApp-Image-2022-06-27-at-9.48.49-AM-800x600.jpeg 800w, https:\/\/faya.unse.edu.ar\/wp-content\/uploads\/WhatsApp-Image-2022-06-27-at-9.48.49-AM-700x525.jpeg 700w, https:\/\/faya.unse.edu.ar\/wp-content\/uploads\/WhatsApp-Image-2022-06-27-at-9.48.49-AM.jpeg 1440w\" sizes=\"(max-width: 1024px) 100vw, 1024px\" \/><\/figure><\/li><li class=\"blocks-gallery-item\"><figure><img loading=\"lazy\" width=\"1024\" height=\"768\" src=\"https:\/\/faya.unse.edu.ar\/wp-content\/uploads\/WhatsApp-Image-2022-06-27-at-9.48.49-AM-1-1024x768.jpeg\" alt=\"\" data-id=\"29578\" data-full-url=\"https:\/\/faya.unse.edu.ar\/wp-content\/uploads\/WhatsApp-Image-2022-06-27-at-9.48.49-AM-1.jpeg\" data-link=\"https:\/\/faya.unse.edu.ar\/whatsapp-image-2022-06-27-at-9-48-49-am-1\/\" class=\"wp-image-29578\" srcset=\"https:\/\/faya.unse.edu.ar\/wp-content\/uploads\/WhatsApp-Image-2022-06-27-at-9.48.49-AM-1-1024x768.jpeg 1024w, https:\/\/faya.unse.edu.ar\/wp-content\/uploads\/WhatsApp-Image-2022-06-27-at-9.48.49-AM-1-300x225.jpeg 300w, https:\/\/faya.unse.edu.ar\/wp-content\/uploads\/WhatsApp-Image-2022-06-27-at-9.48.49-AM-1-768x576.jpeg 768w, https:\/\/faya.unse.edu.ar\/wp-content\/uploads\/WhatsApp-Image-2022-06-27-at-9.48.49-AM-1-800x600.jpeg 800w, https:\/\/faya.unse.edu.ar\/wp-content\/uploads\/WhatsApp-Image-2022-06-27-at-9.48.49-AM-1-700x525.jpeg 700w, https:\/\/faya.unse.edu.ar\/wp-content\/uploads\/WhatsApp-Image-2022-06-27-at-9.48.49-AM-1.jpeg 1440w\" sizes=\"(max-width: 1024px) 100vw, 1024px\" \/><\/figure><\/li><li class=\"blocks-gallery-item\"><figure><img loading=\"lazy\" width=\"1024\" height=\"768\" src=\"https:\/\/faya.unse.edu.ar\/wp-content\/uploads\/WhatsApp-Image-2022-06-27-at-9.48.50-AM-1024x768.jpeg\" alt=\"\" data-id=\"29576\" data-full-url=\"https:\/\/faya.unse.edu.ar\/wp-content\/uploads\/WhatsApp-Image-2022-06-27-at-9.48.50-AM.jpeg\" data-link=\"https:\/\/faya.unse.edu.ar\/whatsapp-image-2022-06-27-at-9-48-50-am\/\" class=\"wp-image-29576\" srcset=\"https:\/\/faya.unse.edu.ar\/wp-content\/uploads\/WhatsApp-Image-2022-06-27-at-9.48.50-AM-1024x768.jpeg 1024w, https:\/\/faya.unse.edu.ar\/wp-content\/uploads\/WhatsApp-Image-2022-06-27-at-9.48.50-AM-300x225.jpeg 300w, https:\/\/faya.unse.edu.ar\/wp-content\/uploads\/WhatsApp-Image-2022-06-27-at-9.48.50-AM-768x576.jpeg 768w, https:\/\/faya.unse.edu.ar\/wp-content\/uploads\/WhatsApp-Image-2022-06-27-at-9.48.50-AM-800x600.jpeg 800w, https:\/\/faya.unse.edu.ar\/wp-content\/uploads\/WhatsApp-Image-2022-06-27-at-9.48.50-AM-700x525.jpeg 700w, https:\/\/faya.unse.edu.ar\/wp-content\/uploads\/WhatsApp-Image-2022-06-27-at-9.48.50-AM.jpeg 1440w\" sizes=\"(max-width: 1024px) 100vw, 1024px\" \/><\/figure><\/li><\/ul><\/figure>\n<\/div>\n<\/div>\n<\/div><\/div>\n","protected":false},"excerpt":{"rendered":"<p>En una ceremonia privada, autoridades de la FAyA y de la Maestr\u00eda en Producci\u00f3n Animal hicieron entrega del t\u00edtulo de posgrado a Nicol\u00e1s Morel, quien realiz\u00f3 su compromiso. Estuvieron presentes la vicedecana de la Facultad, Dra. Judith Ochoa, la secretaria de posgrado, Dra. Florencia Frau,&#8230;<\/p>\n","protected":false},"author":5,"featured_media":29577,"comment_status":"closed","ping_status":"closed","sticky":false,"template":"","format":"standard","meta":{"_mi_skip_tracking":false},"categories":[5],"tags":[],"yoast_head":"<!-- This site is optimized with the Yoast SEO plugin v17.7.1 - https:\/\/yoast.com\/wordpress\/plugins\/seo\/ -->\n<meta name=\"robots\" content=\"index, follow, max-snippet:-1, max-image-preview:large, max-video-preview:-1\" \/>\n<link rel=\"canonical\" href=\"https:\/\/faya.unse.edu.ar\/index.php\/noticias\/2022\/acto-privado-de-colacion-de-posgrado\/\" \/>\n<meta property=\"og:locale\" content=\"es_ES\" \/>\n<meta property=\"og:type\" content=\"article\" \/>\n<meta property=\"og:title\" content=\"ACTO PRIVADO DE COLACI\u00d3N DE POSGRADO | Facultad de Agronom\u00eda y Agroindustrias UNSE | FAyA UNSE\" \/>\n<meta property=\"og:description\" content=\"En una ceremonia privada, autoridades de la FAyA y de la Maestr\u00eda en Producci\u00f3n Animal hicieron entrega del t\u00edtulo de posgrado a Nicol\u00e1s Morel, quien realiz\u00f3 su compromiso. Estuvieron presentes la vicedecana de la Facultad, Dra. Judith Ochoa, la secretaria de posgrado, Dra. Florencia Frau,...\" \/>\n<meta property=\"og:url\" content=\"https:\/\/faya.unse.edu.ar\/index.php\/noticias\/2022\/acto-privado-de-colacion-de-posgrado\/\" \/>\n<meta property=\"og:site_name\" content=\"Facultad de Agronom\u00eda y Agroindustrias UNSE | FAyA UNSE\" \/>\n<meta property=\"article:publisher\" content=\"https:\/\/www.facebook.com\/agroUNSE\/\" \/>\n<meta property=\"article:published_time\" content=\"2022-06-27T13:43:44+00:00\" \/>\n<meta property=\"article:modified_time\" content=\"2022-06-27T14:34:34+00:00\" \/>\n<meta property=\"og:image\" content=\"https:\/\/faya.unse.edu.ar\/wp-content\/uploads\/WhatsApp-Image-2022-06-27-at-9.48.48-AM.jpeg\" \/>\n\t<meta property=\"og:image:width\" content=\"1440\" \/>\n\t<meta property=\"og:image:height\" content=\"1080\" \/>\n<meta name=\"twitter:card\" content=\"summary_large_image\" \/>\n<meta name=\"twitter:creator\" content=\"@fayaunse\" \/>\n<meta name=\"twitter:site\" content=\"@fayaunse\" \/>\n<meta name=\"twitter:label1\" content=\"Escrito por\" \/>\n\t<meta name=\"twitter:data1\" content=\"Comunicaci\u00f3n FAyA-UNSE\" \/>\n\t<meta name=\"twitter:label2\" content=\"Tiempo de lectura\" \/>\n\t<meta name=\"twitter:data2\" content=\"2 minutos\" \/>\n<script type=\"application\/ld+json\" class=\"yoast-schema-graph\">{\"@context\":\"https:\/\/schema.org\",\"@graph\":[{\"@type\":\"WebSite\",\"@id\":\"https:\/\/faya.unse.edu.ar\/#website\",\"url\":\"https:\/\/faya.unse.edu.ar\/\",\"name\":\"Facultad de Agronom\\u00eda y Agroindustrias UNSE | FAyA UNSE\",\"description\":\"\",\"potentialAction\":[{\"@type\":\"SearchAction\",\"target\":{\"@type\":\"EntryPoint\",\"urlTemplate\":\"https:\/\/faya.unse.edu.ar\/?s={search_term_string}\"},\"query-input\":\"required name=search_term_string\"}],\"inLanguage\":\"es-AR\"},{\"@type\":\"ImageObject\",\"@id\":\"https:\/\/faya.unse.edu.ar\/index.php\/noticias\/2022\/acto-privado-de-colacion-de-posgrado\/#primaryimage\",\"inLanguage\":\"es-AR\",\"url\":\"https:\/\/faya.unse.edu.ar\/wp-content\/uploads\/WhatsApp-Image-2022-06-27-at-9.48.48-AM.jpeg\",\"contentUrl\":\"https:\/\/faya.unse.edu.ar\/wp-content\/uploads\/WhatsApp-Image-2022-06-27-at-9.48.48-AM.jpeg\",\"width\":1440,\"height\":1080},{\"@type\":\"WebPage\",\"@id\":\"https:\/\/faya.unse.edu.ar\/index.php\/noticias\/2022\/acto-privado-de-colacion-de-posgrado\/#webpage\",\"url\":\"https:\/\/faya.unse.edu.ar\/index.php\/noticias\/2022\/acto-privado-de-colacion-de-posgrado\/\",\"name\":\"ACTO PRIVADO DE COLACI\\u00d3N DE POSGRADO | Facultad de Agronom\\u00eda y Agroindustrias UNSE | FAyA UNSE\",\"isPartOf\":{\"@id\":\"https:\/\/faya.unse.edu.ar\/#website\"},\"primaryImageOfPage\":{\"@id\":\"https:\/\/faya.unse.edu.ar\/index.php\/noticias\/2022\/acto-privado-de-colacion-de-posgrado\/#primaryimage\"},\"datePublished\":\"2022-06-27T13:43:44+00:00\",\"dateModified\":\"2022-06-27T14:34:34+00:00\",\"author\":{\"@id\":\"https:\/\/faya.unse.edu.ar\/#\/schema\/person\/6c3c11fbb65d413b2f687368ab071449\"},\"breadcrumb\":{\"@id\":\"https:\/\/faya.unse.edu.ar\/index.php\/noticias\/2022\/acto-privado-de-colacion-de-posgrado\/#breadcrumb\"},\"inLanguage\":\"es-AR\",\"potentialAction\":[{\"@type\":\"ReadAction\",\"target\":[\"https:\/\/faya.unse.edu.ar\/index.php\/noticias\/2022\/acto-privado-de-colacion-de-posgrado\/\"]}]},{\"@type\":\"BreadcrumbList\",\"@id\":\"https:\/\/faya.unse.edu.ar\/index.php\/noticias\/2022\/acto-privado-de-colacion-de-posgrado\/#breadcrumb\",\"itemListElement\":[{\"@type\":\"ListItem\",\"position\":1,\"name\":\"Home\",\"item\":\"https:\/\/faya.unse.edu.ar\/\"},{\"@type\":\"ListItem\",\"position\":2,\"name\":\"ACTO PRIVADO DE COLACI\\u00d3N DE POSGRADO\"}]},{\"@type\":\"Person\",\"@id\":\"https:\/\/faya.unse.edu.ar\/#\/schema\/person\/6c3c11fbb65d413b2f687368ab071449\",\"name\":\"Comunicaci\\u00f3n FAyA-UNSE\",\"url\":\"https:\/\/faya.unse.edu.ar\/index.php\/author\/solroman\/\"}]}<\/script>\n<!-- \/ Yoast SEO plugin. -->","yoast_head_json":{"robots":{"index":"index","follow":"follow","max-snippet":"max-snippet:-1","max-image-preview":"max-image-preview:large","max-video-preview":"max-video-preview:-1"},"canonical":"https:\/\/faya.unse.edu.ar\/index.php\/noticias\/2022\/acto-privado-de-colacion-de-posgrado\/","og_locale":"es_ES","og_type":"article","og_title":"ACTO PRIVADO DE COLACI\u00d3N DE POSGRADO | Facultad de Agronom\u00eda y Agroindustrias UNSE | FAyA UNSE","og_description":"En una ceremonia privada, autoridades de la FAyA y de la Maestr\u00eda en Producci\u00f3n Animal hicieron entrega del t\u00edtulo de posgrado a Nicol\u00e1s Morel, quien realiz\u00f3 su compromiso. Estuvieron presentes la vicedecana de la Facultad, Dra. Judith Ochoa, la secretaria de posgrado, Dra. Florencia Frau,...","og_url":"https:\/\/faya.unse.edu.ar\/index.php\/noticias\/2022\/acto-privado-de-colacion-de-posgrado\/","og_site_name":"Facultad de Agronom\u00eda y Agroindustrias UNSE | FAyA UNSE","article_publisher":"https:\/\/www.facebook.com\/agroUNSE\/","article_published_time":"2022-06-27T13:43:44+00:00","article_modified_time":"2022-06-27T14:34:34+00:00","og_image":[{"width":1440,"height":1080,"url":"https:\/\/faya.unse.edu.ar\/wp-content\/uploads\/WhatsApp-Image-2022-06-27-at-9.48.48-AM.jpeg","type":"image\/jpeg"}],"twitter_card":"summary_large_image","twitter_creator":"@fayaunse","twitter_site":"@fayaunse","twitter_misc":{"Escrito por":"Comunicaci\u00f3n FAyA-UNSE","Tiempo de lectura":"2 minutos"},"schema":{"@context":"https:\/\/schema.org","@graph":[{"@type":"WebSite","@id":"https:\/\/faya.unse.edu.ar\/#website","url":"https:\/\/faya.unse.edu.ar\/","name":"Facultad de Agronom\u00eda y Agroindustrias UNSE | FAyA UNSE","description":"","potentialAction":[{"@type":"SearchAction","target":{"@type":"EntryPoint","urlTemplate":"https:\/\/faya.unse.edu.ar\/?s={search_term_string}"},"query-input":"required name=search_term_string"}],"inLanguage":"es-AR"},{"@type":"ImageObject","@id":"https:\/\/faya.unse.edu.ar\/index.php\/noticias\/2022\/acto-privado-de-colacion-de-posgrado\/#primaryimage","inLanguage":"es-AR","url":"https:\/\/faya.unse.edu.ar\/wp-content\/uploads\/WhatsApp-Image-2022-06-27-at-9.48.48-AM.jpeg","contentUrl":"https:\/\/faya.unse.edu.ar\/wp-content\/uploads\/WhatsApp-Image-2022-06-27-at-9.48.48-AM.jpeg","width":1440,"height":1080},{"@type":"WebPage","@id":"https:\/\/faya.unse.edu.ar\/index.php\/noticias\/2022\/acto-privado-de-colacion-de-posgrado\/#webpage","url":"https:\/\/faya.unse.edu.ar\/index.php\/noticias\/2022\/acto-privado-de-colacion-de-posgrado\/","name":"ACTO PRIVADO DE COLACI\u00d3N DE POSGRADO | Facultad de Agronom\u00eda y Agroindustrias UNSE | FAyA UNSE","isPartOf":{"@id":"https:\/\/faya.unse.edu.ar\/#website"},"primaryImageOfPage":{"@id":"https:\/\/faya.unse.edu.ar\/index.php\/noticias\/2022\/acto-privado-de-colacion-de-posgrado\/#primaryimage"},"datePublished":"2022-06-27T13:43:44+00:00","dateModified":"2022-06-27T14:34:34+00:00","author":{"@id":"https:\/\/faya.unse.edu.ar\/#\/schema\/person\/6c3c11fbb65d413b2f687368ab071449"},"breadcrumb":{"@id":"https:\/\/faya.unse.edu.ar\/index.php\/noticias\/2022\/acto-privado-de-colacion-de-posgrado\/#breadcrumb"},"inLanguage":"es-AR","potentialAction":[{"@type":"ReadAction","target":["https:\/\/faya.unse.edu.ar\/index.php\/noticias\/2022\/acto-privado-de-colacion-de-posgrado\/"]}]},{"@type":"BreadcrumbList","@id":"https:\/\/faya.unse.edu.ar\/index.php\/noticias\/2022\/acto-privado-de-colacion-de-posgrado\/#breadcrumb","itemListElement":[{"@type":"ListItem","position":1,"name":"Home","item":"https:\/\/faya.unse.edu.ar\/"},{"@type":"ListItem","position":2,"name":"ACTO PRIVADO DE COLACI\u00d3N DE POSGRADO"}]},{"@type":"Person","@id":"https:\/\/faya.unse.edu.ar\/#\/schema\/person\/6c3c11fbb65d413b2f687368ab071449","name":"Comunicaci\u00f3n FAyA-UNSE","url":"https:\/\/faya.unse.edu.ar\/index.php\/author\/solroman\/"}]}},"_links":{"self":[{"href":"https:\/\/faya.unse.edu.ar\/index.php\/wp-json\/wp\/v2\/posts\/29575"}],"collection":[{"href":"https:\/\/faya.unse.edu.ar\/index.php\/wp-json\/wp\/v2\/posts"}],"about":[{"href":"https:\/\/faya.unse.edu.ar\/index.php\/wp-json\/wp\/v2\/types\/post"}],"author":[{"embeddable":true,"href":"https:\/\/faya.unse.edu.ar\/index.php\/wp-json\/wp\/v2\/users\/5"}],"replies":[{"embeddable":true,"href":"https:\/\/faya.unse.edu.ar\/index.php\/wp-json\/wp\/v2\/comments?post=29575"}],"version-history":[{"count":2,"href":"https:\/\/faya.unse.edu.ar\/index.php\/wp-json\/wp\/v2\/posts\/29575\/revisions"}],"predecessor-version":[{"id":29582,"href":"https:\/\/faya.unse.edu.ar\/index.php\/wp-json\/wp\/v2\/posts\/29575\/revisions\/29582"}],"wp:featuredmedia":[{"embeddable":true,"href":"https:\/\/faya.unse.edu.ar\/index.php\/wp-json\/wp\/v2\/media\/29577"}],"wp:attachment":[{"href":"https:\/\/faya.unse.edu.ar\/index.php\/wp-json\/wp\/v2\/media?parent=29575"}],"wp:term":[{"taxonomy":"category","embeddable":true,"href":"https:\/\/faya.unse.edu.ar\/index.php\/wp-json\/wp\/v2\/categories?post=29575"},{"taxonomy":"post_tag","embeddable":true,"href":"https:\/\/faya.unse.edu.ar\/index.php\/wp-json\/wp\/v2\/tags?post=29575"}],"curies":[{"name":"wp","href":"https:\/\/api.w.org\/{rel}","templated":true}]}}