{"id":30620,"date":"2023-02-06T14:18:28","date_gmt":"2023-02-06T17:18:28","guid":{"rendered":"https:\/\/faya.unse.edu.ar\/?p=30620"},"modified":"2023-02-06T14:18:29","modified_gmt":"2023-02-06T17:18:29","slug":"convocatoria-para-cobertura-de-cargos-docentes-2","status":"publish","type":"post","link":"https:\/\/faya.unse.edu.ar\/index.php\/academica\/2023\/convocatoria-para-cobertura-de-cargos-docentes-2\/","title":{"rendered":"CONVOCATORIA PARA COBERTURA DE CARGOS DOCENTES"},"content":{"rendered":"\n<p>La Facultad de Agronom\u00eda y Agroindustrias de la Universidad Nacional de Santiago del Estero comunica a los se\u00f1ores interesados que por <strong>Resoluci\u00f3n FAA N\u00ba 010\/2023, <\/strong>se <strong>Declara Abierta la Inscripci\u00f3n<\/strong> de postulantes para la cobertura de dos (02) cargos de <strong>Profesor Adjunto, Dedicaci\u00f3n Exclusiva, <\/strong>mediante <strong>Concursos P\u00fablicos de T\u00edtulos, Antecedentes, Entrevista y Oposici\u00f3n<\/strong>, modalidad <strong>Internos, <\/strong>bajo la forma de implementaci\u00f3n <strong>mixta<\/strong> (combinaci\u00f3n de instancias presenciales y virtuales) aprobados por<strong> Resoluciones CS N\u00b0 506\/2022 <\/strong>y <strong>509\/2022, <\/strong>seg\u00fan el siguiente detalle:<\/p>\n\n\n\n<figure class=\"wp-block-table is-style-regular\"><table><tbody><tr><td><strong>Cargo<\/strong><\/td><td><strong>Asignatura\/Carrera<\/strong><\/td><td><strong>Perfil Acad\u00e9mico<\/strong><\/td><\/tr><tr><td><br><br><strong>Profesor Adjunto, Dedicaci\u00f3n Exclusiva.<\/strong><\/td><td><br><strong>BOT\u00c1NICA AGR\u00cdCOLA<\/strong> Carrera de Ingenier\u00eda Agron\u00f3mica. <strong>Resoluci\u00f3n CS N\u00b0 506\/2022<\/strong><\/td><td>Poseer t\u00edtulo universitario de grado no menor a cuatro a\u00f1os de duraci\u00f3n, de Ingeniero Agr\u00f3nomo o profesional af\u00edn a las Ciencias Agropecuarias. Acreditar labor docente durante cuatro a\u00f1os en el nivel universitario. Acreditar en el \u00e1rea disciplinar correspondiente una actualizada formaci\u00f3n de cuarto nivel o antecedentes cient\u00edficos o profesionales relevantes. Acreditar preferentemente formaci\u00f3n pedag\u00f3gica orientada a la tarea docente en el nivel universitario. Acreditar, preferentemente, participaci\u00f3n en proyectos de investigaci\u00f3n, transferencia, extensi\u00f3n, gesti\u00f3n y formaci\u00f3n de recursos humanos, relacionados con la disciplina de la asignatura objeto de concurso y\/o experiencia profesional en relaci\u00f3n a su formaci\u00f3n.<\/td><\/tr><\/tbody><\/table><\/figure>\n\n\n\n<p>Inscripci\u00f3n: a partir del d\u00eda <strong>lunes 27 de febrero <\/strong>y hasta el d\u00eda<strong> viernes 17 de marzo del presente a\u00f1o, inclusive, en el horario de 8:00 a 12:30<\/strong>, en la oficina del \u00c1rea de Concursos de la Secretar\u00eda Acad\u00e9mica de esta Facultad.<\/p>\n\n\n\n<p><\/p>\n\n\n\n<figure class=\"wp-block-table is-style-regular\"><table><tbody><tr><td><strong>Cargo<\/strong><\/td><td><strong>Asignatura\/Carrera<\/strong><\/td><td><strong>Perfil Acad\u00e9mico<\/strong><\/td><\/tr><tr><td><br><br><strong>Profesor Adjunto, Dedicaci\u00f3n Exclusiva.<\/strong><\/td><td><br><strong>ZOOLOG\u00cdA AGR\u00cdCOLA<\/strong> Carrera de Ingenier\u00eda Agron\u00f3mica. <strong>Resoluci\u00f3n CS N\u00b0 509\/2022<\/strong><\/td><td>Poseer t\u00edtulo universitario de grado no menor a cuatro a\u00f1os de duraci\u00f3n, de Ingeniero Agr\u00f3nomo o profesional af\u00edn a las Ciencias Agropecuarias. Acreditar labor docente durante cuatro a\u00f1os en el nivel universitario. Acreditar en el \u00e1rea disciplinar correspondiente una actualizada formaci\u00f3n de cuarto nivel o antecedentes cient\u00edficos o profesionales relevantes. Acreditar preferentemente formaci\u00f3n pedag\u00f3gica orientada a la tarea docente en el nivel universitario. Acreditar, preferentemente, antecedentes en algunas de las siguientes actividades: transferencia, extensi\u00f3n, investigaci\u00f3n, gesti\u00f3n y formaci\u00f3n de recursos humanos, de la formaci\u00f3n disciplinar y\/o experiencia profesional en relaci\u00f3n a su profesi\u00f3n.<\/td><\/tr><\/tbody><\/table><\/figure>\n\n\n\n<p><strong>Inscripci\u00f3n: <\/strong>a partir del d\u00eda <strong>jueves 16 de febrero <\/strong>y hasta el d\u00eda<strong> viernes 10 de marzo del presente a\u00f1o, inclusive, en el horario de 8:00 a 12:30<\/strong>, en la oficina del \u00c1rea de Concursos de la Secretar\u00eda Acad\u00e9mica de esta Facultad<\/p>\n\n\n\n<ul><li>Reglamento: <strong>Resoluci\u00f3n CS N\u00b0 171\/2021<\/strong> (Reglamento General para Concurso de Profesores Regulares)<\/li><li><strong>Resoluci\u00f3n CS N\u00b0 506\/2022<\/strong>&#8211; Aprueba llamado a Concurso, Perfil y Jurado del Concurso de \u00a0<strong>Bot\u00e1nica Agr\u00edcola.<\/strong><\/li><li><strong>Resoluci\u00f3n CS N\u00b0 509\/2022<\/strong>&#8211; Aprueba llamado a Concurso, Perfil y Jurado del Concurso de \u00a0<strong>Zoolog\u00eda Agr\u00edcola.<\/strong><\/li><\/ul>\n\n\n\n<p><\/p>\n\n\n\n<p><strong>Importante:<\/strong> las inscripciones se registrar\u00e1n <strong>personalmente en la oficina del \u00c1rea de Concursos<\/strong>, en el horario de 8 a 12:30, <strong>con TURNO PREVIO<\/strong>, solicitado a trav\u00e9s de correo electr\u00f3nico <a href=\"mailto:concursosfayaunse@gmail.com\">concursosfayaunse@gmail.com<\/a> o v\u00eda telef\u00f3nica.<\/p>\n\n\n\n<p><strong>Previo a la inscripci\u00f3n<\/strong>, se deber\u00e1n certificar las copias de la documentaci\u00f3n probatoria (con documentaci\u00f3n original a la vista), en Mesa de Entradas de la FAyA en el horario de 14:00 a 20:00. Al momento de la inscripci\u00f3n no se realizar\u00e1 ninguna certificaci\u00f3n.<\/p>\n\n\n\n<p><\/p>\n\n\n\n<p>El postulante deber\u00e1 presentar <strong>personalmente<\/strong>, al momento de la inscripci\u00f3n (en oficina de Concursos):&nbsp;<\/p>\n\n\n\n<ul><li>Un (1) ejemplar impreso del Curr\u00edculo vitae (CV), el mismo deber\u00e1 tener la informaci\u00f3n b\u00e1sica y en el <strong>orden<\/strong> que establece el Art\u00edculo 6\u00b0 de la Resoluci\u00f3n CS N\u00b0 171\/2021.\u00a0<\/li><li>Un (1) ejemplar impreso de la documentaci\u00f3n respaldatoria (de todo lo declarado en CV) debidamente legalizada.<\/li><li>Un (1) ejemplar impreso de Plan de Actividad Docente y de Investigaci\u00f3n, y un (1) ejemplar impreso de Plan de Extensi\u00f3n y Trasferencia.<\/li><\/ul>\n\n\n\n<p><\/p>\n\n\n\n<p>El postulante deber\u00e1 presentar en formato digital pdf a trav\u00e9s del correo electr\u00f3nico <a href=\"mailto:concursosfayaunse@gmail.com\">concursosfayaunse@gmail.com<\/a>:\u00a0<\/p>\n\n\n\n<ul><li>Un (1) Curriculum Vitae, (firmado y escaneado en un <strong>\u00fanico archivo<\/strong> pdf).<\/li><li>Una (1) Documentaci\u00f3n respaldatoria (debidamente certificada, escaneada y adjuntada en un <strong>\u00fanico archivo<\/strong> pdf).<\/li><li>Un (1) Plan de Actividad Docente y de Investigaci\u00f3n, y un (1) Plan de Extensi\u00f3n y Trasferencia (firmado y escaneado en un <strong>\u00fanico archivo<\/strong> pdf).<\/li><\/ul>\n\n\n\n<p><\/p>\n\n\n\n<p>Por informaci\u00f3n dirigirse a: Universidad Nacional de Santiago del Estero, Facultad de Agronom\u00eda y Agroindustrias. Avenida Belgrano (S) N\u00ba 1912. Telef. 4509500 (Int. 1629), o comunicarse con el \u00c1rea de Concursos FAyA al Celular (0385) 154186283.<\/p>\n\n\n\n<p><\/p>\n\n\n\n<p><strong><a href=\"https:\/\/drive.google.com\/drive\/folders\/1HJcWfVkdHJT0H0t1IS0X3JGtnAT9yWBS?usp=share_link\" target=\"_blank\" rel=\"noreferrer noopener\"><span class=\"has-inline-color has-vivid-red-color\">RESOLUCIONES<\/span><\/a><\/strong><\/p>\n","protected":false},"excerpt":{"rendered":"<p>La Facultad de Agronom\u00eda y Agroindustrias de la Universidad Nacional de Santiago del Estero comunica a los se\u00f1ores interesados que por Resoluci\u00f3n FAA N\u00ba 010\/2023, se Declara Abierta la Inscripci\u00f3n de postulantes para la cobertura de dos (02) cargos de Profesor Adjunto, Dedicaci\u00f3n Exclusiva, mediante&#8230;<\/p>\n","protected":false},"author":2,"featured_media":30621,"comment_status":"closed","ping_status":"closed","sticky":false,"template":"","format":"standard","meta":{"_mi_skip_tracking":false},"categories":[167,7,194,5,193],"tags":[],"yoast_head":"<!-- This site is optimized with the Yoast SEO plugin v17.7.1 - https:\/\/yoast.com\/wordpress\/plugins\/seo\/ -->\n<meta name=\"robots\" content=\"index, follow, max-snippet:-1, max-image-preview:large, max-video-preview:-1\" \/>\n<link rel=\"canonical\" href=\"https:\/\/faya.unse.edu.ar\/index.php\/academica\/2023\/convocatoria-para-cobertura-de-cargos-docentes-2\/\" \/>\n<meta property=\"og:locale\" content=\"es_ES\" \/>\n<meta property=\"og:type\" content=\"article\" \/>\n<meta property=\"og:title\" content=\"CONVOCATORIA PARA COBERTURA DE CARGOS DOCENTES | Facultad de Agronom\u00eda y Agroindustrias UNSE | FAyA UNSE\" \/>\n<meta property=\"og:description\" content=\"La Facultad de Agronom\u00eda y Agroindustrias de la Universidad Nacional de Santiago del Estero comunica a los se\u00f1ores interesados que por Resoluci\u00f3n FAA N\u00ba 010\/2023, se Declara Abierta la Inscripci\u00f3n de postulantes para la cobertura de dos (02) cargos de Profesor Adjunto, Dedicaci\u00f3n Exclusiva, mediante...\" \/>\n<meta property=\"og:url\" content=\"https:\/\/faya.unse.edu.ar\/index.php\/academica\/2023\/convocatoria-para-cobertura-de-cargos-docentes-2\/\" \/>\n<meta property=\"og:site_name\" content=\"Facultad de Agronom\u00eda y Agroindustrias UNSE | FAyA UNSE\" \/>\n<meta property=\"article:publisher\" content=\"https:\/\/www.facebook.com\/agroUNSE\/\" \/>\n<meta property=\"article:published_time\" content=\"2023-02-06T17:18:28+00:00\" \/>\n<meta property=\"article:modified_time\" content=\"2023-02-06T17:18:29+00:00\" \/>\n<meta property=\"og:image\" content=\"https:\/\/faya.unse.edu.ar\/wp-content\/uploads\/CONCURSO-DOCENTE-01.jpg\" \/>\n\t<meta property=\"og:image:width\" content=\"2251\" \/>\n\t<meta property=\"og:image:height\" content=\"2016\" \/>\n<meta name=\"twitter:card\" content=\"summary_large_image\" \/>\n<meta name=\"twitter:creator\" content=\"@fayaunse\" \/>\n<meta name=\"twitter:site\" content=\"@fayaunse\" \/>\n<meta name=\"twitter:label1\" content=\"Escrito por\" \/>\n\t<meta name=\"twitter:data1\" content=\"Comunicaci\u00f3n FAyA\" \/>\n\t<meta name=\"twitter:label2\" content=\"Tiempo de lectura\" \/>\n\t<meta name=\"twitter:data2\" content=\"4 minutos\" \/>\n<script type=\"application\/ld+json\" class=\"yoast-schema-graph\">{\"@context\":\"https:\/\/schema.org\",\"@graph\":[{\"@type\":\"WebSite\",\"@id\":\"https:\/\/faya.unse.edu.ar\/#website\",\"url\":\"https:\/\/faya.unse.edu.ar\/\",\"name\":\"Facultad de Agronom\\u00eda y Agroindustrias UNSE | FAyA UNSE\",\"description\":\"\",\"potentialAction\":[{\"@type\":\"SearchAction\",\"target\":{\"@type\":\"EntryPoint\",\"urlTemplate\":\"https:\/\/faya.unse.edu.ar\/?s={search_term_string}\"},\"query-input\":\"required name=search_term_string\"}],\"inLanguage\":\"es-AR\"},{\"@type\":\"ImageObject\",\"@id\":\"https:\/\/faya.unse.edu.ar\/index.php\/academica\/2023\/convocatoria-para-cobertura-de-cargos-docentes-2\/#primaryimage\",\"inLanguage\":\"es-AR\",\"url\":\"https:\/\/faya.unse.edu.ar\/wp-content\/uploads\/CONCURSO-DOCENTE-01.jpg\",\"contentUrl\":\"https:\/\/faya.unse.edu.ar\/wp-content\/uploads\/CONCURSO-DOCENTE-01.jpg\",\"width\":2251,\"height\":2016},{\"@type\":\"WebPage\",\"@id\":\"https:\/\/faya.unse.edu.ar\/index.php\/academica\/2023\/convocatoria-para-cobertura-de-cargos-docentes-2\/#webpage\",\"url\":\"https:\/\/faya.unse.edu.ar\/index.php\/academica\/2023\/convocatoria-para-cobertura-de-cargos-docentes-2\/\",\"name\":\"CONVOCATORIA PARA COBERTURA DE CARGOS DOCENTES | Facultad de Agronom\\u00eda y Agroindustrias UNSE | FAyA UNSE\",\"isPartOf\":{\"@id\":\"https:\/\/faya.unse.edu.ar\/#website\"},\"primaryImageOfPage\":{\"@id\":\"https:\/\/faya.unse.edu.ar\/index.php\/academica\/2023\/convocatoria-para-cobertura-de-cargos-docentes-2\/#primaryimage\"},\"datePublished\":\"2023-02-06T17:18:28+00:00\",\"dateModified\":\"2023-02-06T17:18:29+00:00\",\"author\":{\"@id\":\"https:\/\/faya.unse.edu.ar\/#\/schema\/person\/6759100fdfd04c998461a230bc877a42\"},\"breadcrumb\":{\"@id\":\"https:\/\/faya.unse.edu.ar\/index.php\/academica\/2023\/convocatoria-para-cobertura-de-cargos-docentes-2\/#breadcrumb\"},\"inLanguage\":\"es-AR\",\"potentialAction\":[{\"@type\":\"ReadAction\",\"target\":[\"https:\/\/faya.unse.edu.ar\/index.php\/academica\/2023\/convocatoria-para-cobertura-de-cargos-docentes-2\/\"]}]},{\"@type\":\"BreadcrumbList\",\"@id\":\"https:\/\/faya.unse.edu.ar\/index.php\/academica\/2023\/convocatoria-para-cobertura-de-cargos-docentes-2\/#breadcrumb\",\"itemListElement\":[{\"@type\":\"ListItem\",\"position\":1,\"name\":\"Home\",\"item\":\"https:\/\/faya.unse.edu.ar\/\"},{\"@type\":\"ListItem\",\"position\":2,\"name\":\"CONVOCATORIA PARA COBERTURA DE CARGOS DOCENTES\"}]},{\"@type\":\"Person\",\"@id\":\"https:\/\/faya.unse.edu.ar\/#\/schema\/person\/6759100fdfd04c998461a230bc877a42\",\"name\":\"Comunicaci\\u00f3n FAyA\",\"url\":\"https:\/\/faya.unse.edu.ar\/index.php\/author\/ariel_jugo\/\"}]}<\/script>\n<!-- \/ Yoast SEO plugin. -->","yoast_head_json":{"robots":{"index":"index","follow":"follow","max-snippet":"max-snippet:-1","max-image-preview":"max-image-preview:large","max-video-preview":"max-video-preview:-1"},"canonical":"https:\/\/faya.unse.edu.ar\/index.php\/academica\/2023\/convocatoria-para-cobertura-de-cargos-docentes-2\/","og_locale":"es_ES","og_type":"article","og_title":"CONVOCATORIA PARA COBERTURA DE CARGOS DOCENTES | Facultad de Agronom\u00eda y Agroindustrias UNSE | FAyA UNSE","og_description":"La Facultad de Agronom\u00eda y Agroindustrias de la Universidad Nacional de Santiago del Estero comunica a los se\u00f1ores interesados que por Resoluci\u00f3n FAA N\u00ba 010\/2023, se Declara Abierta la Inscripci\u00f3n de postulantes para la cobertura de dos (02) cargos de Profesor Adjunto, Dedicaci\u00f3n Exclusiva, mediante...","og_url":"https:\/\/faya.unse.edu.ar\/index.php\/academica\/2023\/convocatoria-para-cobertura-de-cargos-docentes-2\/","og_site_name":"Facultad de Agronom\u00eda y Agroindustrias UNSE | FAyA UNSE","article_publisher":"https:\/\/www.facebook.com\/agroUNSE\/","article_published_time":"2023-02-06T17:18:28+00:00","article_modified_time":"2023-02-06T17:18:29+00:00","og_image":[{"width":2251,"height":2016,"url":"https:\/\/faya.unse.edu.ar\/wp-content\/uploads\/CONCURSO-DOCENTE-01.jpg","type":"image\/jpeg"}],"twitter_card":"summary_large_image","twitter_creator":"@fayaunse","twitter_site":"@fayaunse","twitter_misc":{"Escrito por":"Comunicaci\u00f3n FAyA","Tiempo de lectura":"4 minutos"},"schema":{"@context":"https:\/\/schema.org","@graph":[{"@type":"WebSite","@id":"https:\/\/faya.unse.edu.ar\/#website","url":"https:\/\/faya.unse.edu.ar\/","name":"Facultad de Agronom\u00eda y Agroindustrias UNSE | FAyA UNSE","description":"","potentialAction":[{"@type":"SearchAction","target":{"@type":"EntryPoint","urlTemplate":"https:\/\/faya.unse.edu.ar\/?s={search_term_string}"},"query-input":"required name=search_term_string"}],"inLanguage":"es-AR"},{"@type":"ImageObject","@id":"https:\/\/faya.unse.edu.ar\/index.php\/academica\/2023\/convocatoria-para-cobertura-de-cargos-docentes-2\/#primaryimage","inLanguage":"es-AR","url":"https:\/\/faya.unse.edu.ar\/wp-content\/uploads\/CONCURSO-DOCENTE-01.jpg","contentUrl":"https:\/\/faya.unse.edu.ar\/wp-content\/uploads\/CONCURSO-DOCENTE-01.jpg","width":2251,"height":2016},{"@type":"WebPage","@id":"https:\/\/faya.unse.edu.ar\/index.php\/academica\/2023\/convocatoria-para-cobertura-de-cargos-docentes-2\/#webpage","url":"https:\/\/faya.unse.edu.ar\/index.php\/academica\/2023\/convocatoria-para-cobertura-de-cargos-docentes-2\/","name":"CONVOCATORIA PARA COBERTURA DE CARGOS DOCENTES | Facultad de Agronom\u00eda y Agroindustrias UNSE | FAyA UNSE","isPartOf":{"@id":"https:\/\/faya.unse.edu.ar\/#website"},"primaryImageOfPage":{"@id":"https:\/\/faya.unse.edu.ar\/index.php\/academica\/2023\/convocatoria-para-cobertura-de-cargos-docentes-2\/#primaryimage"},"datePublished":"2023-02-06T17:18:28+00:00","dateModified":"2023-02-06T17:18:29+00:00","author":{"@id":"https:\/\/faya.unse.edu.ar\/#\/schema\/person\/6759100fdfd04c998461a230bc877a42"},"breadcrumb":{"@id":"https:\/\/faya.unse.edu.ar\/index.php\/academica\/2023\/convocatoria-para-cobertura-de-cargos-docentes-2\/#breadcrumb"},"inLanguage":"es-AR","potentialAction":[{"@type":"ReadAction","target":["https:\/\/faya.unse.edu.ar\/index.php\/academica\/2023\/convocatoria-para-cobertura-de-cargos-docentes-2\/"]}]},{"@type":"BreadcrumbList","@id":"https:\/\/faya.unse.edu.ar\/index.php\/academica\/2023\/convocatoria-para-cobertura-de-cargos-docentes-2\/#breadcrumb","itemListElement":[{"@type":"ListItem","position":1,"name":"Home","item":"https:\/\/faya.unse.edu.ar\/"},{"@type":"ListItem","position":2,"name":"CONVOCATORIA PARA COBERTURA DE CARGOS DOCENTES"}]},{"@type":"Person","@id":"https:\/\/faya.unse.edu.ar\/#\/schema\/person\/6759100fdfd04c998461a230bc877a42","name":"Comunicaci\u00f3n FAyA","url":"https:\/\/faya.unse.edu.ar\/index.php\/author\/ariel_jugo\/"}]}},"_links":{"self":[{"href":"https:\/\/faya.unse.edu.ar\/index.php\/wp-json\/wp\/v2\/posts\/30620"}],"collection":[{"href":"https:\/\/faya.unse.edu.ar\/index.php\/wp-json\/wp\/v2\/posts"}],"about":[{"href":"https:\/\/faya.unse.edu.ar\/index.php\/wp-json\/wp\/v2\/types\/post"}],"author":[{"embeddable":true,"href":"https:\/\/faya.unse.edu.ar\/index.php\/wp-json\/wp\/v2\/users\/2"}],"replies":[{"embeddable":true,"href":"https:\/\/faya.unse.edu.ar\/index.php\/wp-json\/wp\/v2\/comments?post=30620"}],"version-history":[{"count":7,"href":"https:\/\/faya.unse.edu.ar\/index.php\/wp-json\/wp\/v2\/posts\/30620\/revisions"}],"predecessor-version":[{"id":30628,"href":"https:\/\/faya.unse.edu.ar\/index.php\/wp-json\/wp\/v2\/posts\/30620\/revisions\/30628"}],"wp:featuredmedia":[{"embeddable":true,"href":"https:\/\/faya.unse.edu.ar\/index.php\/wp-json\/wp\/v2\/media\/30621"}],"wp:attachment":[{"href":"https:\/\/faya.unse.edu.ar\/index.php\/wp-json\/wp\/v2\/media?parent=30620"}],"wp:term":[{"taxonomy":"category","embeddable":true,"href":"https:\/\/faya.unse.edu.ar\/index.php\/wp-json\/wp\/v2\/categories?post=30620"},{"taxonomy":"post_tag","embeddable":true,"href":"https:\/\/faya.unse.edu.ar\/index.php\/wp-json\/wp\/v2\/tags?post=30620"}],"curies":[{"name":"wp","href":"https:\/\/api.w.org\/{rel}","templated":true}]}}