{"id":30678,"date":"2023-02-24T13:57:04","date_gmt":"2023-02-24T16:57:04","guid":{"rendered":"https:\/\/faya.unse.edu.ar\/?p=30678"},"modified":"2024-06-26T12:35:45","modified_gmt":"2024-06-26T15:35:45","slug":"orden-del-dia-1-reunion-extraordinaria-de-consejo-directivo-faya","status":"publish","type":"post","link":"https:\/\/faya.unse.edu.ar\/index.php\/consejo-directivo-faya\/2023\/orden-del-dia-1-reunion-extraordinaria-de-consejo-directivo-faya\/","title":{"rendered":"ORDEN DEL D\u00cdA &#8211; 1\u00b0 REUNI\u00d3N EXTRAORDINARIA DE CONSEJO DIRECTIVO FAyA"},"content":{"rendered":"\n<p><strong>1a REUNI\u00d3N EXTRAORDINARIA DE CONSEJO DIRECTIVO<\/strong><\/p>\n\n\n\n<p>FECHA: 27 de febrero de 2023<br>HORA: 14:30<br>LUGAR: Aula 7 FAyA<\/p>\n\n\n\n<p><strong>ORDEN DEL DIA<\/strong><\/p>\n\n\n\n<ol><li>Tr\u00e1mite_FAyA-MGE:0029\/2023: Ing. Fernando Galizzi eleva renuncia al cargo de Consejero<br>Directivo en representaci\u00f3n del Claustro de Profesores.<\/li><li>Toma de Juramento a la Dra. Claudia Quinzio como Consejera Directiva en representaci\u00f3n del<br>Claustro de Profesores<\/li><li>Integraci\u00f3n de Consejeros Directivos Estudiantiles y Nodocente a Comisiones.<\/li><li>Resoluciones Ad Referendum.<br>4.1. Res. FAA N\u00b0 1151\/2022: Da de baja e incorpora a estudiantes a la Comisi\u00f3n de Seguimiento<br>y An\u00e1lisis del dictado de asignaturas \u201cBioestad\u00edstica y Dise\u00f1o\u201d, \u201cEstad\u00edstica\u201d y<br>\u201cBioestad\u00edstica\u201d de las diferentes carreras de grado que se dictan en la FAyA.<br>4.2. Res. FAA N\u00b0 012\/2022: Contrata al Ing. Manuel S\u00e1ndez como Director de la EAGyG.<br>4.3. Res. FAA N\u00b0 020\/2023: Da de baja al Ing. Soulier en cargo de Jefe de Trabajos Pr\u00e1cticos, DS.<br>4.4. Res. FAA N\u00b0 022\/2023: Designa Comisi\u00f3n Evaluadora del Trabajo Final de Licenciatura en<br>Qu\u00edmica del Sr. Agust\u00edn Paz.<br>4.5. Res. FAA N\u00b0 023\/2022: Rectifica error material en Res CDFAA 141\/2020.<\/li><li>SECRETAR\u00cdA ACAD\u00c9MICA<br>5.1. EXPE-MGE: 3223\/2022: Dictamen de Jurado encargado de entender en el Concurso abierto<br>para la cobertura de un cargo de Profesor Adjunto, DS, para la asignatura Psicolog\u00eda y Cultura<br>del Sujeto que aprende (Prof. en Qca.).<br>5.2. Tr\u00e1mite_FAyA-MGE:0033\/2023: Dr. Eduardo E. Mir\u00f3 eleva renuncia como miembro titular<br>de la Comisi\u00f3n Evaluadora encargada de entender en la Promoci\u00f3n del Ing. Luis H. Garc\u00eda al<br>cargo de Prof. Asociado, DE, para la asignatura Higiene y Seguridad Industrial (Ing. Alim.).<br>5.3. Tr\u00e1mite_FAyA-MGE:0067\/2023: Dra. Mariana Garc\u00eda y Lic. Yanel Herrera elevan propuesta<br>de Talleres destinados a ingresantes 2023 y alumnos regulares de 1er. A\u00f1o de la FAyA.<br>5.4. Proyecto de creaci\u00f3n de las carrera de Farmacia, Plan de Estudios, R\u00e9gimen de equivalencias<br>directas entre Planes de Estudios de Licenciatura en Qu\u00edmica y Licenciatura en<br>Biotecnolog\u00eda.<br>5.5. Proyecto de creaci\u00f3n de las carrera de Bioqu\u00edmica, Plan de Estudios, R\u00e9gimen de<br>equivalencias directas entre Planes de Estudios de Licenciatura en Qu\u00edmica y Licenciatura en<br>Biotecnolog\u00eda.<\/li><\/ol>\n","protected":false},"excerpt":{"rendered":"<p>1a REUNI\u00d3N EXTRAORDINARIA DE CONSEJO DIRECTIVO FECHA: 27 de febrero de 2023HORA: 14:30LUGAR: Aula 7 FAyA ORDEN DEL DIA Tr\u00e1mite_FAyA-MGE:0029\/2023: Ing. Fernando Galizzi eleva renuncia al cargo de ConsejeroDirectivo en representaci\u00f3n del Claustro de Profesores. Toma de Juramento a la Dra. Claudia Quinzio como Consejera&#8230;<\/p>\n","protected":false},"author":2,"featured_media":30679,"comment_status":"closed","ping_status":"closed","sticky":false,"template":"","format":"standard","meta":{"_mi_skip_tracking":false},"categories":[200,5],"tags":[],"yoast_head":"<!-- This site is optimized with the Yoast SEO plugin v17.7.1 - https:\/\/yoast.com\/wordpress\/plugins\/seo\/ -->\n<meta name=\"robots\" content=\"index, follow, max-snippet:-1, max-image-preview:large, max-video-preview:-1\" \/>\n<link rel=\"canonical\" href=\"https:\/\/faya.unse.edu.ar\/index.php\/consejo-directivo-faya\/2023\/orden-del-dia-1-reunion-extraordinaria-de-consejo-directivo-faya\/\" \/>\n<meta property=\"og:locale\" content=\"es_ES\" \/>\n<meta property=\"og:type\" content=\"article\" \/>\n<meta property=\"og:title\" content=\"ORDEN DEL D\u00cdA - 1\u00b0 REUNI\u00d3N EXTRAORDINARIA DE CONSEJO DIRECTIVO FAyA | Facultad de Agronom\u00eda y Agroindustrias UNSE | FAyA UNSE\" \/>\n<meta property=\"og:description\" content=\"1a REUNI\u00d3N EXTRAORDINARIA DE CONSEJO DIRECTIVO FECHA: 27 de febrero de 2023HORA: 14:30LUGAR: Aula 7 FAyA ORDEN DEL DIA Tr\u00e1mite_FAyA-MGE:0029\/2023: Ing. Fernando Galizzi eleva renuncia al cargo de ConsejeroDirectivo en representaci\u00f3n del Claustro de Profesores. Toma de Juramento a la Dra. Claudia Quinzio como Consejera...\" \/>\n<meta property=\"og:url\" content=\"https:\/\/faya.unse.edu.ar\/index.php\/consejo-directivo-faya\/2023\/orden-del-dia-1-reunion-extraordinaria-de-consejo-directivo-faya\/\" \/>\n<meta property=\"og:site_name\" content=\"Facultad de Agronom\u00eda y Agroindustrias UNSE | FAyA UNSE\" \/>\n<meta property=\"article:publisher\" content=\"https:\/\/www.facebook.com\/agroUNSE\/\" \/>\n<meta property=\"article:published_time\" content=\"2023-02-24T16:57:04+00:00\" \/>\n<meta property=\"article:modified_time\" content=\"2024-06-26T15:35:45+00:00\" \/>\n<meta property=\"og:image\" content=\"https:\/\/faya.unse.edu.ar\/wp-content\/uploads\/1-reunion-extraordinaria-directivo-faya-unse-2023.png\" \/>\n\t<meta property=\"og:image:width\" content=\"1920\" \/>\n\t<meta property=\"og:image:height\" content=\"1080\" \/>\n<meta name=\"twitter:card\" content=\"summary_large_image\" \/>\n<meta name=\"twitter:creator\" content=\"@fayaunse\" \/>\n<meta name=\"twitter:site\" content=\"@fayaunse\" \/>\n<meta name=\"twitter:label1\" content=\"Escrito por\" \/>\n\t<meta name=\"twitter:data1\" content=\"Comunicaci\u00f3n FAyA\" \/>\n\t<meta name=\"twitter:label2\" content=\"Tiempo de lectura\" \/>\n\t<meta name=\"twitter:data2\" content=\"2 minutos\" \/>\n<script type=\"application\/ld+json\" class=\"yoast-schema-graph\">{\"@context\":\"https:\/\/schema.org\",\"@graph\":[{\"@type\":\"WebSite\",\"@id\":\"https:\/\/faya.unse.edu.ar\/#website\",\"url\":\"https:\/\/faya.unse.edu.ar\/\",\"name\":\"Facultad de Agronom\\u00eda y Agroindustrias UNSE | FAyA UNSE\",\"description\":\"\",\"potentialAction\":[{\"@type\":\"SearchAction\",\"target\":{\"@type\":\"EntryPoint\",\"urlTemplate\":\"https:\/\/faya.unse.edu.ar\/?s={search_term_string}\"},\"query-input\":\"required name=search_term_string\"}],\"inLanguage\":\"es-AR\"},{\"@type\":\"ImageObject\",\"@id\":\"https:\/\/faya.unse.edu.ar\/index.php\/consejo-directivo-faya\/2023\/orden-del-dia-1-reunion-extraordinaria-de-consejo-directivo-faya\/#primaryimage\",\"inLanguage\":\"es-AR\",\"url\":\"https:\/\/faya.unse.edu.ar\/wp-content\/uploads\/1-reunion-extraordinaria-directivo-faya-unse-2023.png\",\"contentUrl\":\"https:\/\/faya.unse.edu.ar\/wp-content\/uploads\/1-reunion-extraordinaria-directivo-faya-unse-2023.png\",\"width\":1920,\"height\":1080},{\"@type\":\"WebPage\",\"@id\":\"https:\/\/faya.unse.edu.ar\/index.php\/consejo-directivo-faya\/2023\/orden-del-dia-1-reunion-extraordinaria-de-consejo-directivo-faya\/#webpage\",\"url\":\"https:\/\/faya.unse.edu.ar\/index.php\/consejo-directivo-faya\/2023\/orden-del-dia-1-reunion-extraordinaria-de-consejo-directivo-faya\/\",\"name\":\"ORDEN DEL D\\u00cdA - 1\\u00b0 REUNI\\u00d3N EXTRAORDINARIA DE CONSEJO DIRECTIVO FAyA | Facultad de Agronom\\u00eda y Agroindustrias UNSE | FAyA UNSE\",\"isPartOf\":{\"@id\":\"https:\/\/faya.unse.edu.ar\/#website\"},\"primaryImageOfPage\":{\"@id\":\"https:\/\/faya.unse.edu.ar\/index.php\/consejo-directivo-faya\/2023\/orden-del-dia-1-reunion-extraordinaria-de-consejo-directivo-faya\/#primaryimage\"},\"datePublished\":\"2023-02-24T16:57:04+00:00\",\"dateModified\":\"2024-06-26T15:35:45+00:00\",\"author\":{\"@id\":\"https:\/\/faya.unse.edu.ar\/#\/schema\/person\/6759100fdfd04c998461a230bc877a42\"},\"breadcrumb\":{\"@id\":\"https:\/\/faya.unse.edu.ar\/index.php\/consejo-directivo-faya\/2023\/orden-del-dia-1-reunion-extraordinaria-de-consejo-directivo-faya\/#breadcrumb\"},\"inLanguage\":\"es-AR\",\"potentialAction\":[{\"@type\":\"ReadAction\",\"target\":[\"https:\/\/faya.unse.edu.ar\/index.php\/consejo-directivo-faya\/2023\/orden-del-dia-1-reunion-extraordinaria-de-consejo-directivo-faya\/\"]}]},{\"@type\":\"BreadcrumbList\",\"@id\":\"https:\/\/faya.unse.edu.ar\/index.php\/consejo-directivo-faya\/2023\/orden-del-dia-1-reunion-extraordinaria-de-consejo-directivo-faya\/#breadcrumb\",\"itemListElement\":[{\"@type\":\"ListItem\",\"position\":1,\"name\":\"Home\",\"item\":\"https:\/\/faya.unse.edu.ar\/\"},{\"@type\":\"ListItem\",\"position\":2,\"name\":\"ORDEN DEL D\\u00cdA &#8211; 1\\u00b0 REUNI\\u00d3N EXTRAORDINARIA DE CONSEJO DIRECTIVO FAyA\"}]},{\"@type\":\"Person\",\"@id\":\"https:\/\/faya.unse.edu.ar\/#\/schema\/person\/6759100fdfd04c998461a230bc877a42\",\"name\":\"Comunicaci\\u00f3n FAyA\",\"url\":\"https:\/\/faya.unse.edu.ar\/index.php\/author\/ariel_jugo\/\"}]}<\/script>\n<!-- \/ Yoast SEO plugin. -->","yoast_head_json":{"robots":{"index":"index","follow":"follow","max-snippet":"max-snippet:-1","max-image-preview":"max-image-preview:large","max-video-preview":"max-video-preview:-1"},"canonical":"https:\/\/faya.unse.edu.ar\/index.php\/consejo-directivo-faya\/2023\/orden-del-dia-1-reunion-extraordinaria-de-consejo-directivo-faya\/","og_locale":"es_ES","og_type":"article","og_title":"ORDEN DEL D\u00cdA - 1\u00b0 REUNI\u00d3N EXTRAORDINARIA DE CONSEJO DIRECTIVO FAyA | Facultad de Agronom\u00eda y Agroindustrias UNSE | FAyA UNSE","og_description":"1a REUNI\u00d3N EXTRAORDINARIA DE CONSEJO DIRECTIVO FECHA: 27 de febrero de 2023HORA: 14:30LUGAR: Aula 7 FAyA ORDEN DEL DIA Tr\u00e1mite_FAyA-MGE:0029\/2023: Ing. Fernando Galizzi eleva renuncia al cargo de ConsejeroDirectivo en representaci\u00f3n del Claustro de Profesores. Toma de Juramento a la Dra. Claudia Quinzio como Consejera...","og_url":"https:\/\/faya.unse.edu.ar\/index.php\/consejo-directivo-faya\/2023\/orden-del-dia-1-reunion-extraordinaria-de-consejo-directivo-faya\/","og_site_name":"Facultad de Agronom\u00eda y Agroindustrias UNSE | FAyA UNSE","article_publisher":"https:\/\/www.facebook.com\/agroUNSE\/","article_published_time":"2023-02-24T16:57:04+00:00","article_modified_time":"2024-06-26T15:35:45+00:00","og_image":[{"width":1920,"height":1080,"url":"https:\/\/faya.unse.edu.ar\/wp-content\/uploads\/1-reunion-extraordinaria-directivo-faya-unse-2023.png","type":"image\/png"}],"twitter_card":"summary_large_image","twitter_creator":"@fayaunse","twitter_site":"@fayaunse","twitter_misc":{"Escrito por":"Comunicaci\u00f3n FAyA","Tiempo de lectura":"2 minutos"},"schema":{"@context":"https:\/\/schema.org","@graph":[{"@type":"WebSite","@id":"https:\/\/faya.unse.edu.ar\/#website","url":"https:\/\/faya.unse.edu.ar\/","name":"Facultad de Agronom\u00eda y Agroindustrias UNSE | FAyA UNSE","description":"","potentialAction":[{"@type":"SearchAction","target":{"@type":"EntryPoint","urlTemplate":"https:\/\/faya.unse.edu.ar\/?s={search_term_string}"},"query-input":"required name=search_term_string"}],"inLanguage":"es-AR"},{"@type":"ImageObject","@id":"https:\/\/faya.unse.edu.ar\/index.php\/consejo-directivo-faya\/2023\/orden-del-dia-1-reunion-extraordinaria-de-consejo-directivo-faya\/#primaryimage","inLanguage":"es-AR","url":"https:\/\/faya.unse.edu.ar\/wp-content\/uploads\/1-reunion-extraordinaria-directivo-faya-unse-2023.png","contentUrl":"https:\/\/faya.unse.edu.ar\/wp-content\/uploads\/1-reunion-extraordinaria-directivo-faya-unse-2023.png","width":1920,"height":1080},{"@type":"WebPage","@id":"https:\/\/faya.unse.edu.ar\/index.php\/consejo-directivo-faya\/2023\/orden-del-dia-1-reunion-extraordinaria-de-consejo-directivo-faya\/#webpage","url":"https:\/\/faya.unse.edu.ar\/index.php\/consejo-directivo-faya\/2023\/orden-del-dia-1-reunion-extraordinaria-de-consejo-directivo-faya\/","name":"ORDEN DEL D\u00cdA - 1\u00b0 REUNI\u00d3N EXTRAORDINARIA DE CONSEJO DIRECTIVO FAyA | Facultad de Agronom\u00eda y Agroindustrias UNSE | FAyA UNSE","isPartOf":{"@id":"https:\/\/faya.unse.edu.ar\/#website"},"primaryImageOfPage":{"@id":"https:\/\/faya.unse.edu.ar\/index.php\/consejo-directivo-faya\/2023\/orden-del-dia-1-reunion-extraordinaria-de-consejo-directivo-faya\/#primaryimage"},"datePublished":"2023-02-24T16:57:04+00:00","dateModified":"2024-06-26T15:35:45+00:00","author":{"@id":"https:\/\/faya.unse.edu.ar\/#\/schema\/person\/6759100fdfd04c998461a230bc877a42"},"breadcrumb":{"@id":"https:\/\/faya.unse.edu.ar\/index.php\/consejo-directivo-faya\/2023\/orden-del-dia-1-reunion-extraordinaria-de-consejo-directivo-faya\/#breadcrumb"},"inLanguage":"es-AR","potentialAction":[{"@type":"ReadAction","target":["https:\/\/faya.unse.edu.ar\/index.php\/consejo-directivo-faya\/2023\/orden-del-dia-1-reunion-extraordinaria-de-consejo-directivo-faya\/"]}]},{"@type":"BreadcrumbList","@id":"https:\/\/faya.unse.edu.ar\/index.php\/consejo-directivo-faya\/2023\/orden-del-dia-1-reunion-extraordinaria-de-consejo-directivo-faya\/#breadcrumb","itemListElement":[{"@type":"ListItem","position":1,"name":"Home","item":"https:\/\/faya.unse.edu.ar\/"},{"@type":"ListItem","position":2,"name":"ORDEN DEL D\u00cdA &#8211; 1\u00b0 REUNI\u00d3N EXTRAORDINARIA DE CONSEJO DIRECTIVO FAyA"}]},{"@type":"Person","@id":"https:\/\/faya.unse.edu.ar\/#\/schema\/person\/6759100fdfd04c998461a230bc877a42","name":"Comunicaci\u00f3n FAyA","url":"https:\/\/faya.unse.edu.ar\/index.php\/author\/ariel_jugo\/"}]}},"_links":{"self":[{"href":"https:\/\/faya.unse.edu.ar\/index.php\/wp-json\/wp\/v2\/posts\/30678"}],"collection":[{"href":"https:\/\/faya.unse.edu.ar\/index.php\/wp-json\/wp\/v2\/posts"}],"about":[{"href":"https:\/\/faya.unse.edu.ar\/index.php\/wp-json\/wp\/v2\/types\/post"}],"author":[{"embeddable":true,"href":"https:\/\/faya.unse.edu.ar\/index.php\/wp-json\/wp\/v2\/users\/2"}],"replies":[{"embeddable":true,"href":"https:\/\/faya.unse.edu.ar\/index.php\/wp-json\/wp\/v2\/comments?post=30678"}],"version-history":[{"count":1,"href":"https:\/\/faya.unse.edu.ar\/index.php\/wp-json\/wp\/v2\/posts\/30678\/revisions"}],"predecessor-version":[{"id":30680,"href":"https:\/\/faya.unse.edu.ar\/index.php\/wp-json\/wp\/v2\/posts\/30678\/revisions\/30680"}],"wp:featuredmedia":[{"embeddable":true,"href":"https:\/\/faya.unse.edu.ar\/index.php\/wp-json\/wp\/v2\/media\/30679"}],"wp:attachment":[{"href":"https:\/\/faya.unse.edu.ar\/index.php\/wp-json\/wp\/v2\/media?parent=30678"}],"wp:term":[{"taxonomy":"category","embeddable":true,"href":"https:\/\/faya.unse.edu.ar\/index.php\/wp-json\/wp\/v2\/categories?post=30678"},{"taxonomy":"post_tag","embeddable":true,"href":"https:\/\/faya.unse.edu.ar\/index.php\/wp-json\/wp\/v2\/tags?post=30678"}],"curies":[{"name":"wp","href":"https:\/\/api.w.org\/{rel}","templated":true}]}}