{"id":31076,"date":"2023-05-24T15:33:08","date_gmt":"2023-05-24T18:33:08","guid":{"rendered":"https:\/\/faya.unse.edu.ar\/?p=31076"},"modified":"2023-05-29T07:46:56","modified_gmt":"2023-05-29T10:46:56","slug":"convocatoria-a-concurso-para-la-cobertura-de-cargos-de-ayudantes-de-segunda-estudiantil-7","status":"publish","type":"post","link":"https:\/\/faya.unse.edu.ar\/index.php\/academica\/2023\/convocatoria-a-concurso-para-la-cobertura-de-cargos-de-ayudantes-de-segunda-estudiantil-7\/","title":{"rendered":"CONVOCATORIA A CONCURSO PARA LA COBERTURA DE CARGOS DE AYUDANTES DE SEGUNDA ESTUDIANTIL"},"content":{"rendered":"\n<p><\/p>\n\n\n\n<p>\u00a0<br>\u00a0Se comunica a los estudiantes de la FAyA que por <strong><span class=\"has-inline-color has-black-color\"><a href=\"https:\/\/faya.unse.edu.ar\/wp-content\/uploads\/374-2023.pdf\" target=\"_blank\" rel=\"noreferrer noopener\">Resoluci\u00f3n FAA N\u00ba 374\/2023<\/a><\/span><\/strong>, se APRUEBA el llamado a Concurso para la cobertura de cargos de AYUDANTES DE SEGUNDA ESTUDIANTIL, Segunda Convocatoria (solo para Alumnos regulares de la FAyA que cumplan con los requisitos del Art\u00edculos 1\u00b0 y 2\u00b0, Res. CDFAA N\u00b0 038\/2023 \u201cReglamento de Concursos de Ayudant\u00eda de Segunda Estudiantil de la FAyA\u201d), en las asignaturas que se detallan a continuaci\u00f3n de las diferentes Carreras que se dictan en esta Facultad.<br>Las inscripciones de los aspirantes se realizar\u00e1n de manera virtual en Departamento Alumnos de esta Facultad, durante los d\u00edas lunes 29 al mi\u00e9rcoles 31 de mayo de 2023, mediante Formulario de inscripci\u00f3n que se encuentra en el siguiente enlace:<br><a href=\"https:\/\/forms.gle\/iCKVusET3sLCdWZ87\" target=\"_blank\" rel=\"noreferrer noopener\">https:\/\/forms.gle\/iCKVusET3sLCdWZ87<\/a><\/p>\n\n\n\n<p>La sustanciaci\u00f3n de los mismos, se realizar\u00e1 entre los d\u00edas mi\u00e9rcoles 7 al viernes 9 de junio de 2023, en los horarios y espacios f\u00edsicos establecidos por el Jefe\/a de C\u00e1tedra, seg\u00fan lo dispuesto en los art\u00edculos 9\u00b0,10\u00b0, 11\u00b0, de la Resoluci\u00f3n CDFAA N\u00b0 38\/2023(Reglamento de Concursos de Ayudant\u00eda de Segunda Estudiantil).<br><\/p>\n\n\n\n<p>REGLAMENTO VIGENTE: <a href=\"https:\/\/drive.google.com\/file\/d\/15NDTh_8odL9pu-ai2LQ7arB3bZ24XWD6\/view\" target=\"_blank\" rel=\"noreferrer noopener\">Resoluci\u00f3n CDFAA N\u00b0 038\/2023<\/a> <\/p>\n\n\n\n<p><\/p>\n\n\n\n<p><strong>CARGOS DE AYUDANTES DOCENTES DESEGUNDA ESTUDIANTIL (SEGUNDA CONVOCATORIA 2023)<\/strong><\/p>\n\n\n\n<p><strong>DEPARTAMENTO DE INGENIER\u00cdA DE PROCESOS<\/strong><\/p>\n\n\n\n<figure class=\"wp-block-table\"><table><tbody><tr><td><strong>Asignatura a la que se lo afecta<\/strong><\/td><td><strong>Asignatura a la que se lo afecta<\/strong><\/td><\/tr><tr><td>Operaciones Unitarias III (Ing. Alim.)&nbsp;&nbsp;<\/td><td>Operaciones Unitarias I (Ing. Alim.)&nbsp;&nbsp;&nbsp;&nbsp;<\/td><\/tr><\/tbody><\/table><\/figure>\n\n\n\n<p><strong>DEPARTAMENTO DE CIENCIAS BASICAS<\/strong><\/p>\n\n\n\n<figure class=\"wp-block-table\"><table><tbody><tr><td><strong>Asignatura a Concursar<\/strong><\/td><td><strong>Asignatura a la que se lo afecta<\/strong><\/td><\/tr><tr><td><sup>(*) <\/sup>An\u00e1lisis Matem\u00e1tico II (Ing. Alim) Matem\u00e1tica III (Lic Qca.)<\/td><td>An\u00e1lisis Matem\u00e1tico I (Ing. Alim) Matem\u00e1tica II (Lic. y Prof. de Qca. y Lic. en Biotecnolog\u00eda)<\/td><\/tr><tr><td>\u00c1lgebra y Geometr\u00eda Anal\u00edtica&nbsp; (Ing. Alim)<\/td><td>Matem\u00e1tica I (Lic. y Prof. Qca. y Lic. Biotec.)<\/td><\/tr><tr><td>C\u00e1lculo Num\u00e9rico (Ing. Alim, Lic en Qca)<\/td><td>\u00c1lgebra y Geometr\u00eda Anal\u00edtica (Ing. Agr.)<\/td><\/tr><\/tbody><\/table><\/figure>\n\n\n\n<p><sup>(*)&nbsp; <\/sup>dos (2) cargos asignados para concursar. Asignaturas de dictado simultaneo y con id\u00e9ntico contenido.&nbsp;<\/p>\n\n\n\n<p><strong>DEPARTAMENTO DE CIENCIAS QU\u00cdMICAS APLICADAS<\/strong><\/p>\n\n\n\n<figure class=\"wp-block-table\"><table><tbody><tr><td><strong>Asignatura a Concursar<\/strong><\/td><td><strong>Asignatura a la que se lo afecta<\/strong><\/td><\/tr><tr><td>Qu\u00edmica Biol\u00f3gica (Ing. Alim)<\/td><td>Qca. Org\u00e1nica y Biol\u00f3gica (Ing. Agr.)<\/td><\/tr><tr><td>Fisicoqu\u00edmica (Ing. Agr.)<\/td><td>Qca. General e Inorg\u00e1nica (Ing. Agr.)<\/td><\/tr><\/tbody><\/table><\/figure>\n","protected":false},"excerpt":{"rendered":"<p>\u00a0\u00a0Se comunica a los estudiantes de la FAyA que por Resoluci\u00f3n FAA N\u00ba 374\/2023, se APRUEBA el llamado a Concurso para la cobertura de cargos de AYUDANTES DE SEGUNDA ESTUDIANTIL, Segunda Convocatoria (solo para Alumnos regulares de la FAyA que cumplan con los requisitos del&#8230;<\/p>\n","protected":false},"author":2,"featured_media":31078,"comment_status":"closed","ping_status":"closed","sticky":false,"template":"","format":"standard","meta":{"_mi_skip_tracking":false},"categories":[167,174,7,4,194,5,193],"tags":[],"yoast_head":"<!-- This site is optimized with the Yoast SEO plugin v17.7.1 - https:\/\/yoast.com\/wordpress\/plugins\/seo\/ -->\n<meta name=\"robots\" content=\"index, follow, max-snippet:-1, max-image-preview:large, max-video-preview:-1\" \/>\n<link rel=\"canonical\" href=\"https:\/\/faya.unse.edu.ar\/index.php\/academica\/2023\/convocatoria-a-concurso-para-la-cobertura-de-cargos-de-ayudantes-de-segunda-estudiantil-7\/\" \/>\n<meta property=\"og:locale\" content=\"es_ES\" \/>\n<meta property=\"og:type\" content=\"article\" \/>\n<meta property=\"og:title\" content=\"CONVOCATORIA A CONCURSO PARA LA COBERTURA DE CARGOS DE AYUDANTES DE SEGUNDA ESTUDIANTIL | Facultad de Agronom\u00eda y Agroindustrias UNSE | FAyA UNSE\" \/>\n<meta property=\"og:description\" content=\"\u00a0\u00a0Se comunica a los estudiantes de la FAyA que por Resoluci\u00f3n FAA N\u00ba 374\/2023, se APRUEBA el llamado a Concurso para la cobertura de cargos de AYUDANTES DE SEGUNDA ESTUDIANTIL, Segunda Convocatoria (solo para Alumnos regulares de la FAyA que cumplan con los requisitos del...\" \/>\n<meta property=\"og:url\" content=\"https:\/\/faya.unse.edu.ar\/index.php\/academica\/2023\/convocatoria-a-concurso-para-la-cobertura-de-cargos-de-ayudantes-de-segunda-estudiantil-7\/\" \/>\n<meta property=\"og:site_name\" content=\"Facultad de Agronom\u00eda y Agroindustrias UNSE | FAyA UNSE\" \/>\n<meta property=\"article:publisher\" content=\"https:\/\/www.facebook.com\/agroUNSE\/\" \/>\n<meta property=\"article:published_time\" content=\"2023-05-24T18:33:08+00:00\" \/>\n<meta property=\"article:modified_time\" content=\"2023-05-29T10:46:56+00:00\" \/>\n<meta property=\"og:image\" content=\"https:\/\/faya.unse.edu.ar\/wp-content\/uploads\/CONCURSO-AYUDANTE-SEGUNDA-virtual-segunda-convocatoria-01-1.png\" \/>\n\t<meta property=\"og:image:width\" content=\"1081\" \/>\n\t<meta property=\"og:image:height\" content=\"1081\" \/>\n<meta name=\"twitter:card\" content=\"summary_large_image\" \/>\n<meta name=\"twitter:creator\" content=\"@fayaunse\" \/>\n<meta name=\"twitter:site\" content=\"@fayaunse\" \/>\n<meta name=\"twitter:label1\" content=\"Escrito por\" \/>\n\t<meta name=\"twitter:data1\" content=\"Comunicaci\u00f3n FAyA\" \/>\n\t<meta name=\"twitter:label2\" content=\"Tiempo de lectura\" \/>\n\t<meta name=\"twitter:data2\" content=\"2 minutos\" \/>\n<script type=\"application\/ld+json\" class=\"yoast-schema-graph\">{\"@context\":\"https:\/\/schema.org\",\"@graph\":[{\"@type\":\"WebSite\",\"@id\":\"https:\/\/faya.unse.edu.ar\/#website\",\"url\":\"https:\/\/faya.unse.edu.ar\/\",\"name\":\"Facultad de Agronom\\u00eda y Agroindustrias UNSE | FAyA UNSE\",\"description\":\"\",\"potentialAction\":[{\"@type\":\"SearchAction\",\"target\":{\"@type\":\"EntryPoint\",\"urlTemplate\":\"https:\/\/faya.unse.edu.ar\/?s={search_term_string}\"},\"query-input\":\"required name=search_term_string\"}],\"inLanguage\":\"es-AR\"},{\"@type\":\"ImageObject\",\"@id\":\"https:\/\/faya.unse.edu.ar\/index.php\/academica\/2023\/convocatoria-a-concurso-para-la-cobertura-de-cargos-de-ayudantes-de-segunda-estudiantil-7\/#primaryimage\",\"inLanguage\":\"es-AR\",\"url\":\"https:\/\/faya.unse.edu.ar\/wp-content\/uploads\/CONCURSO-AYUDANTE-SEGUNDA-virtual-segunda-convocatoria-01-1.png\",\"contentUrl\":\"https:\/\/faya.unse.edu.ar\/wp-content\/uploads\/CONCURSO-AYUDANTE-SEGUNDA-virtual-segunda-convocatoria-01-1.png\",\"width\":1081,\"height\":1081},{\"@type\":\"WebPage\",\"@id\":\"https:\/\/faya.unse.edu.ar\/index.php\/academica\/2023\/convocatoria-a-concurso-para-la-cobertura-de-cargos-de-ayudantes-de-segunda-estudiantil-7\/#webpage\",\"url\":\"https:\/\/faya.unse.edu.ar\/index.php\/academica\/2023\/convocatoria-a-concurso-para-la-cobertura-de-cargos-de-ayudantes-de-segunda-estudiantil-7\/\",\"name\":\"CONVOCATORIA A CONCURSO PARA LA COBERTURA DE CARGOS DE AYUDANTES DE SEGUNDA ESTUDIANTIL | Facultad de Agronom\\u00eda y Agroindustrias UNSE | FAyA UNSE\",\"isPartOf\":{\"@id\":\"https:\/\/faya.unse.edu.ar\/#website\"},\"primaryImageOfPage\":{\"@id\":\"https:\/\/faya.unse.edu.ar\/index.php\/academica\/2023\/convocatoria-a-concurso-para-la-cobertura-de-cargos-de-ayudantes-de-segunda-estudiantil-7\/#primaryimage\"},\"datePublished\":\"2023-05-24T18:33:08+00:00\",\"dateModified\":\"2023-05-29T10:46:56+00:00\",\"author\":{\"@id\":\"https:\/\/faya.unse.edu.ar\/#\/schema\/person\/6759100fdfd04c998461a230bc877a42\"},\"breadcrumb\":{\"@id\":\"https:\/\/faya.unse.edu.ar\/index.php\/academica\/2023\/convocatoria-a-concurso-para-la-cobertura-de-cargos-de-ayudantes-de-segunda-estudiantil-7\/#breadcrumb\"},\"inLanguage\":\"es-AR\",\"potentialAction\":[{\"@type\":\"ReadAction\",\"target\":[\"https:\/\/faya.unse.edu.ar\/index.php\/academica\/2023\/convocatoria-a-concurso-para-la-cobertura-de-cargos-de-ayudantes-de-segunda-estudiantil-7\/\"]}]},{\"@type\":\"BreadcrumbList\",\"@id\":\"https:\/\/faya.unse.edu.ar\/index.php\/academica\/2023\/convocatoria-a-concurso-para-la-cobertura-de-cargos-de-ayudantes-de-segunda-estudiantil-7\/#breadcrumb\",\"itemListElement\":[{\"@type\":\"ListItem\",\"position\":1,\"name\":\"Home\",\"item\":\"https:\/\/faya.unse.edu.ar\/\"},{\"@type\":\"ListItem\",\"position\":2,\"name\":\"CONVOCATORIA A CONCURSO PARA LA COBERTURA DE CARGOS DE AYUDANTES DE SEGUNDA ESTUDIANTIL\"}]},{\"@type\":\"Person\",\"@id\":\"https:\/\/faya.unse.edu.ar\/#\/schema\/person\/6759100fdfd04c998461a230bc877a42\",\"name\":\"Comunicaci\\u00f3n FAyA\",\"url\":\"https:\/\/faya.unse.edu.ar\/index.php\/author\/ariel_jugo\/\"}]}<\/script>\n<!-- \/ Yoast SEO plugin. -->","yoast_head_json":{"robots":{"index":"index","follow":"follow","max-snippet":"max-snippet:-1","max-image-preview":"max-image-preview:large","max-video-preview":"max-video-preview:-1"},"canonical":"https:\/\/faya.unse.edu.ar\/index.php\/academica\/2023\/convocatoria-a-concurso-para-la-cobertura-de-cargos-de-ayudantes-de-segunda-estudiantil-7\/","og_locale":"es_ES","og_type":"article","og_title":"CONVOCATORIA A CONCURSO PARA LA COBERTURA DE CARGOS DE AYUDANTES DE SEGUNDA ESTUDIANTIL | Facultad de Agronom\u00eda y Agroindustrias UNSE | FAyA UNSE","og_description":"\u00a0\u00a0Se comunica a los estudiantes de la FAyA que por Resoluci\u00f3n FAA N\u00ba 374\/2023, se APRUEBA el llamado a Concurso para la cobertura de cargos de AYUDANTES DE SEGUNDA ESTUDIANTIL, Segunda Convocatoria (solo para Alumnos regulares de la FAyA que cumplan con los requisitos del...","og_url":"https:\/\/faya.unse.edu.ar\/index.php\/academica\/2023\/convocatoria-a-concurso-para-la-cobertura-de-cargos-de-ayudantes-de-segunda-estudiantil-7\/","og_site_name":"Facultad de Agronom\u00eda y Agroindustrias UNSE | FAyA UNSE","article_publisher":"https:\/\/www.facebook.com\/agroUNSE\/","article_published_time":"2023-05-24T18:33:08+00:00","article_modified_time":"2023-05-29T10:46:56+00:00","og_image":[{"width":1081,"height":1081,"url":"https:\/\/faya.unse.edu.ar\/wp-content\/uploads\/CONCURSO-AYUDANTE-SEGUNDA-virtual-segunda-convocatoria-01-1.png","type":"image\/png"}],"twitter_card":"summary_large_image","twitter_creator":"@fayaunse","twitter_site":"@fayaunse","twitter_misc":{"Escrito por":"Comunicaci\u00f3n FAyA","Tiempo de lectura":"2 minutos"},"schema":{"@context":"https:\/\/schema.org","@graph":[{"@type":"WebSite","@id":"https:\/\/faya.unse.edu.ar\/#website","url":"https:\/\/faya.unse.edu.ar\/","name":"Facultad de Agronom\u00eda y Agroindustrias UNSE | FAyA UNSE","description":"","potentialAction":[{"@type":"SearchAction","target":{"@type":"EntryPoint","urlTemplate":"https:\/\/faya.unse.edu.ar\/?s={search_term_string}"},"query-input":"required name=search_term_string"}],"inLanguage":"es-AR"},{"@type":"ImageObject","@id":"https:\/\/faya.unse.edu.ar\/index.php\/academica\/2023\/convocatoria-a-concurso-para-la-cobertura-de-cargos-de-ayudantes-de-segunda-estudiantil-7\/#primaryimage","inLanguage":"es-AR","url":"https:\/\/faya.unse.edu.ar\/wp-content\/uploads\/CONCURSO-AYUDANTE-SEGUNDA-virtual-segunda-convocatoria-01-1.png","contentUrl":"https:\/\/faya.unse.edu.ar\/wp-content\/uploads\/CONCURSO-AYUDANTE-SEGUNDA-virtual-segunda-convocatoria-01-1.png","width":1081,"height":1081},{"@type":"WebPage","@id":"https:\/\/faya.unse.edu.ar\/index.php\/academica\/2023\/convocatoria-a-concurso-para-la-cobertura-de-cargos-de-ayudantes-de-segunda-estudiantil-7\/#webpage","url":"https:\/\/faya.unse.edu.ar\/index.php\/academica\/2023\/convocatoria-a-concurso-para-la-cobertura-de-cargos-de-ayudantes-de-segunda-estudiantil-7\/","name":"CONVOCATORIA A CONCURSO PARA LA COBERTURA DE CARGOS DE AYUDANTES DE SEGUNDA ESTUDIANTIL | Facultad de Agronom\u00eda y Agroindustrias UNSE | FAyA UNSE","isPartOf":{"@id":"https:\/\/faya.unse.edu.ar\/#website"},"primaryImageOfPage":{"@id":"https:\/\/faya.unse.edu.ar\/index.php\/academica\/2023\/convocatoria-a-concurso-para-la-cobertura-de-cargos-de-ayudantes-de-segunda-estudiantil-7\/#primaryimage"},"datePublished":"2023-05-24T18:33:08+00:00","dateModified":"2023-05-29T10:46:56+00:00","author":{"@id":"https:\/\/faya.unse.edu.ar\/#\/schema\/person\/6759100fdfd04c998461a230bc877a42"},"breadcrumb":{"@id":"https:\/\/faya.unse.edu.ar\/index.php\/academica\/2023\/convocatoria-a-concurso-para-la-cobertura-de-cargos-de-ayudantes-de-segunda-estudiantil-7\/#breadcrumb"},"inLanguage":"es-AR","potentialAction":[{"@type":"ReadAction","target":["https:\/\/faya.unse.edu.ar\/index.php\/academica\/2023\/convocatoria-a-concurso-para-la-cobertura-de-cargos-de-ayudantes-de-segunda-estudiantil-7\/"]}]},{"@type":"BreadcrumbList","@id":"https:\/\/faya.unse.edu.ar\/index.php\/academica\/2023\/convocatoria-a-concurso-para-la-cobertura-de-cargos-de-ayudantes-de-segunda-estudiantil-7\/#breadcrumb","itemListElement":[{"@type":"ListItem","position":1,"name":"Home","item":"https:\/\/faya.unse.edu.ar\/"},{"@type":"ListItem","position":2,"name":"CONVOCATORIA A CONCURSO PARA LA COBERTURA DE CARGOS DE AYUDANTES DE SEGUNDA ESTUDIANTIL"}]},{"@type":"Person","@id":"https:\/\/faya.unse.edu.ar\/#\/schema\/person\/6759100fdfd04c998461a230bc877a42","name":"Comunicaci\u00f3n FAyA","url":"https:\/\/faya.unse.edu.ar\/index.php\/author\/ariel_jugo\/"}]}},"_links":{"self":[{"href":"https:\/\/faya.unse.edu.ar\/index.php\/wp-json\/wp\/v2\/posts\/31076"}],"collection":[{"href":"https:\/\/faya.unse.edu.ar\/index.php\/wp-json\/wp\/v2\/posts"}],"about":[{"href":"https:\/\/faya.unse.edu.ar\/index.php\/wp-json\/wp\/v2\/types\/post"}],"author":[{"embeddable":true,"href":"https:\/\/faya.unse.edu.ar\/index.php\/wp-json\/wp\/v2\/users\/2"}],"replies":[{"embeddable":true,"href":"https:\/\/faya.unse.edu.ar\/index.php\/wp-json\/wp\/v2\/comments?post=31076"}],"version-history":[{"count":2,"href":"https:\/\/faya.unse.edu.ar\/index.php\/wp-json\/wp\/v2\/posts\/31076\/revisions"}],"predecessor-version":[{"id":31083,"href":"https:\/\/faya.unse.edu.ar\/index.php\/wp-json\/wp\/v2\/posts\/31076\/revisions\/31083"}],"wp:featuredmedia":[{"embeddable":true,"href":"https:\/\/faya.unse.edu.ar\/index.php\/wp-json\/wp\/v2\/media\/31078"}],"wp:attachment":[{"href":"https:\/\/faya.unse.edu.ar\/index.php\/wp-json\/wp\/v2\/media?parent=31076"}],"wp:term":[{"taxonomy":"category","embeddable":true,"href":"https:\/\/faya.unse.edu.ar\/index.php\/wp-json\/wp\/v2\/categories?post=31076"},{"taxonomy":"post_tag","embeddable":true,"href":"https:\/\/faya.unse.edu.ar\/index.php\/wp-json\/wp\/v2\/tags?post=31076"}],"curies":[{"name":"wp","href":"https:\/\/api.w.org\/{rel}","templated":true}]}}