{"id":31197,"date":"2023-06-12T10:25:33","date_gmt":"2023-06-12T13:25:33","guid":{"rendered":"https:\/\/faya.unse.edu.ar\/?p=31197"},"modified":"2023-06-12T10:25:34","modified_gmt":"2023-06-12T13:25:34","slug":"actividades-de-proyectos-de-extension-y-voluntariado-faya-unse","status":"publish","type":"post","link":"https:\/\/faya.unse.edu.ar\/index.php\/extension\/2023\/actividades-de-proyectos-de-extension-y-voluntariado-faya-unse\/","title":{"rendered":"ACTIVIDADES DE PROYECTOS DE EXTENSI\u00d3N y VOLUNTARIADO FAyA-UNSE"},"content":{"rendered":"\n<p>Se llevaron a cabo actividades en el marco del proyecto: \u201cValor agregado a la producci\u00f3n de pollo agroecol\u00f3gico; segunda parte: calidad global\u201d (Proyecto de Voluntariado UNSE \u2013 2022).El equipo interinstitucional conformado por: docentes de las c\u00e1tedras de Carnes y Subproductos, Biotecnolog\u00eda de Carnes y Microbiolog\u00eda General, no docente y estudiantes de Ingenier\u00eda en Alimentos y Agron\u00f3mica de la FAyA, la coordinadora del equipo t\u00e9cnico interdisciplinario de la Regi\u00f3n Centro Instituto Nacional de la Agricultura Familiar campesina Ind\u00edgena (INAFCI), y e integrantes del Ministerio de la Producci\u00f3n- Direcci\u00f3n General de Agricultura y Ganader\u00eda de la provincia de Santiago del Estero, trabajaron en jornadas diferenciadas con grupos de familias productoras de pollos agroecol\u00f3gicos, de familias de Los Pereyra, Villa Hip\u00f3lita, Janta, Pampa Muyoj y La Florida, localidad de Beltr\u00e1n, Dpto. Robles.<\/p>\n\n\n\n<p>Para realizar las actividades se tuvo en cuenta el protocolo de prevenci\u00f3n de gripe aviar establecido por el organismo oficial (SENASA).<\/p>\n\n\n\n<p>Se dialog\u00f3 acerca de las acciones realizadas por las familias ante las autoridades pertinentes para contar con agua potable, obteniendo respuestas favorables del problema, por lo que, se recogieron muestras de agua de red domiciliaria y de aljibe de las familias, aplicando protocolo estipulado para toma de muestras de agua, para ser analizadas f\u00edsico-qu\u00edmica y microbiol\u00f3gicamente en Saneamiento Ambiental- Ministerio de Salud de la provincia, para determinar su aptitud.<\/p>\n\n\n\n<p>Al finalizar cada jornada se acordaron con las familias productoras las actividades que se desarrollar\u00e1n a lo largo del proyecto.<\/p>\n\n\n\n<p><\/p>\n\n\n\n<p><strong><span class=\"has-inline-color has-vivid-red-color\"><a href=\"https:\/\/www.facebook.com\/100063702544062\/posts\/pfbid022uU8Qhiys3odZoLvm8ePV2qaa1Yyf8WYkG8cUPjsqaDJuyHsxcg6RuthGG77Lx9al\/?mibextid=Nif5oz\" target=\"_blank\" rel=\"noreferrer noopener\">Ver galer\u00eda<\/a><\/span><\/strong><\/p>\n","protected":false},"excerpt":{"rendered":"<p>Se llevaron a cabo actividades en el marco del proyecto: \u201cValor agregado a la producci\u00f3n de pollo agroecol\u00f3gico; segunda parte: calidad global\u201d (Proyecto de Voluntariado UNSE \u2013 2022).El equipo interinstitucional conformado por: docentes de las c\u00e1tedras de Carnes y Subproductos, Biotecnolog\u00eda de Carnes y Microbiolog\u00eda&#8230;<\/p>\n","protected":false},"author":2,"featured_media":31199,"comment_status":"closed","ping_status":"closed","sticky":false,"template":"","format":"standard","meta":{"_mi_skip_tracking":false},"categories":[7,4,194,2,160],"tags":[],"yoast_head":"<!-- This site is optimized with the Yoast SEO plugin v17.7.1 - https:\/\/yoast.com\/wordpress\/plugins\/seo\/ -->\n<meta name=\"robots\" content=\"index, follow, max-snippet:-1, max-image-preview:large, max-video-preview:-1\" \/>\n<link rel=\"canonical\" href=\"https:\/\/faya.unse.edu.ar\/index.php\/extension\/2023\/actividades-de-proyectos-de-extension-y-voluntariado-faya-unse\/\" \/>\n<meta property=\"og:locale\" content=\"es_ES\" \/>\n<meta property=\"og:type\" content=\"article\" \/>\n<meta property=\"og:title\" content=\"ACTIVIDADES DE PROYECTOS DE EXTENSI\u00d3N y VOLUNTARIADO FAyA-UNSE | Facultad de Agronom\u00eda y Agroindustrias UNSE | FAyA UNSE\" \/>\n<meta property=\"og:description\" content=\"Se llevaron a cabo actividades en el marco del proyecto: \u201cValor agregado a la producci\u00f3n de pollo agroecol\u00f3gico; segunda parte: calidad global\u201d (Proyecto de Voluntariado UNSE \u2013 2022).El equipo interinstitucional conformado por: docentes de las c\u00e1tedras de Carnes y Subproductos, Biotecnolog\u00eda de Carnes y Microbiolog\u00eda...\" \/>\n<meta property=\"og:url\" content=\"https:\/\/faya.unse.edu.ar\/index.php\/extension\/2023\/actividades-de-proyectos-de-extension-y-voluntariado-faya-unse\/\" \/>\n<meta property=\"og:site_name\" content=\"Facultad de Agronom\u00eda y Agroindustrias UNSE | FAyA UNSE\" \/>\n<meta property=\"article:publisher\" content=\"https:\/\/www.facebook.com\/agroUNSE\/\" \/>\n<meta property=\"article:published_time\" content=\"2023-06-12T13:25:33+00:00\" \/>\n<meta property=\"article:modified_time\" content=\"2023-06-12T13:25:34+00:00\" \/>\n<meta property=\"og:image\" content=\"https:\/\/faya.unse.edu.ar\/wp-content\/uploads\/voluntariado-pollo-ecologico-junio-faya-unse-ok.jpeg\" \/>\n\t<meta property=\"og:image:width\" content=\"1032\" \/>\n\t<meta property=\"og:image:height\" content=\"774\" \/>\n<meta name=\"twitter:card\" content=\"summary_large_image\" \/>\n<meta name=\"twitter:creator\" content=\"@fayaunse\" \/>\n<meta name=\"twitter:site\" content=\"@fayaunse\" \/>\n<meta name=\"twitter:label1\" content=\"Escrito por\" \/>\n\t<meta name=\"twitter:data1\" content=\"Comunicaci\u00f3n FAyA\" \/>\n\t<meta name=\"twitter:label2\" content=\"Tiempo de lectura\" \/>\n\t<meta name=\"twitter:data2\" content=\"2 minutos\" \/>\n<script type=\"application\/ld+json\" class=\"yoast-schema-graph\">{\"@context\":\"https:\/\/schema.org\",\"@graph\":[{\"@type\":\"WebSite\",\"@id\":\"https:\/\/faya.unse.edu.ar\/#website\",\"url\":\"https:\/\/faya.unse.edu.ar\/\",\"name\":\"Facultad de Agronom\\u00eda y Agroindustrias UNSE | FAyA UNSE\",\"description\":\"\",\"potentialAction\":[{\"@type\":\"SearchAction\",\"target\":{\"@type\":\"EntryPoint\",\"urlTemplate\":\"https:\/\/faya.unse.edu.ar\/?s={search_term_string}\"},\"query-input\":\"required name=search_term_string\"}],\"inLanguage\":\"es-AR\"},{\"@type\":\"ImageObject\",\"@id\":\"https:\/\/faya.unse.edu.ar\/index.php\/extension\/2023\/actividades-de-proyectos-de-extension-y-voluntariado-faya-unse\/#primaryimage\",\"inLanguage\":\"es-AR\",\"url\":\"https:\/\/faya.unse.edu.ar\/wp-content\/uploads\/voluntariado-pollo-ecologico-junio-faya-unse-ok.jpeg\",\"contentUrl\":\"https:\/\/faya.unse.edu.ar\/wp-content\/uploads\/voluntariado-pollo-ecologico-junio-faya-unse-ok.jpeg\",\"width\":1032,\"height\":774},{\"@type\":\"WebPage\",\"@id\":\"https:\/\/faya.unse.edu.ar\/index.php\/extension\/2023\/actividades-de-proyectos-de-extension-y-voluntariado-faya-unse\/#webpage\",\"url\":\"https:\/\/faya.unse.edu.ar\/index.php\/extension\/2023\/actividades-de-proyectos-de-extension-y-voluntariado-faya-unse\/\",\"name\":\"ACTIVIDADES DE PROYECTOS DE EXTENSI\\u00d3N y VOLUNTARIADO FAyA-UNSE | Facultad de Agronom\\u00eda y Agroindustrias UNSE | FAyA UNSE\",\"isPartOf\":{\"@id\":\"https:\/\/faya.unse.edu.ar\/#website\"},\"primaryImageOfPage\":{\"@id\":\"https:\/\/faya.unse.edu.ar\/index.php\/extension\/2023\/actividades-de-proyectos-de-extension-y-voluntariado-faya-unse\/#primaryimage\"},\"datePublished\":\"2023-06-12T13:25:33+00:00\",\"dateModified\":\"2023-06-12T13:25:34+00:00\",\"author\":{\"@id\":\"https:\/\/faya.unse.edu.ar\/#\/schema\/person\/6759100fdfd04c998461a230bc877a42\"},\"breadcrumb\":{\"@id\":\"https:\/\/faya.unse.edu.ar\/index.php\/extension\/2023\/actividades-de-proyectos-de-extension-y-voluntariado-faya-unse\/#breadcrumb\"},\"inLanguage\":\"es-AR\",\"potentialAction\":[{\"@type\":\"ReadAction\",\"target\":[\"https:\/\/faya.unse.edu.ar\/index.php\/extension\/2023\/actividades-de-proyectos-de-extension-y-voluntariado-faya-unse\/\"]}]},{\"@type\":\"BreadcrumbList\",\"@id\":\"https:\/\/faya.unse.edu.ar\/index.php\/extension\/2023\/actividades-de-proyectos-de-extension-y-voluntariado-faya-unse\/#breadcrumb\",\"itemListElement\":[{\"@type\":\"ListItem\",\"position\":1,\"name\":\"Home\",\"item\":\"https:\/\/faya.unse.edu.ar\/\"},{\"@type\":\"ListItem\",\"position\":2,\"name\":\"ACTIVIDADES DE PROYECTOS DE EXTENSI\\u00d3N y VOLUNTARIADO FAyA-UNSE\"}]},{\"@type\":\"Person\",\"@id\":\"https:\/\/faya.unse.edu.ar\/#\/schema\/person\/6759100fdfd04c998461a230bc877a42\",\"name\":\"Comunicaci\\u00f3n FAyA\",\"url\":\"https:\/\/faya.unse.edu.ar\/index.php\/author\/ariel_jugo\/\"}]}<\/script>\n<!-- \/ Yoast SEO plugin. -->","yoast_head_json":{"robots":{"index":"index","follow":"follow","max-snippet":"max-snippet:-1","max-image-preview":"max-image-preview:large","max-video-preview":"max-video-preview:-1"},"canonical":"https:\/\/faya.unse.edu.ar\/index.php\/extension\/2023\/actividades-de-proyectos-de-extension-y-voluntariado-faya-unse\/","og_locale":"es_ES","og_type":"article","og_title":"ACTIVIDADES DE PROYECTOS DE EXTENSI\u00d3N y VOLUNTARIADO FAyA-UNSE | Facultad de Agronom\u00eda y Agroindustrias UNSE | FAyA UNSE","og_description":"Se llevaron a cabo actividades en el marco del proyecto: \u201cValor agregado a la producci\u00f3n de pollo agroecol\u00f3gico; segunda parte: calidad global\u201d (Proyecto de Voluntariado UNSE \u2013 2022).El equipo interinstitucional conformado por: docentes de las c\u00e1tedras de Carnes y Subproductos, Biotecnolog\u00eda de Carnes y Microbiolog\u00eda...","og_url":"https:\/\/faya.unse.edu.ar\/index.php\/extension\/2023\/actividades-de-proyectos-de-extension-y-voluntariado-faya-unse\/","og_site_name":"Facultad de Agronom\u00eda y Agroindustrias UNSE | FAyA UNSE","article_publisher":"https:\/\/www.facebook.com\/agroUNSE\/","article_published_time":"2023-06-12T13:25:33+00:00","article_modified_time":"2023-06-12T13:25:34+00:00","og_image":[{"width":1032,"height":774,"url":"https:\/\/faya.unse.edu.ar\/wp-content\/uploads\/voluntariado-pollo-ecologico-junio-faya-unse-ok.jpeg","type":"image\/jpeg"}],"twitter_card":"summary_large_image","twitter_creator":"@fayaunse","twitter_site":"@fayaunse","twitter_misc":{"Escrito por":"Comunicaci\u00f3n FAyA","Tiempo de lectura":"2 minutos"},"schema":{"@context":"https:\/\/schema.org","@graph":[{"@type":"WebSite","@id":"https:\/\/faya.unse.edu.ar\/#website","url":"https:\/\/faya.unse.edu.ar\/","name":"Facultad de Agronom\u00eda y Agroindustrias UNSE | FAyA UNSE","description":"","potentialAction":[{"@type":"SearchAction","target":{"@type":"EntryPoint","urlTemplate":"https:\/\/faya.unse.edu.ar\/?s={search_term_string}"},"query-input":"required name=search_term_string"}],"inLanguage":"es-AR"},{"@type":"ImageObject","@id":"https:\/\/faya.unse.edu.ar\/index.php\/extension\/2023\/actividades-de-proyectos-de-extension-y-voluntariado-faya-unse\/#primaryimage","inLanguage":"es-AR","url":"https:\/\/faya.unse.edu.ar\/wp-content\/uploads\/voluntariado-pollo-ecologico-junio-faya-unse-ok.jpeg","contentUrl":"https:\/\/faya.unse.edu.ar\/wp-content\/uploads\/voluntariado-pollo-ecologico-junio-faya-unse-ok.jpeg","width":1032,"height":774},{"@type":"WebPage","@id":"https:\/\/faya.unse.edu.ar\/index.php\/extension\/2023\/actividades-de-proyectos-de-extension-y-voluntariado-faya-unse\/#webpage","url":"https:\/\/faya.unse.edu.ar\/index.php\/extension\/2023\/actividades-de-proyectos-de-extension-y-voluntariado-faya-unse\/","name":"ACTIVIDADES DE PROYECTOS DE EXTENSI\u00d3N y VOLUNTARIADO FAyA-UNSE | Facultad de Agronom\u00eda y Agroindustrias UNSE | FAyA UNSE","isPartOf":{"@id":"https:\/\/faya.unse.edu.ar\/#website"},"primaryImageOfPage":{"@id":"https:\/\/faya.unse.edu.ar\/index.php\/extension\/2023\/actividades-de-proyectos-de-extension-y-voluntariado-faya-unse\/#primaryimage"},"datePublished":"2023-06-12T13:25:33+00:00","dateModified":"2023-06-12T13:25:34+00:00","author":{"@id":"https:\/\/faya.unse.edu.ar\/#\/schema\/person\/6759100fdfd04c998461a230bc877a42"},"breadcrumb":{"@id":"https:\/\/faya.unse.edu.ar\/index.php\/extension\/2023\/actividades-de-proyectos-de-extension-y-voluntariado-faya-unse\/#breadcrumb"},"inLanguage":"es-AR","potentialAction":[{"@type":"ReadAction","target":["https:\/\/faya.unse.edu.ar\/index.php\/extension\/2023\/actividades-de-proyectos-de-extension-y-voluntariado-faya-unse\/"]}]},{"@type":"BreadcrumbList","@id":"https:\/\/faya.unse.edu.ar\/index.php\/extension\/2023\/actividades-de-proyectos-de-extension-y-voluntariado-faya-unse\/#breadcrumb","itemListElement":[{"@type":"ListItem","position":1,"name":"Home","item":"https:\/\/faya.unse.edu.ar\/"},{"@type":"ListItem","position":2,"name":"ACTIVIDADES DE PROYECTOS DE EXTENSI\u00d3N y VOLUNTARIADO FAyA-UNSE"}]},{"@type":"Person","@id":"https:\/\/faya.unse.edu.ar\/#\/schema\/person\/6759100fdfd04c998461a230bc877a42","name":"Comunicaci\u00f3n FAyA","url":"https:\/\/faya.unse.edu.ar\/index.php\/author\/ariel_jugo\/"}]}},"_links":{"self":[{"href":"https:\/\/faya.unse.edu.ar\/index.php\/wp-json\/wp\/v2\/posts\/31197"}],"collection":[{"href":"https:\/\/faya.unse.edu.ar\/index.php\/wp-json\/wp\/v2\/posts"}],"about":[{"href":"https:\/\/faya.unse.edu.ar\/index.php\/wp-json\/wp\/v2\/types\/post"}],"author":[{"embeddable":true,"href":"https:\/\/faya.unse.edu.ar\/index.php\/wp-json\/wp\/v2\/users\/2"}],"replies":[{"embeddable":true,"href":"https:\/\/faya.unse.edu.ar\/index.php\/wp-json\/wp\/v2\/comments?post=31197"}],"version-history":[{"count":1,"href":"https:\/\/faya.unse.edu.ar\/index.php\/wp-json\/wp\/v2\/posts\/31197\/revisions"}],"predecessor-version":[{"id":31200,"href":"https:\/\/faya.unse.edu.ar\/index.php\/wp-json\/wp\/v2\/posts\/31197\/revisions\/31200"}],"wp:featuredmedia":[{"embeddable":true,"href":"https:\/\/faya.unse.edu.ar\/index.php\/wp-json\/wp\/v2\/media\/31199"}],"wp:attachment":[{"href":"https:\/\/faya.unse.edu.ar\/index.php\/wp-json\/wp\/v2\/media?parent=31197"}],"wp:term":[{"taxonomy":"category","embeddable":true,"href":"https:\/\/faya.unse.edu.ar\/index.php\/wp-json\/wp\/v2\/categories?post=31197"},{"taxonomy":"post_tag","embeddable":true,"href":"https:\/\/faya.unse.edu.ar\/index.php\/wp-json\/wp\/v2\/tags?post=31197"}],"curies":[{"name":"wp","href":"https:\/\/api.w.org\/{rel}","templated":true}]}}