{"id":31747,"date":"2023-11-14T17:49:50","date_gmt":"2023-11-14T20:49:50","guid":{"rendered":"https:\/\/faya.unse.edu.ar\/?p=31747"},"modified":"2023-11-14T19:11:12","modified_gmt":"2023-11-14T22:11:12","slug":"suspension-de-actividades-academicas-en-planta-piloto-de-procesamiento-de-alimentos","status":"publish","type":"post","link":"https:\/\/faya.unse.edu.ar\/index.php\/docentes\/2023\/suspension-de-actividades-academicas-en-planta-piloto-de-procesamiento-de-alimentos\/","title":{"rendered":"SUSPENSI\u00d3N DE ACTIVIDADES ACAD\u00c9MICAS EN PLANTA PILOTO DE PROCESAMIENTO DE ALIMENTOS"},"content":{"rendered":"\n<p>Se informa al personal docente, nodocente y estudiantes de FAyA que se suspenden las actividades acad\u00e9micas en Planta Piloto de Procesamiento de Alimentos, en raz\u00f3n a que se decidi\u00f3 el corte preventivo total del suministro de agua en todas las instalaciones con el prop\u00f3sito de realizar tareas de mantenimiento sanitario de urgencia en la red de ca\u00f1er\u00edas de la sede.<\/p>\n\n\n\n<p>Se realiz\u00f3 la redistribuci\u00f3n las actividades que regularmente se desarrollan en la Planta Piloto seg\u00fan se presenta en el cronograma que se comparte en el este link: <strong><span class=\"has-inline-color has-vivid-red-color\"><a href=\"https:\/\/faya.unse.edu.ar\/index.php\/docentes\/2023\/redistribucion-de-clases-de-planta-piloto-a-sede-central\/\">https:\/\/faya.unse.edu.ar\/index.php\/docentes\/2023\/redistribucion-de-clases-de-planta-piloto-a-sede-central\/<\/a><\/span><\/strong><\/p>\n","protected":false},"excerpt":{"rendered":"<p>Se informa al personal docente, nodocente y estudiantes de FAyA que se suspenden las actividades acad\u00e9micas en Planta Piloto de Procesamiento de Alimentos, en raz\u00f3n a que se decidi\u00f3 el corte preventivo total del suministro de agua en todas las instalaciones con el prop\u00f3sito de&#8230;<\/p>\n","protected":false},"author":2,"featured_media":31748,"comment_status":"closed","ping_status":"closed","sticky":false,"template":"","format":"standard","meta":{"_mi_skip_tracking":false},"categories":[7,4,194,2,5,193],"tags":[],"yoast_head":"<!-- This site is optimized with the Yoast SEO plugin v17.7.1 - https:\/\/yoast.com\/wordpress\/plugins\/seo\/ -->\n<meta name=\"robots\" content=\"index, follow, max-snippet:-1, max-image-preview:large, max-video-preview:-1\" \/>\n<link rel=\"canonical\" href=\"https:\/\/faya.unse.edu.ar\/index.php\/docentes\/2023\/suspension-de-actividades-academicas-en-planta-piloto-de-procesamiento-de-alimentos\/\" \/>\n<meta property=\"og:locale\" content=\"es_ES\" \/>\n<meta property=\"og:type\" content=\"article\" \/>\n<meta property=\"og:title\" content=\"SUSPENSI\u00d3N DE ACTIVIDADES ACAD\u00c9MICAS EN PLANTA PILOTO DE PROCESAMIENTO DE ALIMENTOS | Facultad de Agronom\u00eda y Agroindustrias UNSE | FAyA UNSE\" \/>\n<meta property=\"og:description\" content=\"Se informa al personal docente, nodocente y estudiantes de FAyA que se suspenden las actividades acad\u00e9micas en Planta Piloto de Procesamiento de Alimentos, en raz\u00f3n a que se decidi\u00f3 el corte preventivo total del suministro de agua en todas las instalaciones con el prop\u00f3sito de...\" \/>\n<meta property=\"og:url\" content=\"https:\/\/faya.unse.edu.ar\/index.php\/docentes\/2023\/suspension-de-actividades-academicas-en-planta-piloto-de-procesamiento-de-alimentos\/\" \/>\n<meta property=\"og:site_name\" content=\"Facultad de Agronom\u00eda y Agroindustrias UNSE | FAyA UNSE\" \/>\n<meta property=\"article:publisher\" content=\"https:\/\/www.facebook.com\/agroUNSE\/\" \/>\n<meta property=\"article:published_time\" content=\"2023-11-14T20:49:50+00:00\" \/>\n<meta property=\"article:modified_time\" content=\"2023-11-14T22:11:12+00:00\" \/>\n<meta property=\"og:image\" content=\"https:\/\/faya.unse.edu.ar\/wp-content\/uploads\/suspension-actividades-agua-faya-unse.jpeg\" \/>\n\t<meta property=\"og:image:width\" content=\"1024\" \/>\n\t<meta property=\"og:image:height\" content=\"1280\" \/>\n<meta name=\"twitter:card\" content=\"summary_large_image\" \/>\n<meta name=\"twitter:creator\" content=\"@fayaunse\" \/>\n<meta name=\"twitter:site\" content=\"@fayaunse\" \/>\n<meta name=\"twitter:label1\" content=\"Escrito por\" \/>\n\t<meta name=\"twitter:data1\" content=\"Comunicaci\u00f3n FAyA\" \/>\n\t<meta name=\"twitter:label2\" content=\"Tiempo de lectura\" \/>\n\t<meta name=\"twitter:data2\" content=\"1 minuto\" \/>\n<script type=\"application\/ld+json\" class=\"yoast-schema-graph\">{\"@context\":\"https:\/\/schema.org\",\"@graph\":[{\"@type\":\"WebSite\",\"@id\":\"https:\/\/faya.unse.edu.ar\/#website\",\"url\":\"https:\/\/faya.unse.edu.ar\/\",\"name\":\"Facultad de Agronom\\u00eda y Agroindustrias UNSE | FAyA UNSE\",\"description\":\"\",\"potentialAction\":[{\"@type\":\"SearchAction\",\"target\":{\"@type\":\"EntryPoint\",\"urlTemplate\":\"https:\/\/faya.unse.edu.ar\/?s={search_term_string}\"},\"query-input\":\"required name=search_term_string\"}],\"inLanguage\":\"es-AR\"},{\"@type\":\"ImageObject\",\"@id\":\"https:\/\/faya.unse.edu.ar\/index.php\/docentes\/2023\/suspension-de-actividades-academicas-en-planta-piloto-de-procesamiento-de-alimentos\/#primaryimage\",\"inLanguage\":\"es-AR\",\"url\":\"https:\/\/faya.unse.edu.ar\/wp-content\/uploads\/suspension-actividades-agua-faya-unse.jpeg\",\"contentUrl\":\"https:\/\/faya.unse.edu.ar\/wp-content\/uploads\/suspension-actividades-agua-faya-unse.jpeg\",\"width\":1024,\"height\":1280},{\"@type\":\"WebPage\",\"@id\":\"https:\/\/faya.unse.edu.ar\/index.php\/docentes\/2023\/suspension-de-actividades-academicas-en-planta-piloto-de-procesamiento-de-alimentos\/#webpage\",\"url\":\"https:\/\/faya.unse.edu.ar\/index.php\/docentes\/2023\/suspension-de-actividades-academicas-en-planta-piloto-de-procesamiento-de-alimentos\/\",\"name\":\"SUSPENSI\\u00d3N DE ACTIVIDADES ACAD\\u00c9MICAS EN PLANTA PILOTO DE PROCESAMIENTO DE ALIMENTOS | Facultad de Agronom\\u00eda y Agroindustrias UNSE | FAyA UNSE\",\"isPartOf\":{\"@id\":\"https:\/\/faya.unse.edu.ar\/#website\"},\"primaryImageOfPage\":{\"@id\":\"https:\/\/faya.unse.edu.ar\/index.php\/docentes\/2023\/suspension-de-actividades-academicas-en-planta-piloto-de-procesamiento-de-alimentos\/#primaryimage\"},\"datePublished\":\"2023-11-14T20:49:50+00:00\",\"dateModified\":\"2023-11-14T22:11:12+00:00\",\"author\":{\"@id\":\"https:\/\/faya.unse.edu.ar\/#\/schema\/person\/6759100fdfd04c998461a230bc877a42\"},\"breadcrumb\":{\"@id\":\"https:\/\/faya.unse.edu.ar\/index.php\/docentes\/2023\/suspension-de-actividades-academicas-en-planta-piloto-de-procesamiento-de-alimentos\/#breadcrumb\"},\"inLanguage\":\"es-AR\",\"potentialAction\":[{\"@type\":\"ReadAction\",\"target\":[\"https:\/\/faya.unse.edu.ar\/index.php\/docentes\/2023\/suspension-de-actividades-academicas-en-planta-piloto-de-procesamiento-de-alimentos\/\"]}]},{\"@type\":\"BreadcrumbList\",\"@id\":\"https:\/\/faya.unse.edu.ar\/index.php\/docentes\/2023\/suspension-de-actividades-academicas-en-planta-piloto-de-procesamiento-de-alimentos\/#breadcrumb\",\"itemListElement\":[{\"@type\":\"ListItem\",\"position\":1,\"name\":\"Home\",\"item\":\"https:\/\/faya.unse.edu.ar\/\"},{\"@type\":\"ListItem\",\"position\":2,\"name\":\"SUSPENSI\\u00d3N DE ACTIVIDADES ACAD\\u00c9MICAS EN PLANTA PILOTO DE PROCESAMIENTO DE ALIMENTOS\"}]},{\"@type\":\"Person\",\"@id\":\"https:\/\/faya.unse.edu.ar\/#\/schema\/person\/6759100fdfd04c998461a230bc877a42\",\"name\":\"Comunicaci\\u00f3n FAyA\",\"url\":\"https:\/\/faya.unse.edu.ar\/index.php\/author\/ariel_jugo\/\"}]}<\/script>\n<!-- \/ Yoast SEO plugin. -->","yoast_head_json":{"robots":{"index":"index","follow":"follow","max-snippet":"max-snippet:-1","max-image-preview":"max-image-preview:large","max-video-preview":"max-video-preview:-1"},"canonical":"https:\/\/faya.unse.edu.ar\/index.php\/docentes\/2023\/suspension-de-actividades-academicas-en-planta-piloto-de-procesamiento-de-alimentos\/","og_locale":"es_ES","og_type":"article","og_title":"SUSPENSI\u00d3N DE ACTIVIDADES ACAD\u00c9MICAS EN PLANTA PILOTO DE PROCESAMIENTO DE ALIMENTOS | Facultad de Agronom\u00eda y Agroindustrias UNSE | FAyA UNSE","og_description":"Se informa al personal docente, nodocente y estudiantes de FAyA que se suspenden las actividades acad\u00e9micas en Planta Piloto de Procesamiento de Alimentos, en raz\u00f3n a que se decidi\u00f3 el corte preventivo total del suministro de agua en todas las instalaciones con el prop\u00f3sito de...","og_url":"https:\/\/faya.unse.edu.ar\/index.php\/docentes\/2023\/suspension-de-actividades-academicas-en-planta-piloto-de-procesamiento-de-alimentos\/","og_site_name":"Facultad de Agronom\u00eda y Agroindustrias UNSE | FAyA UNSE","article_publisher":"https:\/\/www.facebook.com\/agroUNSE\/","article_published_time":"2023-11-14T20:49:50+00:00","article_modified_time":"2023-11-14T22:11:12+00:00","og_image":[{"width":1024,"height":1280,"url":"https:\/\/faya.unse.edu.ar\/wp-content\/uploads\/suspension-actividades-agua-faya-unse.jpeg","type":"image\/jpeg"}],"twitter_card":"summary_large_image","twitter_creator":"@fayaunse","twitter_site":"@fayaunse","twitter_misc":{"Escrito por":"Comunicaci\u00f3n FAyA","Tiempo de lectura":"1 minuto"},"schema":{"@context":"https:\/\/schema.org","@graph":[{"@type":"WebSite","@id":"https:\/\/faya.unse.edu.ar\/#website","url":"https:\/\/faya.unse.edu.ar\/","name":"Facultad de Agronom\u00eda y Agroindustrias UNSE | FAyA UNSE","description":"","potentialAction":[{"@type":"SearchAction","target":{"@type":"EntryPoint","urlTemplate":"https:\/\/faya.unse.edu.ar\/?s={search_term_string}"},"query-input":"required name=search_term_string"}],"inLanguage":"es-AR"},{"@type":"ImageObject","@id":"https:\/\/faya.unse.edu.ar\/index.php\/docentes\/2023\/suspension-de-actividades-academicas-en-planta-piloto-de-procesamiento-de-alimentos\/#primaryimage","inLanguage":"es-AR","url":"https:\/\/faya.unse.edu.ar\/wp-content\/uploads\/suspension-actividades-agua-faya-unse.jpeg","contentUrl":"https:\/\/faya.unse.edu.ar\/wp-content\/uploads\/suspension-actividades-agua-faya-unse.jpeg","width":1024,"height":1280},{"@type":"WebPage","@id":"https:\/\/faya.unse.edu.ar\/index.php\/docentes\/2023\/suspension-de-actividades-academicas-en-planta-piloto-de-procesamiento-de-alimentos\/#webpage","url":"https:\/\/faya.unse.edu.ar\/index.php\/docentes\/2023\/suspension-de-actividades-academicas-en-planta-piloto-de-procesamiento-de-alimentos\/","name":"SUSPENSI\u00d3N DE ACTIVIDADES ACAD\u00c9MICAS EN PLANTA PILOTO DE PROCESAMIENTO DE ALIMENTOS | Facultad de Agronom\u00eda y Agroindustrias UNSE | FAyA UNSE","isPartOf":{"@id":"https:\/\/faya.unse.edu.ar\/#website"},"primaryImageOfPage":{"@id":"https:\/\/faya.unse.edu.ar\/index.php\/docentes\/2023\/suspension-de-actividades-academicas-en-planta-piloto-de-procesamiento-de-alimentos\/#primaryimage"},"datePublished":"2023-11-14T20:49:50+00:00","dateModified":"2023-11-14T22:11:12+00:00","author":{"@id":"https:\/\/faya.unse.edu.ar\/#\/schema\/person\/6759100fdfd04c998461a230bc877a42"},"breadcrumb":{"@id":"https:\/\/faya.unse.edu.ar\/index.php\/docentes\/2023\/suspension-de-actividades-academicas-en-planta-piloto-de-procesamiento-de-alimentos\/#breadcrumb"},"inLanguage":"es-AR","potentialAction":[{"@type":"ReadAction","target":["https:\/\/faya.unse.edu.ar\/index.php\/docentes\/2023\/suspension-de-actividades-academicas-en-planta-piloto-de-procesamiento-de-alimentos\/"]}]},{"@type":"BreadcrumbList","@id":"https:\/\/faya.unse.edu.ar\/index.php\/docentes\/2023\/suspension-de-actividades-academicas-en-planta-piloto-de-procesamiento-de-alimentos\/#breadcrumb","itemListElement":[{"@type":"ListItem","position":1,"name":"Home","item":"https:\/\/faya.unse.edu.ar\/"},{"@type":"ListItem","position":2,"name":"SUSPENSI\u00d3N DE ACTIVIDADES ACAD\u00c9MICAS EN PLANTA PILOTO DE PROCESAMIENTO DE ALIMENTOS"}]},{"@type":"Person","@id":"https:\/\/faya.unse.edu.ar\/#\/schema\/person\/6759100fdfd04c998461a230bc877a42","name":"Comunicaci\u00f3n FAyA","url":"https:\/\/faya.unse.edu.ar\/index.php\/author\/ariel_jugo\/"}]}},"_links":{"self":[{"href":"https:\/\/faya.unse.edu.ar\/index.php\/wp-json\/wp\/v2\/posts\/31747"}],"collection":[{"href":"https:\/\/faya.unse.edu.ar\/index.php\/wp-json\/wp\/v2\/posts"}],"about":[{"href":"https:\/\/faya.unse.edu.ar\/index.php\/wp-json\/wp\/v2\/types\/post"}],"author":[{"embeddable":true,"href":"https:\/\/faya.unse.edu.ar\/index.php\/wp-json\/wp\/v2\/users\/2"}],"replies":[{"embeddable":true,"href":"https:\/\/faya.unse.edu.ar\/index.php\/wp-json\/wp\/v2\/comments?post=31747"}],"version-history":[{"count":2,"href":"https:\/\/faya.unse.edu.ar\/index.php\/wp-json\/wp\/v2\/posts\/31747\/revisions"}],"predecessor-version":[{"id":31758,"href":"https:\/\/faya.unse.edu.ar\/index.php\/wp-json\/wp\/v2\/posts\/31747\/revisions\/31758"}],"wp:featuredmedia":[{"embeddable":true,"href":"https:\/\/faya.unse.edu.ar\/index.php\/wp-json\/wp\/v2\/media\/31748"}],"wp:attachment":[{"href":"https:\/\/faya.unse.edu.ar\/index.php\/wp-json\/wp\/v2\/media?parent=31747"}],"wp:term":[{"taxonomy":"category","embeddable":true,"href":"https:\/\/faya.unse.edu.ar\/index.php\/wp-json\/wp\/v2\/categories?post=31747"},{"taxonomy":"post_tag","embeddable":true,"href":"https:\/\/faya.unse.edu.ar\/index.php\/wp-json\/wp\/v2\/tags?post=31747"}],"curies":[{"name":"wp","href":"https:\/\/api.w.org\/{rel}","templated":true}]}}