{"id":31810,"date":"2023-11-23T13:53:39","date_gmt":"2023-11-23T16:53:39","guid":{"rendered":"https:\/\/faya.unse.edu.ar\/?p=31810"},"modified":"2023-11-24T09:33:18","modified_gmt":"2023-11-24T12:33:18","slug":"semana-de-la-quimica-2","status":"publish","type":"post","link":"https:\/\/faya.unse.edu.ar\/index.php\/noticias\/2023\/semana-de-la-quimica-2\/","title":{"rendered":"SEMANA DE LA QU\u00cdMICA"},"content":{"rendered":"\n<figure class=\"wp-block-gallery columns-3 is-cropped\"><ul class=\"blocks-gallery-grid\"><li class=\"blocks-gallery-item\"><figure><a href=\"https:\/\/faya.unse.edu.ar\/wp-content\/uploads\/flyers-02-1.png\"><img loading=\"lazy\" width=\"819\" height=\"1024\" src=\"https:\/\/faya.unse.edu.ar\/wp-content\/uploads\/flyers-02-1-819x1024.png\" alt=\"\" data-id=\"31816\" data-full-url=\"https:\/\/faya.unse.edu.ar\/wp-content\/uploads\/flyers-02-1.png\" data-link=\"https:\/\/faya.unse.edu.ar\/index.php\/noticias\/2023\/semana-de-la-quimica-2\/attachment\/flyers-02-1\/\" class=\"wp-image-31816\" srcset=\"https:\/\/faya.unse.edu.ar\/wp-content\/uploads\/flyers-02-1-819x1024.png 819w, https:\/\/faya.unse.edu.ar\/wp-content\/uploads\/flyers-02-1-240x300.png 240w, https:\/\/faya.unse.edu.ar\/wp-content\/uploads\/flyers-02-1-768x960.png 768w, https:\/\/faya.unse.edu.ar\/wp-content\/uploads\/flyers-02-1-1229x1536.png 1229w, https:\/\/faya.unse.edu.ar\/wp-content\/uploads\/flyers-02-1-1638x2048.png 1638w, https:\/\/faya.unse.edu.ar\/wp-content\/uploads\/flyers-02-1-700x875.png 700w\" sizes=\"(max-width: 819px) 100vw, 819px\" \/><\/a><\/figure><\/li><li class=\"blocks-gallery-item\"><figure><a href=\"https:\/\/faya.unse.edu.ar\/wp-content\/uploads\/flyers-03.png\"><img loading=\"lazy\" width=\"819\" height=\"1024\" src=\"https:\/\/faya.unse.edu.ar\/wp-content\/uploads\/flyers-03-819x1024.png\" alt=\"\" data-id=\"31817\" data-full-url=\"https:\/\/faya.unse.edu.ar\/wp-content\/uploads\/flyers-03.png\" data-link=\"https:\/\/faya.unse.edu.ar\/index.php\/noticias\/2023\/semana-de-la-quimica-2\/attachment\/flyers-03\/\" class=\"wp-image-31817\" srcset=\"https:\/\/faya.unse.edu.ar\/wp-content\/uploads\/flyers-03-819x1024.png 819w, https:\/\/faya.unse.edu.ar\/wp-content\/uploads\/flyers-03-240x300.png 240w, https:\/\/faya.unse.edu.ar\/wp-content\/uploads\/flyers-03-768x960.png 768w, https:\/\/faya.unse.edu.ar\/wp-content\/uploads\/flyers-03-1229x1536.png 1229w, https:\/\/faya.unse.edu.ar\/wp-content\/uploads\/flyers-03-1638x2048.png 1638w, https:\/\/faya.unse.edu.ar\/wp-content\/uploads\/flyers-03-700x875.png 700w\" sizes=\"(max-width: 819px) 100vw, 819px\" \/><\/a><\/figure><\/li><li class=\"blocks-gallery-item\"><figure><a href=\"https:\/\/faya.unse.edu.ar\/wp-content\/uploads\/flyers-04.png\"><img loading=\"lazy\" width=\"819\" height=\"1024\" src=\"https:\/\/faya.unse.edu.ar\/wp-content\/uploads\/flyers-04-819x1024.png\" alt=\"\" data-id=\"31818\" data-full-url=\"https:\/\/faya.unse.edu.ar\/wp-content\/uploads\/flyers-04.png\" data-link=\"https:\/\/faya.unse.edu.ar\/index.php\/noticias\/2023\/semana-de-la-quimica-2\/attachment\/flyers-04\/\" class=\"wp-image-31818\" srcset=\"https:\/\/faya.unse.edu.ar\/wp-content\/uploads\/flyers-04-819x1024.png 819w, https:\/\/faya.unse.edu.ar\/wp-content\/uploads\/flyers-04-240x300.png 240w, https:\/\/faya.unse.edu.ar\/wp-content\/uploads\/flyers-04-768x960.png 768w, https:\/\/faya.unse.edu.ar\/wp-content\/uploads\/flyers-04-1229x1536.png 1229w, https:\/\/faya.unse.edu.ar\/wp-content\/uploads\/flyers-04-1638x2048.png 1638w, https:\/\/faya.unse.edu.ar\/wp-content\/uploads\/flyers-04-700x875.png 700w\" sizes=\"(max-width: 819px) 100vw, 819px\" \/><\/a><\/figure><\/li><\/ul><\/figure>\n\n\n\n<p><strong>\u201cHablemos de Qu\u00edmica\u201d<\/strong><br>Viernes 24 de noviembre. De 9:00 a 11:00 hs. <br>Colegio Secundario Pedro Francisco de Uriarte- Localidad de Loreto.<\/p>\n\n\n\n<p>Comparten<\/p>\n\n\n\n<ul><li>Prof. Lic. Villalba Varas F\u00e1tima<\/li><li>Prof. Lic. Mar\u00eda Florencia Ferreyra Grassi<\/li><li>Prof. Paula Jimena Occhionero<\/li><\/ul>\n\n\n\n<p>Descripci\u00f3n: actividad, organizada en forma conjunta con Secretaria de Ciencia y Tecnolog\u00eda de la provincia de Santiago del Estero, con el objetivo general de difundir la Qu\u00edmica como disciplina cient\u00edfica de una manera simple y accesible, pero manteniendo un enfoque riguroso y acad\u00e9mico. Se busca acercar la Qu\u00edmica a la sociedad en su conjunto, incluyendo a estudiantes, docentes de escuelas de nivel medio y a la sociedad en general.<\/p>\n\n\n\n<p>Destinatarios: Estudiantes de 2\u00b0, 3\u00b0 y 4\u00b0 del Colegio Secundario Pedro Francisco de Uriarte- Localidad de Loreto.<\/p>\n\n\n\n<p><strong>\u201cQu\u00edmica en Evoluci\u00f3n: Nuevos Horizontes Laborales&#8221;<\/strong><br>Mi\u00e9rcoles 29 de noviembre. De 16:00 a 18:00 h<br>Aula 7 \u2013 Sede Central FAyA &#8211; UNSE<\/p>\n\n\n\n<p>Moderaci\u00f3n: Dra. Gisela Fabiani \u2013 Escuela de Qu\u00edmica FAyA \u2013 UNSE<\/p>\n\n\n\n<p>Oradores invitados:<\/p>\n\n\n\n<ul><li>Dr. Horacio Heredia<\/li><li>Lic. Ezequiel Brand\u00e1n<\/li><li>Ing. Luciana Zavaleta<\/li><\/ul>\n\n\n\n<p>Conversatorio, en modalidad hibrida, destinado a la comunidad educativa de docentes. Estudiantes y egresados de las carreras de Licenciatura en Qu\u00edmica y Profesorado en Qu\u00edmica.<\/p>\n\n\n\n<p><strong>\u201cUsos b\u00e1sicos de Origin Lab como herramienta en el an\u00e1lisis de datos\u201d.<\/strong><br>Martes 5 de diciembre. De 9:00 a 11:00 hs.<br>Aula 7 \u2013 Sede Central FAyA &#8211; UNSE<\/p>\n\n\n\n<p>Docente capacitadora: Lic. Prof. en Qu\u00edmica F\u00e1tima Marina Villalba Varas<\/p>\n\n\n\n<p>Actividad de capacitaci\u00f3n destinada a la comunidad educativa de las carreras de Licenciatura en Qu\u00edmica y Profesorado en Qu\u00edmica de la FAyA; P\u00fablico en general con inter\u00e9s en las \u00e1reas disciplinares abordadas. Cupos limitados.<\/p>\n\n\n\n<p>Inscripciones: <a href=\"https:\/\/bit.ly\/originlab-faya\" target=\"_blank\" rel=\"noreferrer noopener\">https:\/\/bit.ly\/originlab-faya<\/a><\/p>\n","protected":false},"excerpt":{"rendered":"<p>\u201cHablemos de Qu\u00edmica\u201dViernes 24 de noviembre. De 9:00 a 11:00 hs. Colegio Secundario Pedro Francisco de Uriarte- Localidad de Loreto. Comparten Prof. Lic. Villalba Varas F\u00e1tima Prof. Lic. Mar\u00eda Florencia Ferreyra Grassi Prof. Paula Jimena Occhionero Descripci\u00f3n: actividad, organizada en forma conjunta con Secretaria de&#8230;<\/p>\n","protected":false},"author":5,"featured_media":31809,"comment_status":"closed","ping_status":"closed","sticky":false,"template":"","format":"standard","meta":{"_mi_skip_tracking":false},"categories":[194,5,160],"tags":[],"yoast_head":"<!-- This site is optimized with the Yoast SEO plugin v17.7.1 - https:\/\/yoast.com\/wordpress\/plugins\/seo\/ -->\n<meta name=\"robots\" content=\"index, follow, max-snippet:-1, max-image-preview:large, max-video-preview:-1\" \/>\n<link rel=\"canonical\" href=\"https:\/\/faya.unse.edu.ar\/index.php\/noticias\/2023\/semana-de-la-quimica-2\/\" \/>\n<meta property=\"og:locale\" content=\"es_ES\" \/>\n<meta property=\"og:type\" content=\"article\" \/>\n<meta property=\"og:title\" content=\"SEMANA DE LA QU\u00cdMICA | Facultad de Agronom\u00eda y Agroindustrias UNSE | FAyA UNSE\" \/>\n<meta property=\"og:description\" content=\"\u201cHablemos de Qu\u00edmica\u201dViernes 24 de noviembre. De 9:00 a 11:00 hs. Colegio Secundario Pedro Francisco de Uriarte- Localidad de Loreto. Comparten Prof. Lic. Villalba Varas F\u00e1tima Prof. Lic. Mar\u00eda Florencia Ferreyra Grassi Prof. Paula Jimena Occhionero Descripci\u00f3n: actividad, organizada en forma conjunta con Secretaria de...\" \/>\n<meta property=\"og:url\" content=\"https:\/\/faya.unse.edu.ar\/index.php\/noticias\/2023\/semana-de-la-quimica-2\/\" \/>\n<meta property=\"og:site_name\" content=\"Facultad de Agronom\u00eda y Agroindustrias UNSE | FAyA UNSE\" \/>\n<meta property=\"article:publisher\" content=\"https:\/\/www.facebook.com\/agroUNSE\/\" \/>\n<meta property=\"article:published_time\" content=\"2023-11-23T16:53:39+00:00\" \/>\n<meta property=\"article:modified_time\" content=\"2023-11-24T12:33:18+00:00\" \/>\n<meta property=\"og:image\" content=\"https:\/\/faya.unse.edu.ar\/wp-content\/uploads\/flyers-11.png\" \/>\n\t<meta property=\"og:image:width\" content=\"4501\" \/>\n\t<meta property=\"og:image:height\" content=\"4501\" \/>\n<meta name=\"twitter:card\" content=\"summary_large_image\" \/>\n<meta name=\"twitter:creator\" content=\"@fayaunse\" \/>\n<meta name=\"twitter:site\" content=\"@fayaunse\" \/>\n<meta name=\"twitter:label1\" content=\"Escrito por\" \/>\n\t<meta name=\"twitter:data1\" content=\"Comunicaci\u00f3n FAyA-UNSE\" \/>\n\t<meta name=\"twitter:label2\" content=\"Tiempo de lectura\" \/>\n\t<meta name=\"twitter:data2\" content=\"2 minutos\" \/>\n<script type=\"application\/ld+json\" class=\"yoast-schema-graph\">{\"@context\":\"https:\/\/schema.org\",\"@graph\":[{\"@type\":\"WebSite\",\"@id\":\"https:\/\/faya.unse.edu.ar\/#website\",\"url\":\"https:\/\/faya.unse.edu.ar\/\",\"name\":\"Facultad de Agronom\\u00eda y Agroindustrias UNSE | FAyA UNSE\",\"description\":\"\",\"potentialAction\":[{\"@type\":\"SearchAction\",\"target\":{\"@type\":\"EntryPoint\",\"urlTemplate\":\"https:\/\/faya.unse.edu.ar\/?s={search_term_string}\"},\"query-input\":\"required name=search_term_string\"}],\"inLanguage\":\"es-AR\"},{\"@type\":\"ImageObject\",\"@id\":\"https:\/\/faya.unse.edu.ar\/index.php\/noticias\/2023\/semana-de-la-quimica-2\/#primaryimage\",\"inLanguage\":\"es-AR\",\"url\":\"https:\/\/faya.unse.edu.ar\/wp-content\/uploads\/flyers-11.png\",\"contentUrl\":\"https:\/\/faya.unse.edu.ar\/wp-content\/uploads\/flyers-11.png\",\"width\":4501,\"height\":4501},{\"@type\":\"WebPage\",\"@id\":\"https:\/\/faya.unse.edu.ar\/index.php\/noticias\/2023\/semana-de-la-quimica-2\/#webpage\",\"url\":\"https:\/\/faya.unse.edu.ar\/index.php\/noticias\/2023\/semana-de-la-quimica-2\/\",\"name\":\"SEMANA DE LA QU\\u00cdMICA | Facultad de Agronom\\u00eda y Agroindustrias UNSE | FAyA UNSE\",\"isPartOf\":{\"@id\":\"https:\/\/faya.unse.edu.ar\/#website\"},\"primaryImageOfPage\":{\"@id\":\"https:\/\/faya.unse.edu.ar\/index.php\/noticias\/2023\/semana-de-la-quimica-2\/#primaryimage\"},\"datePublished\":\"2023-11-23T16:53:39+00:00\",\"dateModified\":\"2023-11-24T12:33:18+00:00\",\"author\":{\"@id\":\"https:\/\/faya.unse.edu.ar\/#\/schema\/person\/6c3c11fbb65d413b2f687368ab071449\"},\"breadcrumb\":{\"@id\":\"https:\/\/faya.unse.edu.ar\/index.php\/noticias\/2023\/semana-de-la-quimica-2\/#breadcrumb\"},\"inLanguage\":\"es-AR\",\"potentialAction\":[{\"@type\":\"ReadAction\",\"target\":[\"https:\/\/faya.unse.edu.ar\/index.php\/noticias\/2023\/semana-de-la-quimica-2\/\"]}]},{\"@type\":\"BreadcrumbList\",\"@id\":\"https:\/\/faya.unse.edu.ar\/index.php\/noticias\/2023\/semana-de-la-quimica-2\/#breadcrumb\",\"itemListElement\":[{\"@type\":\"ListItem\",\"position\":1,\"name\":\"Home\",\"item\":\"https:\/\/faya.unse.edu.ar\/\"},{\"@type\":\"ListItem\",\"position\":2,\"name\":\"SEMANA DE LA QU\\u00cdMICA\"}]},{\"@type\":\"Person\",\"@id\":\"https:\/\/faya.unse.edu.ar\/#\/schema\/person\/6c3c11fbb65d413b2f687368ab071449\",\"name\":\"Comunicaci\\u00f3n FAyA-UNSE\",\"url\":\"https:\/\/faya.unse.edu.ar\/index.php\/author\/solroman\/\"}]}<\/script>\n<!-- \/ Yoast SEO plugin. -->","yoast_head_json":{"robots":{"index":"index","follow":"follow","max-snippet":"max-snippet:-1","max-image-preview":"max-image-preview:large","max-video-preview":"max-video-preview:-1"},"canonical":"https:\/\/faya.unse.edu.ar\/index.php\/noticias\/2023\/semana-de-la-quimica-2\/","og_locale":"es_ES","og_type":"article","og_title":"SEMANA DE LA QU\u00cdMICA | Facultad de Agronom\u00eda y Agroindustrias UNSE | FAyA UNSE","og_description":"\u201cHablemos de Qu\u00edmica\u201dViernes 24 de noviembre. De 9:00 a 11:00 hs. Colegio Secundario Pedro Francisco de Uriarte- Localidad de Loreto. Comparten Prof. Lic. Villalba Varas F\u00e1tima Prof. Lic. Mar\u00eda Florencia Ferreyra Grassi Prof. Paula Jimena Occhionero Descripci\u00f3n: actividad, organizada en forma conjunta con Secretaria de...","og_url":"https:\/\/faya.unse.edu.ar\/index.php\/noticias\/2023\/semana-de-la-quimica-2\/","og_site_name":"Facultad de Agronom\u00eda y Agroindustrias UNSE | FAyA UNSE","article_publisher":"https:\/\/www.facebook.com\/agroUNSE\/","article_published_time":"2023-11-23T16:53:39+00:00","article_modified_time":"2023-11-24T12:33:18+00:00","og_image":[{"width":4501,"height":4501,"url":"https:\/\/faya.unse.edu.ar\/wp-content\/uploads\/flyers-11.png","type":"image\/png"}],"twitter_card":"summary_large_image","twitter_creator":"@fayaunse","twitter_site":"@fayaunse","twitter_misc":{"Escrito por":"Comunicaci\u00f3n FAyA-UNSE","Tiempo de lectura":"2 minutos"},"schema":{"@context":"https:\/\/schema.org","@graph":[{"@type":"WebSite","@id":"https:\/\/faya.unse.edu.ar\/#website","url":"https:\/\/faya.unse.edu.ar\/","name":"Facultad de Agronom\u00eda y Agroindustrias UNSE | FAyA UNSE","description":"","potentialAction":[{"@type":"SearchAction","target":{"@type":"EntryPoint","urlTemplate":"https:\/\/faya.unse.edu.ar\/?s={search_term_string}"},"query-input":"required name=search_term_string"}],"inLanguage":"es-AR"},{"@type":"ImageObject","@id":"https:\/\/faya.unse.edu.ar\/index.php\/noticias\/2023\/semana-de-la-quimica-2\/#primaryimage","inLanguage":"es-AR","url":"https:\/\/faya.unse.edu.ar\/wp-content\/uploads\/flyers-11.png","contentUrl":"https:\/\/faya.unse.edu.ar\/wp-content\/uploads\/flyers-11.png","width":4501,"height":4501},{"@type":"WebPage","@id":"https:\/\/faya.unse.edu.ar\/index.php\/noticias\/2023\/semana-de-la-quimica-2\/#webpage","url":"https:\/\/faya.unse.edu.ar\/index.php\/noticias\/2023\/semana-de-la-quimica-2\/","name":"SEMANA DE LA QU\u00cdMICA | Facultad de Agronom\u00eda y Agroindustrias UNSE | FAyA UNSE","isPartOf":{"@id":"https:\/\/faya.unse.edu.ar\/#website"},"primaryImageOfPage":{"@id":"https:\/\/faya.unse.edu.ar\/index.php\/noticias\/2023\/semana-de-la-quimica-2\/#primaryimage"},"datePublished":"2023-11-23T16:53:39+00:00","dateModified":"2023-11-24T12:33:18+00:00","author":{"@id":"https:\/\/faya.unse.edu.ar\/#\/schema\/person\/6c3c11fbb65d413b2f687368ab071449"},"breadcrumb":{"@id":"https:\/\/faya.unse.edu.ar\/index.php\/noticias\/2023\/semana-de-la-quimica-2\/#breadcrumb"},"inLanguage":"es-AR","potentialAction":[{"@type":"ReadAction","target":["https:\/\/faya.unse.edu.ar\/index.php\/noticias\/2023\/semana-de-la-quimica-2\/"]}]},{"@type":"BreadcrumbList","@id":"https:\/\/faya.unse.edu.ar\/index.php\/noticias\/2023\/semana-de-la-quimica-2\/#breadcrumb","itemListElement":[{"@type":"ListItem","position":1,"name":"Home","item":"https:\/\/faya.unse.edu.ar\/"},{"@type":"ListItem","position":2,"name":"SEMANA DE LA QU\u00cdMICA"}]},{"@type":"Person","@id":"https:\/\/faya.unse.edu.ar\/#\/schema\/person\/6c3c11fbb65d413b2f687368ab071449","name":"Comunicaci\u00f3n FAyA-UNSE","url":"https:\/\/faya.unse.edu.ar\/index.php\/author\/solroman\/"}]}},"_links":{"self":[{"href":"https:\/\/faya.unse.edu.ar\/index.php\/wp-json\/wp\/v2\/posts\/31810"}],"collection":[{"href":"https:\/\/faya.unse.edu.ar\/index.php\/wp-json\/wp\/v2\/posts"}],"about":[{"href":"https:\/\/faya.unse.edu.ar\/index.php\/wp-json\/wp\/v2\/types\/post"}],"author":[{"embeddable":true,"href":"https:\/\/faya.unse.edu.ar\/index.php\/wp-json\/wp\/v2\/users\/5"}],"replies":[{"embeddable":true,"href":"https:\/\/faya.unse.edu.ar\/index.php\/wp-json\/wp\/v2\/comments?post=31810"}],"version-history":[{"count":4,"href":"https:\/\/faya.unse.edu.ar\/index.php\/wp-json\/wp\/v2\/posts\/31810\/revisions"}],"predecessor-version":[{"id":31819,"href":"https:\/\/faya.unse.edu.ar\/index.php\/wp-json\/wp\/v2\/posts\/31810\/revisions\/31819"}],"wp:featuredmedia":[{"embeddable":true,"href":"https:\/\/faya.unse.edu.ar\/index.php\/wp-json\/wp\/v2\/media\/31809"}],"wp:attachment":[{"href":"https:\/\/faya.unse.edu.ar\/index.php\/wp-json\/wp\/v2\/media?parent=31810"}],"wp:term":[{"taxonomy":"category","embeddable":true,"href":"https:\/\/faya.unse.edu.ar\/index.php\/wp-json\/wp\/v2\/categories?post=31810"},{"taxonomy":"post_tag","embeddable":true,"href":"https:\/\/faya.unse.edu.ar\/index.php\/wp-json\/wp\/v2\/tags?post=31810"}],"curies":[{"name":"wp","href":"https:\/\/api.w.org\/{rel}","templated":true}]}}