{"id":31893,"date":"2023-08-24T18:13:00","date_gmt":"2023-08-24T21:13:00","guid":{"rendered":"https:\/\/faya.unse.edu.ar\/?p=31893"},"modified":"2024-06-26T12:19:36","modified_gmt":"2024-06-26T15:19:36","slug":"11a-reunion-ordinaria-de-consejo-directivo","status":"publish","type":"post","link":"https:\/\/faya.unse.edu.ar\/index.php\/consejo-directivo-faya\/2023\/11a-reunion-ordinaria-de-consejo-directivo\/","title":{"rendered":"11a REUNI\u00d3N ORDINARIA DE CONSEJO DIRECTIVO"},"content":{"rendered":"\n<p>FECHA: 28 de agosto de 2023<\/p>\n\n\n\n<p>HORA: 14:30<\/p>\n\n\n\n<p>LUGAR: Aula 7 FAyA<\/p>\n\n\n\n<p>ORDEN DEL DIA<\/p>\n\n\n\n<p>1. Informe de Decana<\/p>\n\n\n\n<p>1.1. Acreditaci\u00f3n Carrera de Licenciatura en Qu\u00edmica<\/p>\n\n\n\n<p>1.2. Reuni\u00f3n Regional AUDEAS NOA<\/p>\n\n\n\n<p>1.3. Inicio proceso de socializaci\u00f3n nuevo Plan de Estudios Ingenier\u00eda en Alimentos<\/p>\n\n\n\n<p>1.4. La UNSE abre sus puertas<\/p>\n\n\n\n<p>2. Acta de reuniones anteriores<\/p>\n\n\n\n<p>3. SECRETAR\u00cdA ACAD\u00c9MICA<\/p>\n\n\n\n<p>3.1. EXPE-MGE:1010\/2023: Dictamen de Comisi\u00f3n Evaluadora encargada de entender en la<\/p>\n\n\n\n<p>promoci\u00f3n por EAA de la Dra. Gabriela G. Cardona al cargo de Profesor Asociado, DS, en la<\/p>\n\n\n\n<p>asignatura Econom\u00eda Agraria de la carrera de Ingenier\u00eda Agron\u00f3mica.<\/p>\n\n\n\n<p>3.2. EXPE-MGE:1574\/2023: Dictamen de Jurado encargado de entender en el Concurso,<\/p>\n\n\n\n<p>modalidad Cerrado, para la cobertura de un cargo de Profesor Adjunto, Dedicaci\u00f3n Exclusiva,<\/p>\n\n\n\n<p>para la asignatura F\u00edsica II de la carrera de Ingenier\u00eda en Alimentos.<\/p>\n\n\n\n<p>3.3. EXPE-MGE:1449\/2023: Dictamen de Jurado encargado de entender en el Concurso,<\/p>\n\n\n\n<p>modalidad Cerrado, para la cobertura de un cargo de Profesor Adjunto, Dedicaci\u00f3n Exclusiva,<\/p>\n\n\n\n<p>para la asignatura Sistemas de Producci\u00f3n Frut\u00edcola de la carrera de Ingenier\u00eda Agronom\u00eda.<\/p>\n\n\n\n<p>3.4. TR\u00c1MITE_FAYA-MGE:0816\/2023: Dr. Juan Carlos D\u00edaz Ricci eleva renuncia a participar como<\/p>\n\n\n\n<p>Jurado Titular en el Concurso abierto para la cobertura de un cargo de Profesor Adjunto, DSE,<\/p>\n\n\n\n<p>para la asignatura Biolog\u00eda Celular y Molecular, de la carrera de Licenciatura en Biotecnolog\u00eda.<\/p>\n\n\n\n<p>3.5. EXPE-MGE:2678\/2023: Despacho de Asesor\u00eda Legal UNSE sobre solicitud de Promoci\u00f3n por<\/p>\n\n\n\n<p>EAA de la Dra. Lucrecia Chaillou al cargo de Profesor Titular, DE, en la asignatura C\u00e1lculo<\/p>\n\n\n\n<p>Num\u00e9rico de la carrera de Ingenier\u00eda en Alimentos.<\/p>\n\n\n\n<p>3.6. TR\u00c1MITE_FAYA-MGE:0648\/2023: Ing. Mar\u00eda M. Paz eleva solicitud de llamado a Concurso<\/p>\n\n\n\n<p>Interno, para cubrir un cargo de Profesor Adjunto, DE, para la asignatura Tecnolog\u00eda de los<\/p>\n\n\n\n<p>Servicios Auxiliares de la carrera de Ingenier\u00eda en Alimentos.<\/p>\n\n\n\n<p>3.7. TR\u00c1MITE_FAYA-MGE:0782\/2023: Lic. Gustavo Mart\u00ednez informa sobre su ausencia en<\/p>\n\n\n\n<p>funciones de Director del IIEEC.<\/p>\n\n\n\n<p>3.8. TR\u00c1MITE_FAYA-MGE:0826\/2023: Dra. Myriam E. Villarreal solicita se considere otorgar<\/p>\n\n\n\n<p>licencia sin goce de haberes en cargos regulares, a docentes con dictamen favorable de sus<\/p>\n\n\n\n<p>promociones.<\/p>\n\n\n\n<p>3.9. TR\u00c1MITE_FAYA-MGE:0827\/2023: Dra. Myriam E. Villarreal adjunta Acta de Decanos que<\/p>\n\n\n\n<p>integran la regional de AUDEAS NOA.<\/p>\n\n\n\n<p>4. SECRETAR\u00cdA DE VINCULACI\u00d3N, TRANSFERENCIA Y EXTENSI\u00d3N<\/p>\n\n\n\n<p>4.1. TR\u00c1MITE_FAYA-MGE:0798\/2023: Dra. Elisa M. Garc\u00eda solicita autorizaci\u00f3n para la realizaci\u00f3n<\/p>\n\n\n\n<p>de actividad de extensi\u00f3n denominada \u201cLa Ciencia en primera persona. Un d\u00eda como cient\u00edfico<\/p>\n\n\n\n<p>en acci\u00f3n\u201d.<\/p>\n\n\n\n<p>4.2. TR\u00c1MITE_FAYA-MGE:0804\/2023: Dr. Jos\u00e9 E. Galiano solicita autorizaci\u00f3n para el dictado del<\/p>\n\n\n\n<p>Curso de Perfeccionamiento y Capacitaci\u00f3n Docente \u201cEl aprendizaje activo en nuestro<\/p>\n\n\n\n<p>contexto educativo\u201d.<\/p>\n\n\n\n<p>5. DESPACHOS DE COMISI\u00d3N<\/p>\n\n\n\n<p>5.1. Comisi\u00f3n B<\/p>\n\n\n\n<p>5.1.1. EXPE-MGE:1447\/2023: Dictamen de Jurado encargado de entender en el Concurso,<\/p>\n\n\n\n<p>modalidad Abierto, para la cobertura de un cargo de Ayudante de Primera Diplomado, DS, para<\/p>\n\n\n\n<p>la asignatura Biotecnolog\u00eda de la Carrera de Ingenier\u00eda en Alimentos.<\/p>\n\n\n\n<p>5.1.2. TR\u00c1MITE_FAYA-MGE:0765\/2023: Ing. Alejandra B. Cenice solicita autorizaci\u00f3n para<\/p>\n\n\n\n<p>SOP \u201cAsesoramiento t\u00e9cnico y provisi\u00f3n de material vegetal para la implantaci\u00f3n de tunas para<\/p>\n\n\n\n<p>fruta, forrajes y verduras\u201d.<\/p>\n\n\n\n<p>5.2. Comisi\u00f3n C<\/p>\n\n\n\n<p>5.2.1. TR\u00c1MITE_FAYA-MGE:0740\/2023: Dra. Mariana E. Garc\u00eda eleva informe sobre Curso de<\/p>\n\n\n\n<p>Ingreso 2023 y Propuesta de Curso de Ingreso Adelantado 2024.<\/p>\n","protected":false},"excerpt":{"rendered":"<p>FECHA: 28 de agosto de 2023 HORA: 14:30 LUGAR: Aula 7 FAyA ORDEN DEL DIA 1. Informe de Decana 1.1. Acreditaci\u00f3n Carrera de Licenciatura en Qu\u00edmica 1.2. Reuni\u00f3n Regional AUDEAS NOA 1.3. Inicio proceso de socializaci\u00f3n nuevo Plan de Estudios Ingenier\u00eda en Alimentos 1.4. La&#8230;<\/p>\n","protected":false},"author":2,"featured_media":31894,"comment_status":"closed","ping_status":"closed","sticky":false,"template":"","format":"standard","meta":{"_mi_skip_tracking":false},"categories":[200,5],"tags":[],"yoast_head":"<!-- This site is optimized with the Yoast SEO plugin v17.7.1 - https:\/\/yoast.com\/wordpress\/plugins\/seo\/ -->\n<meta name=\"robots\" content=\"index, follow, max-snippet:-1, max-image-preview:large, max-video-preview:-1\" \/>\n<link rel=\"canonical\" href=\"https:\/\/faya.unse.edu.ar\/index.php\/consejo-directivo-faya\/2023\/11a-reunion-ordinaria-de-consejo-directivo\/\" \/>\n<meta property=\"og:locale\" content=\"es_ES\" \/>\n<meta property=\"og:type\" content=\"article\" \/>\n<meta property=\"og:title\" content=\"11a REUNI\u00d3N ORDINARIA DE CONSEJO DIRECTIVO | Facultad de Agronom\u00eda y Agroindustrias UNSE | FAyA UNSE\" \/>\n<meta property=\"og:description\" content=\"FECHA: 28 de agosto de 2023 HORA: 14:30 LUGAR: Aula 7 FAyA ORDEN DEL DIA 1. Informe de Decana 1.1. Acreditaci\u00f3n Carrera de Licenciatura en Qu\u00edmica 1.2. Reuni\u00f3n Regional AUDEAS NOA 1.3. Inicio proceso de socializaci\u00f3n nuevo Plan de Estudios Ingenier\u00eda en Alimentos 1.4. La...\" \/>\n<meta property=\"og:url\" content=\"https:\/\/faya.unse.edu.ar\/index.php\/consejo-directivo-faya\/2023\/11a-reunion-ordinaria-de-consejo-directivo\/\" \/>\n<meta property=\"og:site_name\" content=\"Facultad de Agronom\u00eda y Agroindustrias UNSE | FAyA UNSE\" \/>\n<meta property=\"article:publisher\" content=\"https:\/\/www.facebook.com\/agroUNSE\/\" \/>\n<meta property=\"article:published_time\" content=\"2023-08-24T21:13:00+00:00\" \/>\n<meta property=\"article:modified_time\" content=\"2024-06-26T15:19:36+00:00\" \/>\n<meta property=\"og:image\" content=\"https:\/\/faya.unse.edu.ar\/wp-content\/uploads\/11-reunion-consejo-directivo-faya-unse.png\" \/>\n\t<meta property=\"og:image:width\" content=\"940\" \/>\n\t<meta property=\"og:image:height\" content=\"788\" \/>\n<meta name=\"twitter:card\" content=\"summary_large_image\" \/>\n<meta name=\"twitter:creator\" content=\"@fayaunse\" \/>\n<meta name=\"twitter:site\" content=\"@fayaunse\" \/>\n<meta name=\"twitter:label1\" content=\"Escrito por\" \/>\n\t<meta name=\"twitter:data1\" content=\"Comunicaci\u00f3n FAyA\" \/>\n\t<meta name=\"twitter:label2\" content=\"Tiempo de lectura\" \/>\n\t<meta name=\"twitter:data2\" content=\"3 minutos\" \/>\n<script type=\"application\/ld+json\" class=\"yoast-schema-graph\">{\"@context\":\"https:\/\/schema.org\",\"@graph\":[{\"@type\":\"WebSite\",\"@id\":\"https:\/\/faya.unse.edu.ar\/#website\",\"url\":\"https:\/\/faya.unse.edu.ar\/\",\"name\":\"Facultad de Agronom\\u00eda y Agroindustrias UNSE | FAyA UNSE\",\"description\":\"\",\"potentialAction\":[{\"@type\":\"SearchAction\",\"target\":{\"@type\":\"EntryPoint\",\"urlTemplate\":\"https:\/\/faya.unse.edu.ar\/?s={search_term_string}\"},\"query-input\":\"required name=search_term_string\"}],\"inLanguage\":\"es-AR\"},{\"@type\":\"ImageObject\",\"@id\":\"https:\/\/faya.unse.edu.ar\/index.php\/consejo-directivo-faya\/2023\/11a-reunion-ordinaria-de-consejo-directivo\/#primaryimage\",\"inLanguage\":\"es-AR\",\"url\":\"https:\/\/faya.unse.edu.ar\/wp-content\/uploads\/11-reunion-consejo-directivo-faya-unse.png\",\"contentUrl\":\"https:\/\/faya.unse.edu.ar\/wp-content\/uploads\/11-reunion-consejo-directivo-faya-unse.png\",\"width\":940,\"height\":788},{\"@type\":\"WebPage\",\"@id\":\"https:\/\/faya.unse.edu.ar\/index.php\/consejo-directivo-faya\/2023\/11a-reunion-ordinaria-de-consejo-directivo\/#webpage\",\"url\":\"https:\/\/faya.unse.edu.ar\/index.php\/consejo-directivo-faya\/2023\/11a-reunion-ordinaria-de-consejo-directivo\/\",\"name\":\"11a REUNI\\u00d3N ORDINARIA DE CONSEJO DIRECTIVO | Facultad de Agronom\\u00eda y Agroindustrias UNSE | FAyA UNSE\",\"isPartOf\":{\"@id\":\"https:\/\/faya.unse.edu.ar\/#website\"},\"primaryImageOfPage\":{\"@id\":\"https:\/\/faya.unse.edu.ar\/index.php\/consejo-directivo-faya\/2023\/11a-reunion-ordinaria-de-consejo-directivo\/#primaryimage\"},\"datePublished\":\"2023-08-24T21:13:00+00:00\",\"dateModified\":\"2024-06-26T15:19:36+00:00\",\"author\":{\"@id\":\"https:\/\/faya.unse.edu.ar\/#\/schema\/person\/6759100fdfd04c998461a230bc877a42\"},\"breadcrumb\":{\"@id\":\"https:\/\/faya.unse.edu.ar\/index.php\/consejo-directivo-faya\/2023\/11a-reunion-ordinaria-de-consejo-directivo\/#breadcrumb\"},\"inLanguage\":\"es-AR\",\"potentialAction\":[{\"@type\":\"ReadAction\",\"target\":[\"https:\/\/faya.unse.edu.ar\/index.php\/consejo-directivo-faya\/2023\/11a-reunion-ordinaria-de-consejo-directivo\/\"]}]},{\"@type\":\"BreadcrumbList\",\"@id\":\"https:\/\/faya.unse.edu.ar\/index.php\/consejo-directivo-faya\/2023\/11a-reunion-ordinaria-de-consejo-directivo\/#breadcrumb\",\"itemListElement\":[{\"@type\":\"ListItem\",\"position\":1,\"name\":\"Home\",\"item\":\"https:\/\/faya.unse.edu.ar\/\"},{\"@type\":\"ListItem\",\"position\":2,\"name\":\"11a REUNI\\u00d3N ORDINARIA DE CONSEJO DIRECTIVO\"}]},{\"@type\":\"Person\",\"@id\":\"https:\/\/faya.unse.edu.ar\/#\/schema\/person\/6759100fdfd04c998461a230bc877a42\",\"name\":\"Comunicaci\\u00f3n FAyA\",\"url\":\"https:\/\/faya.unse.edu.ar\/index.php\/author\/ariel_jugo\/\"}]}<\/script>\n<!-- \/ Yoast SEO plugin. -->","yoast_head_json":{"robots":{"index":"index","follow":"follow","max-snippet":"max-snippet:-1","max-image-preview":"max-image-preview:large","max-video-preview":"max-video-preview:-1"},"canonical":"https:\/\/faya.unse.edu.ar\/index.php\/consejo-directivo-faya\/2023\/11a-reunion-ordinaria-de-consejo-directivo\/","og_locale":"es_ES","og_type":"article","og_title":"11a REUNI\u00d3N ORDINARIA DE CONSEJO DIRECTIVO | Facultad de Agronom\u00eda y Agroindustrias UNSE | FAyA UNSE","og_description":"FECHA: 28 de agosto de 2023 HORA: 14:30 LUGAR: Aula 7 FAyA ORDEN DEL DIA 1. Informe de Decana 1.1. Acreditaci\u00f3n Carrera de Licenciatura en Qu\u00edmica 1.2. Reuni\u00f3n Regional AUDEAS NOA 1.3. Inicio proceso de socializaci\u00f3n nuevo Plan de Estudios Ingenier\u00eda en Alimentos 1.4. La...","og_url":"https:\/\/faya.unse.edu.ar\/index.php\/consejo-directivo-faya\/2023\/11a-reunion-ordinaria-de-consejo-directivo\/","og_site_name":"Facultad de Agronom\u00eda y Agroindustrias UNSE | FAyA UNSE","article_publisher":"https:\/\/www.facebook.com\/agroUNSE\/","article_published_time":"2023-08-24T21:13:00+00:00","article_modified_time":"2024-06-26T15:19:36+00:00","og_image":[{"width":940,"height":788,"url":"https:\/\/faya.unse.edu.ar\/wp-content\/uploads\/11-reunion-consejo-directivo-faya-unse.png","type":"image\/png"}],"twitter_card":"summary_large_image","twitter_creator":"@fayaunse","twitter_site":"@fayaunse","twitter_misc":{"Escrito por":"Comunicaci\u00f3n FAyA","Tiempo de lectura":"3 minutos"},"schema":{"@context":"https:\/\/schema.org","@graph":[{"@type":"WebSite","@id":"https:\/\/faya.unse.edu.ar\/#website","url":"https:\/\/faya.unse.edu.ar\/","name":"Facultad de Agronom\u00eda y Agroindustrias UNSE | FAyA UNSE","description":"","potentialAction":[{"@type":"SearchAction","target":{"@type":"EntryPoint","urlTemplate":"https:\/\/faya.unse.edu.ar\/?s={search_term_string}"},"query-input":"required name=search_term_string"}],"inLanguage":"es-AR"},{"@type":"ImageObject","@id":"https:\/\/faya.unse.edu.ar\/index.php\/consejo-directivo-faya\/2023\/11a-reunion-ordinaria-de-consejo-directivo\/#primaryimage","inLanguage":"es-AR","url":"https:\/\/faya.unse.edu.ar\/wp-content\/uploads\/11-reunion-consejo-directivo-faya-unse.png","contentUrl":"https:\/\/faya.unse.edu.ar\/wp-content\/uploads\/11-reunion-consejo-directivo-faya-unse.png","width":940,"height":788},{"@type":"WebPage","@id":"https:\/\/faya.unse.edu.ar\/index.php\/consejo-directivo-faya\/2023\/11a-reunion-ordinaria-de-consejo-directivo\/#webpage","url":"https:\/\/faya.unse.edu.ar\/index.php\/consejo-directivo-faya\/2023\/11a-reunion-ordinaria-de-consejo-directivo\/","name":"11a REUNI\u00d3N ORDINARIA DE CONSEJO DIRECTIVO | Facultad de Agronom\u00eda y Agroindustrias UNSE | FAyA UNSE","isPartOf":{"@id":"https:\/\/faya.unse.edu.ar\/#website"},"primaryImageOfPage":{"@id":"https:\/\/faya.unse.edu.ar\/index.php\/consejo-directivo-faya\/2023\/11a-reunion-ordinaria-de-consejo-directivo\/#primaryimage"},"datePublished":"2023-08-24T21:13:00+00:00","dateModified":"2024-06-26T15:19:36+00:00","author":{"@id":"https:\/\/faya.unse.edu.ar\/#\/schema\/person\/6759100fdfd04c998461a230bc877a42"},"breadcrumb":{"@id":"https:\/\/faya.unse.edu.ar\/index.php\/consejo-directivo-faya\/2023\/11a-reunion-ordinaria-de-consejo-directivo\/#breadcrumb"},"inLanguage":"es-AR","potentialAction":[{"@type":"ReadAction","target":["https:\/\/faya.unse.edu.ar\/index.php\/consejo-directivo-faya\/2023\/11a-reunion-ordinaria-de-consejo-directivo\/"]}]},{"@type":"BreadcrumbList","@id":"https:\/\/faya.unse.edu.ar\/index.php\/consejo-directivo-faya\/2023\/11a-reunion-ordinaria-de-consejo-directivo\/#breadcrumb","itemListElement":[{"@type":"ListItem","position":1,"name":"Home","item":"https:\/\/faya.unse.edu.ar\/"},{"@type":"ListItem","position":2,"name":"11a REUNI\u00d3N ORDINARIA DE CONSEJO DIRECTIVO"}]},{"@type":"Person","@id":"https:\/\/faya.unse.edu.ar\/#\/schema\/person\/6759100fdfd04c998461a230bc877a42","name":"Comunicaci\u00f3n FAyA","url":"https:\/\/faya.unse.edu.ar\/index.php\/author\/ariel_jugo\/"}]}},"_links":{"self":[{"href":"https:\/\/faya.unse.edu.ar\/index.php\/wp-json\/wp\/v2\/posts\/31893"}],"collection":[{"href":"https:\/\/faya.unse.edu.ar\/index.php\/wp-json\/wp\/v2\/posts"}],"about":[{"href":"https:\/\/faya.unse.edu.ar\/index.php\/wp-json\/wp\/v2\/types\/post"}],"author":[{"embeddable":true,"href":"https:\/\/faya.unse.edu.ar\/index.php\/wp-json\/wp\/v2\/users\/2"}],"replies":[{"embeddable":true,"href":"https:\/\/faya.unse.edu.ar\/index.php\/wp-json\/wp\/v2\/comments?post=31893"}],"version-history":[{"count":1,"href":"https:\/\/faya.unse.edu.ar\/index.php\/wp-json\/wp\/v2\/posts\/31893\/revisions"}],"predecessor-version":[{"id":31895,"href":"https:\/\/faya.unse.edu.ar\/index.php\/wp-json\/wp\/v2\/posts\/31893\/revisions\/31895"}],"wp:featuredmedia":[{"embeddable":true,"href":"https:\/\/faya.unse.edu.ar\/index.php\/wp-json\/wp\/v2\/media\/31894"}],"wp:attachment":[{"href":"https:\/\/faya.unse.edu.ar\/index.php\/wp-json\/wp\/v2\/media?parent=31893"}],"wp:term":[{"taxonomy":"category","embeddable":true,"href":"https:\/\/faya.unse.edu.ar\/index.php\/wp-json\/wp\/v2\/categories?post=31893"},{"taxonomy":"post_tag","embeddable":true,"href":"https:\/\/faya.unse.edu.ar\/index.php\/wp-json\/wp\/v2\/tags?post=31893"}],"curies":[{"name":"wp","href":"https:\/\/api.w.org\/{rel}","templated":true}]}}