{"id":31908,"date":"2023-02-24T20:33:00","date_gmt":"2023-02-24T23:33:00","guid":{"rendered":"https:\/\/faya.unse.edu.ar\/?p=31908"},"modified":"2024-06-26T12:10:35","modified_gmt":"2024-06-26T15:10:35","slug":"1a-reunion-ordinaria-de-consejo-directivo","status":"publish","type":"post","link":"https:\/\/faya.unse.edu.ar\/index.php\/noticias\/2023\/1a-reunion-ordinaria-de-consejo-directivo\/","title":{"rendered":"1a REUNI\u00d3N ORDINARIA DE CONSEJO DIRECTIVO"},"content":{"rendered":"\n<p>FECHA: 06 de marzo de 2023<\/p>\n\n\n\n<p>HORA: 14:30<\/p>\n\n\n\n<p>LUGAR: Aula 7 FAyA<\/p>\n\n\n\n<p>ORDEN DEL DIA<\/p>\n\n\n\n<p>1. Acta de reuni\u00f3n anterior.<\/p>\n\n\n\n<p>2. Resoluciones Ad Referendum.<\/p>\n\n\n\n<p>2.1. Res. FAA N\u00b0 002\/2023: Otorga auspicio a la 4\u00b0 Algarrobeada de la Red de Guardianes del<\/p>\n\n\n\n<p>Monte de Atamisqui<\/p>\n\n\n\n<p>2.2. Res. FAA N\u00b0 018\/2023: Autoriza firma Convenio Marco de Cooperaci\u00f3n Cientifica y T\u00e9cnica<\/p>\n\n\n\n<p>con \u201cLas Quinas\u201d.<\/p>\n\n\n\n<p>2.3. Res. FAA N\u00b0 045\/2023: Renueva designaci\u00f3n del Ing. Fernando C\u00e9spedes en el cargo de<\/p>\n\n\n\n<p>Ayudante de Primera Diplomado, caracter regular<\/p>\n\n\n\n<p>3. SECRETAR\u00cdA ACAD\u00c9MICA<\/p>\n\n\n\n<p>3.1. EXPE-MGE: 0164\/2022: Dictamen de Jurado encargado de entender en el Concurso abiertoo<\/p>\n\n\n\n<p>para la cobertura de un cargo de Profesor Adjunto, DE, para la asignatura Gen\u00e9tica General<\/p>\n\n\n\n<p>(Ing. Agr.).<\/p>\n\n\n\n<p>3.2. Tr\u00e1mite_FAyA-MGE:0080\/2023: Ing. Leda Larcher eleva propuesta de Comisi\u00f3n Evaluadora<\/p>\n\n\n\n<p>encargada de entender en la Promoci\u00f3n del Lic. Enrique Biasoni por EAA al cargo de Profesor<\/p>\n\n\n\n<p>Adjunto, DE, en la asignatura F\u00edsica II (Ing. en Alimentos).<\/p>\n\n\n\n<p>3.3. Tr\u00e1mite_FAyA-MGE:0118\/2023: Dra. Sandra L. Mart\u00ednez eleva propuesta de Comisi\u00f3n<\/p>\n\n\n\n<p>Evaluadora encargada de entender en la Promoci\u00f3n de la Ing. Leda Larcher por EAA al cargo<\/p>\n\n\n\n<p>de Profesor Asociado, DE, en la asignatura Inform\u00e1tica de la carrera de Ingenier\u00eda<\/p>\n\n\n\n<p>Agron\u00f3mica.<\/p>\n\n\n\n<p>3.4. EXPE-MGE:5870\/2022 anexados EXPE-MGE:3277\/2022 y 6201\/2022 : Ing. Mar\u00eda L. Ledesma<\/p>\n\n\n\n<p>Har\u00f3n eleva impugnaci\u00f3n en contra Resoluci\u00f3n CDFAA N\u00b0 251\/2022.<\/p>\n\n\n\n<p>4. DESPACHOS DE COMISI\u00d3N<\/p>\n\n\n\n<p>4.1. Comisi\u00f3n A<\/p>\n\n\n\n<p>4.1.1. EXPE-MGE 1455\/2021: Dictamen de Jurado encargado de entender en el Concurso<\/p>\n\n\n\n<p>abierto para la cobertura del cargo de Ayudante de Primera Diplomado, DS, para la<\/p>\n\n\n\n<p>asignatura Qu\u00edmica Anal\u00edtica Ambiental (Licenciatura en Qca.).<\/p>\n\n\n\n<p>4.1.2. Dictamen de Concurso para cubrir cargo de Vicedirector T\u00e9cnico Productivo de la<\/p>\n\n\n\n<p>Escuela de Agricultura, Ganader\u00eda y Granja (EXPE-MGE: 1965\/2022).<\/p>\n\n\n\n<p>4.1.3. Tr\u00e1mite_FAyA-MGE:1287\/2022: Ing. Mercedes Paz y Dra. Sandra Mart\u00ednez elevan<\/p>\n\n\n\n<p>propuesta de perfil e integraci\u00f3n de Jurado para Concurso Regular Abierto de un<\/p>\n\n\n\n<p>cargo de Ayudante de Primera Diplomado DS en la asignatura Biotecnolog\u00eda de Ing.<\/p>\n\n\n\n<p>en Alimentos.<\/p>\n\n\n\n<p>4.1.4. Tr\u00e1mite_FAyA-MGE:1282\/2022: Ing. Mar\u00eda M. Paz y Dra. Sandra L. Mart\u00ednez elevan<\/p>\n\n\n\n<p>propuesta de perfil e integraci\u00f3n de Jurado para Concurso Regular Abierto de un<\/p>\n\n\n\n<p>cargo de Ayudante de Primera Diplomado DSE en la asignatura Operaciones<\/p>\n\n\n\n<p>Unitarias II de Ing. en Alimentos.<\/p>\n\n\n\n<p>4.2. Comisi\u00f3n C<\/p>\n\n\n\n<p>4.2.1. Tr\u00e1mite FAyA_MGE:1298\/2022: Dra. Espeche solicita revisi\u00f3n de la Res. CDFAA N\u00b0<\/p>\n\n\n\n<p>107\/2022.<\/p>\n\n\n\n<p>4.2.2. An\u00e1lisis parcial de Res. CDFAA N\u00b0 083\/2022 sobre Estructura Funcional de la<\/p>\n\n\n\n<p>FAyA.<\/p>\n\n\n\n<p>OTROS<\/p>\n\n\n\n<p>4. DESPACHOS DE COMISI\u00d3N<\/p>\n\n\n\n<p>4.1. Comisi\u00f3n A<\/p>\n\n\n\n<p>4.1.5. Tr\u00e1mite _FAyA-MGE: 12\/1\/2022: Ing. Leda Larcher eleva n\u00f3mina de profesionales<\/p>\n\n\n\n<p>que integran la Comisi\u00f3n Evaluadora para la promoci\u00f3n por EAA del Lic. Ismael<\/p>\n\n\n\n<p>G\u00f3mez al cargo de Profesor Titular, DE.<\/p>\n\n\n\n<p>4.3. Comisi\u00f3n B<\/p>\n\n\n\n<p>4.3.1. Dictamen de Comisi\u00f3n Evaluadora encargada de entender en la Promoci\u00f3n por EAA<\/p>\n\n\n\n<p>del Ing. Guido A. Larcher al cargo de Profesor Asociado, DSE, para la asignatura<\/p>\n\n\n\n<p>Sistemas de Representaci\u00f3n Gr\u00e1fica de la carrera de Ing. en Alimentos.<\/p>\n\n\n\n<p>4.3.2. Tr\u00e1mite_FAyA-MGE: 1121\/2022: Ing. Ledda Larcher eleva Comisi\u00f3n Evaluadora<\/p>\n\n\n\n<p>para la promoci\u00f3n del Ing. Montenegro en el cargo de Profesor Asociado, DS, para<\/p>\n\n\n\n<p>la asignatura F\u00edsica II (Prof. y Lic. en Qca, Ing. Alimentos).<\/p>\n\n\n\n<p>4.3.3. EXPE-MGE:5871\/2022: Dr. Jos\u00e9 E. Galiano y Otros solicitan reconsideraci\u00f3n de<\/p>\n\n\n\n<p>Res. CDFAA N\u00b0 240\/2022.<\/p>\n","protected":false},"excerpt":{"rendered":"<p>FECHA: 06 de marzo de 2023 HORA: 14:30 LUGAR: Aula 7 FAyA ORDEN DEL DIA 1. Acta de reuni\u00f3n anterior. 2. Resoluciones Ad Referendum. 2.1. Res. FAA N\u00b0 002\/2023: Otorga auspicio a la 4\u00b0 Algarrobeada de la Red de Guardianes del Monte de Atamisqui 2.2&#8230;.<\/p>\n","protected":false},"author":2,"featured_media":31909,"comment_status":"closed","ping_status":"closed","sticky":false,"template":"","format":"standard","meta":{"_mi_skip_tracking":false},"categories":[200,5,193],"tags":[],"yoast_head":"<!-- This site is optimized with the Yoast SEO plugin v17.7.1 - https:\/\/yoast.com\/wordpress\/plugins\/seo\/ -->\n<meta name=\"robots\" content=\"index, follow, max-snippet:-1, max-image-preview:large, max-video-preview:-1\" \/>\n<link rel=\"canonical\" href=\"https:\/\/faya.unse.edu.ar\/index.php\/noticias\/2023\/1a-reunion-ordinaria-de-consejo-directivo\/\" \/>\n<meta property=\"og:locale\" content=\"es_ES\" \/>\n<meta property=\"og:type\" content=\"article\" \/>\n<meta property=\"og:title\" content=\"1a REUNI\u00d3N ORDINARIA DE CONSEJO DIRECTIVO | Facultad de Agronom\u00eda y Agroindustrias UNSE | FAyA UNSE\" \/>\n<meta property=\"og:description\" content=\"FECHA: 06 de marzo de 2023 HORA: 14:30 LUGAR: Aula 7 FAyA ORDEN DEL DIA 1. Acta de reuni\u00f3n anterior. 2. Resoluciones Ad Referendum. 2.1. Res. FAA N\u00b0 002\/2023: Otorga auspicio a la 4\u00b0 Algarrobeada de la Red de Guardianes del Monte de Atamisqui 2.2....\" \/>\n<meta property=\"og:url\" content=\"https:\/\/faya.unse.edu.ar\/index.php\/noticias\/2023\/1a-reunion-ordinaria-de-consejo-directivo\/\" \/>\n<meta property=\"og:site_name\" content=\"Facultad de Agronom\u00eda y Agroindustrias UNSE | FAyA UNSE\" \/>\n<meta property=\"article:publisher\" content=\"https:\/\/www.facebook.com\/agroUNSE\/\" \/>\n<meta property=\"article:published_time\" content=\"2023-02-24T23:33:00+00:00\" \/>\n<meta property=\"article:modified_time\" content=\"2024-06-26T15:10:35+00:00\" \/>\n<meta property=\"og:image\" content=\"https:\/\/faya.unse.edu.ar\/wp-content\/uploads\/1-reunion-consejo-directivo-faya-unse.png\" \/>\n\t<meta property=\"og:image:width\" content=\"940\" \/>\n\t<meta property=\"og:image:height\" content=\"788\" \/>\n<meta name=\"twitter:card\" content=\"summary_large_image\" \/>\n<meta name=\"twitter:creator\" content=\"@fayaunse\" \/>\n<meta name=\"twitter:site\" content=\"@fayaunse\" \/>\n<meta name=\"twitter:label1\" content=\"Escrito por\" \/>\n\t<meta name=\"twitter:data1\" content=\"Comunicaci\u00f3n FAyA\" \/>\n\t<meta name=\"twitter:label2\" content=\"Tiempo de lectura\" \/>\n\t<meta name=\"twitter:data2\" content=\"3 minutos\" \/>\n<script type=\"application\/ld+json\" class=\"yoast-schema-graph\">{\"@context\":\"https:\/\/schema.org\",\"@graph\":[{\"@type\":\"WebSite\",\"@id\":\"https:\/\/faya.unse.edu.ar\/#website\",\"url\":\"https:\/\/faya.unse.edu.ar\/\",\"name\":\"Facultad de Agronom\\u00eda y Agroindustrias UNSE | FAyA UNSE\",\"description\":\"\",\"potentialAction\":[{\"@type\":\"SearchAction\",\"target\":{\"@type\":\"EntryPoint\",\"urlTemplate\":\"https:\/\/faya.unse.edu.ar\/?s={search_term_string}\"},\"query-input\":\"required name=search_term_string\"}],\"inLanguage\":\"es-AR\"},{\"@type\":\"ImageObject\",\"@id\":\"https:\/\/faya.unse.edu.ar\/index.php\/noticias\/2023\/1a-reunion-ordinaria-de-consejo-directivo\/#primaryimage\",\"inLanguage\":\"es-AR\",\"url\":\"https:\/\/faya.unse.edu.ar\/wp-content\/uploads\/1-reunion-consejo-directivo-faya-unse.png\",\"contentUrl\":\"https:\/\/faya.unse.edu.ar\/wp-content\/uploads\/1-reunion-consejo-directivo-faya-unse.png\",\"width\":940,\"height\":788},{\"@type\":\"WebPage\",\"@id\":\"https:\/\/faya.unse.edu.ar\/index.php\/noticias\/2023\/1a-reunion-ordinaria-de-consejo-directivo\/#webpage\",\"url\":\"https:\/\/faya.unse.edu.ar\/index.php\/noticias\/2023\/1a-reunion-ordinaria-de-consejo-directivo\/\",\"name\":\"1a REUNI\\u00d3N ORDINARIA DE CONSEJO DIRECTIVO | Facultad de Agronom\\u00eda y Agroindustrias UNSE | FAyA UNSE\",\"isPartOf\":{\"@id\":\"https:\/\/faya.unse.edu.ar\/#website\"},\"primaryImageOfPage\":{\"@id\":\"https:\/\/faya.unse.edu.ar\/index.php\/noticias\/2023\/1a-reunion-ordinaria-de-consejo-directivo\/#primaryimage\"},\"datePublished\":\"2023-02-24T23:33:00+00:00\",\"dateModified\":\"2024-06-26T15:10:35+00:00\",\"author\":{\"@id\":\"https:\/\/faya.unse.edu.ar\/#\/schema\/person\/6759100fdfd04c998461a230bc877a42\"},\"breadcrumb\":{\"@id\":\"https:\/\/faya.unse.edu.ar\/index.php\/noticias\/2023\/1a-reunion-ordinaria-de-consejo-directivo\/#breadcrumb\"},\"inLanguage\":\"es-AR\",\"potentialAction\":[{\"@type\":\"ReadAction\",\"target\":[\"https:\/\/faya.unse.edu.ar\/index.php\/noticias\/2023\/1a-reunion-ordinaria-de-consejo-directivo\/\"]}]},{\"@type\":\"BreadcrumbList\",\"@id\":\"https:\/\/faya.unse.edu.ar\/index.php\/noticias\/2023\/1a-reunion-ordinaria-de-consejo-directivo\/#breadcrumb\",\"itemListElement\":[{\"@type\":\"ListItem\",\"position\":1,\"name\":\"Home\",\"item\":\"https:\/\/faya.unse.edu.ar\/\"},{\"@type\":\"ListItem\",\"position\":2,\"name\":\"1a REUNI\\u00d3N ORDINARIA DE CONSEJO DIRECTIVO\"}]},{\"@type\":\"Person\",\"@id\":\"https:\/\/faya.unse.edu.ar\/#\/schema\/person\/6759100fdfd04c998461a230bc877a42\",\"name\":\"Comunicaci\\u00f3n FAyA\",\"url\":\"https:\/\/faya.unse.edu.ar\/index.php\/author\/ariel_jugo\/\"}]}<\/script>\n<!-- \/ Yoast SEO plugin. -->","yoast_head_json":{"robots":{"index":"index","follow":"follow","max-snippet":"max-snippet:-1","max-image-preview":"max-image-preview:large","max-video-preview":"max-video-preview:-1"},"canonical":"https:\/\/faya.unse.edu.ar\/index.php\/noticias\/2023\/1a-reunion-ordinaria-de-consejo-directivo\/","og_locale":"es_ES","og_type":"article","og_title":"1a REUNI\u00d3N ORDINARIA DE CONSEJO DIRECTIVO | Facultad de Agronom\u00eda y Agroindustrias UNSE | FAyA UNSE","og_description":"FECHA: 06 de marzo de 2023 HORA: 14:30 LUGAR: Aula 7 FAyA ORDEN DEL DIA 1. Acta de reuni\u00f3n anterior. 2. Resoluciones Ad Referendum. 2.1. Res. FAA N\u00b0 002\/2023: Otorga auspicio a la 4\u00b0 Algarrobeada de la Red de Guardianes del Monte de Atamisqui 2.2....","og_url":"https:\/\/faya.unse.edu.ar\/index.php\/noticias\/2023\/1a-reunion-ordinaria-de-consejo-directivo\/","og_site_name":"Facultad de Agronom\u00eda y Agroindustrias UNSE | FAyA UNSE","article_publisher":"https:\/\/www.facebook.com\/agroUNSE\/","article_published_time":"2023-02-24T23:33:00+00:00","article_modified_time":"2024-06-26T15:10:35+00:00","og_image":[{"width":940,"height":788,"url":"https:\/\/faya.unse.edu.ar\/wp-content\/uploads\/1-reunion-consejo-directivo-faya-unse.png","type":"image\/png"}],"twitter_card":"summary_large_image","twitter_creator":"@fayaunse","twitter_site":"@fayaunse","twitter_misc":{"Escrito por":"Comunicaci\u00f3n FAyA","Tiempo de lectura":"3 minutos"},"schema":{"@context":"https:\/\/schema.org","@graph":[{"@type":"WebSite","@id":"https:\/\/faya.unse.edu.ar\/#website","url":"https:\/\/faya.unse.edu.ar\/","name":"Facultad de Agronom\u00eda y Agroindustrias UNSE | FAyA UNSE","description":"","potentialAction":[{"@type":"SearchAction","target":{"@type":"EntryPoint","urlTemplate":"https:\/\/faya.unse.edu.ar\/?s={search_term_string}"},"query-input":"required name=search_term_string"}],"inLanguage":"es-AR"},{"@type":"ImageObject","@id":"https:\/\/faya.unse.edu.ar\/index.php\/noticias\/2023\/1a-reunion-ordinaria-de-consejo-directivo\/#primaryimage","inLanguage":"es-AR","url":"https:\/\/faya.unse.edu.ar\/wp-content\/uploads\/1-reunion-consejo-directivo-faya-unse.png","contentUrl":"https:\/\/faya.unse.edu.ar\/wp-content\/uploads\/1-reunion-consejo-directivo-faya-unse.png","width":940,"height":788},{"@type":"WebPage","@id":"https:\/\/faya.unse.edu.ar\/index.php\/noticias\/2023\/1a-reunion-ordinaria-de-consejo-directivo\/#webpage","url":"https:\/\/faya.unse.edu.ar\/index.php\/noticias\/2023\/1a-reunion-ordinaria-de-consejo-directivo\/","name":"1a REUNI\u00d3N ORDINARIA DE CONSEJO DIRECTIVO | Facultad de Agronom\u00eda y Agroindustrias UNSE | FAyA UNSE","isPartOf":{"@id":"https:\/\/faya.unse.edu.ar\/#website"},"primaryImageOfPage":{"@id":"https:\/\/faya.unse.edu.ar\/index.php\/noticias\/2023\/1a-reunion-ordinaria-de-consejo-directivo\/#primaryimage"},"datePublished":"2023-02-24T23:33:00+00:00","dateModified":"2024-06-26T15:10:35+00:00","author":{"@id":"https:\/\/faya.unse.edu.ar\/#\/schema\/person\/6759100fdfd04c998461a230bc877a42"},"breadcrumb":{"@id":"https:\/\/faya.unse.edu.ar\/index.php\/noticias\/2023\/1a-reunion-ordinaria-de-consejo-directivo\/#breadcrumb"},"inLanguage":"es-AR","potentialAction":[{"@type":"ReadAction","target":["https:\/\/faya.unse.edu.ar\/index.php\/noticias\/2023\/1a-reunion-ordinaria-de-consejo-directivo\/"]}]},{"@type":"BreadcrumbList","@id":"https:\/\/faya.unse.edu.ar\/index.php\/noticias\/2023\/1a-reunion-ordinaria-de-consejo-directivo\/#breadcrumb","itemListElement":[{"@type":"ListItem","position":1,"name":"Home","item":"https:\/\/faya.unse.edu.ar\/"},{"@type":"ListItem","position":2,"name":"1a REUNI\u00d3N ORDINARIA DE CONSEJO DIRECTIVO"}]},{"@type":"Person","@id":"https:\/\/faya.unse.edu.ar\/#\/schema\/person\/6759100fdfd04c998461a230bc877a42","name":"Comunicaci\u00f3n FAyA","url":"https:\/\/faya.unse.edu.ar\/index.php\/author\/ariel_jugo\/"}]}},"_links":{"self":[{"href":"https:\/\/faya.unse.edu.ar\/index.php\/wp-json\/wp\/v2\/posts\/31908"}],"collection":[{"href":"https:\/\/faya.unse.edu.ar\/index.php\/wp-json\/wp\/v2\/posts"}],"about":[{"href":"https:\/\/faya.unse.edu.ar\/index.php\/wp-json\/wp\/v2\/types\/post"}],"author":[{"embeddable":true,"href":"https:\/\/faya.unse.edu.ar\/index.php\/wp-json\/wp\/v2\/users\/2"}],"replies":[{"embeddable":true,"href":"https:\/\/faya.unse.edu.ar\/index.php\/wp-json\/wp\/v2\/comments?post=31908"}],"version-history":[{"count":1,"href":"https:\/\/faya.unse.edu.ar\/index.php\/wp-json\/wp\/v2\/posts\/31908\/revisions"}],"predecessor-version":[{"id":31910,"href":"https:\/\/faya.unse.edu.ar\/index.php\/wp-json\/wp\/v2\/posts\/31908\/revisions\/31910"}],"wp:featuredmedia":[{"embeddable":true,"href":"https:\/\/faya.unse.edu.ar\/index.php\/wp-json\/wp\/v2\/media\/31909"}],"wp:attachment":[{"href":"https:\/\/faya.unse.edu.ar\/index.php\/wp-json\/wp\/v2\/media?parent=31908"}],"wp:term":[{"taxonomy":"category","embeddable":true,"href":"https:\/\/faya.unse.edu.ar\/index.php\/wp-json\/wp\/v2\/categories?post=31908"},{"taxonomy":"post_tag","embeddable":true,"href":"https:\/\/faya.unse.edu.ar\/index.php\/wp-json\/wp\/v2\/tags?post=31908"}],"curies":[{"name":"wp","href":"https:\/\/api.w.org\/{rel}","templated":true}]}}