{"id":33203,"date":"2024-08-26T09:46:57","date_gmt":"2024-08-26T12:46:57","guid":{"rendered":"https:\/\/faya.unse.edu.ar\/?p=33203"},"modified":"2024-08-26T13:09:34","modified_gmt":"2024-08-26T16:09:34","slug":"firma-de-convenio-con-el-banco-de-alimentos-de-santiago-del-estero","status":"publish","type":"post","link":"https:\/\/faya.unse.edu.ar\/index.php\/noticias\/2024\/firma-de-convenio-con-el-banco-de-alimentos-de-santiago-del-estero\/","title":{"rendered":"FIRMA DE CONVENIO CON EL BANCO DE ALIMENTOS DE SANTIAGO DEL ESTERO"},"content":{"rendered":"\n<div class=\"wp-block-image\"><figure class=\"alignleft size-medium\"><img loading=\"lazy\" width=\"300\" height=\"225\" src=\"https:\/\/faya.unse.edu.ar\/wp-content\/uploads\/IMG_7706-300x225.jpg\" alt=\"\" class=\"wp-image-33205\" srcset=\"https:\/\/faya.unse.edu.ar\/wp-content\/uploads\/IMG_7706-300x225.jpg 300w, https:\/\/faya.unse.edu.ar\/wp-content\/uploads\/IMG_7706-1024x768.jpg 1024w, https:\/\/faya.unse.edu.ar\/wp-content\/uploads\/IMG_7706-768x576.jpg 768w, https:\/\/faya.unse.edu.ar\/wp-content\/uploads\/IMG_7706-1536x1152.jpg 1536w, https:\/\/faya.unse.edu.ar\/wp-content\/uploads\/IMG_7706-2048x1536.jpg 2048w, https:\/\/faya.unse.edu.ar\/wp-content\/uploads\/IMG_7706-800x600.jpg 800w, https:\/\/faya.unse.edu.ar\/wp-content\/uploads\/IMG_7706-700x525.jpg 700w\" sizes=\"(max-width: 300px) 100vw, 300px\" \/><\/figure><\/div>\n\n\n\n<p><\/p>\n\n\n\n<p>La Facultad de Agronom\u00eda y Agroindustrias renov\u00f3 el convenio con la <strong><strong>Fundaci\u00f3n Banco de Alimentos<\/strong><em> <\/em>de Santiago del Estero<\/strong>, a partir del cual de com\u00fan acuerdo se podr\u00e1n realizar asistencia vinculada en materia de Capacitaci\u00f3n de Recursos Humanos, Asesoramiento, Servicios T\u00e9cnicos, Pr\u00e1cticas de Alumnos, Ensayos, Servicios T\u00e9cnicos. Asimismo se podr\u00e1 prestar colaboraci\u00f3n en la presentaci\u00f3n de proyectos.<\/p>\n\n\n\n<p>Rubricaron este convenio la decana Dra. Myriam Villarreal, en representaci\u00f3n de la Facultad de Agronom\u00eda y Agroindustrias, y el Sr. Miguel \u00c1ngel Siufi, presidente del Banco de Alimentos. Acompa\u00f1aron tambi\u00e9n la vicedecana de la FAyA, Dra. Judith Ochoa, el docente de la carrera de Ing. Agron\u00f3mica, Ing. Ariel Su\u00e1rez, y la Lic. Andrea Ferrou, colaboradora en el \u00e1rea de Vinculaci\u00f3n&nbsp;del&nbsp;BASE.<\/p>\n","protected":false},"excerpt":{"rendered":"<p>La Facultad de Agronom\u00eda y Agroindustrias renov\u00f3 el convenio con la Fundaci\u00f3n Banco de Alimentos de Santiago del Estero, a partir del cual de com\u00fan acuerdo se podr\u00e1n realizar asistencia vinculada en materia de Capacitaci\u00f3n de Recursos Humanos, Asesoramiento, Servicios T\u00e9cnicos, Pr\u00e1cticas de Alumnos, Ensayos,&#8230;<\/p>\n","protected":false},"author":5,"featured_media":33204,"comment_status":"closed","ping_status":"closed","sticky":false,"template":"","format":"standard","meta":{"_mi_skip_tracking":false},"categories":[194,5,160],"tags":[],"yoast_head":"<!-- This site is optimized with the Yoast SEO plugin v17.7.1 - https:\/\/yoast.com\/wordpress\/plugins\/seo\/ -->\n<meta name=\"robots\" content=\"index, follow, max-snippet:-1, max-image-preview:large, max-video-preview:-1\" \/>\n<link rel=\"canonical\" href=\"https:\/\/faya.unse.edu.ar\/index.php\/noticias\/2024\/firma-de-convenio-con-el-banco-de-alimentos-de-santiago-del-estero\/\" \/>\n<meta property=\"og:locale\" content=\"es_ES\" \/>\n<meta property=\"og:type\" content=\"article\" \/>\n<meta property=\"og:title\" content=\"FIRMA DE CONVENIO CON EL BANCO DE ALIMENTOS DE SANTIAGO DEL ESTERO | Facultad de Agronom\u00eda y Agroindustrias UNSE | FAyA UNSE\" \/>\n<meta property=\"og:description\" content=\"La Facultad de Agronom\u00eda y Agroindustrias renov\u00f3 el convenio con la Fundaci\u00f3n Banco de Alimentos de Santiago del Estero, a partir del cual de com\u00fan acuerdo se podr\u00e1n realizar asistencia vinculada en materia de Capacitaci\u00f3n de Recursos Humanos, Asesoramiento, Servicios T\u00e9cnicos, Pr\u00e1cticas de Alumnos, Ensayos,...\" \/>\n<meta property=\"og:url\" content=\"https:\/\/faya.unse.edu.ar\/index.php\/noticias\/2024\/firma-de-convenio-con-el-banco-de-alimentos-de-santiago-del-estero\/\" \/>\n<meta property=\"og:site_name\" content=\"Facultad de Agronom\u00eda y Agroindustrias UNSE | FAyA UNSE\" \/>\n<meta property=\"article:publisher\" content=\"https:\/\/www.facebook.com\/agroUNSE\/\" \/>\n<meta property=\"article:published_time\" content=\"2024-08-26T12:46:57+00:00\" \/>\n<meta property=\"article:modified_time\" content=\"2024-08-26T16:09:34+00:00\" \/>\n<meta property=\"og:image\" content=\"https:\/\/faya.unse.edu.ar\/wp-content\/uploads\/IMG_7712-scaled.jpg\" \/>\n\t<meta property=\"og:image:width\" content=\"2560\" \/>\n\t<meta property=\"og:image:height\" content=\"1920\" \/>\n<meta name=\"twitter:card\" content=\"summary_large_image\" \/>\n<meta name=\"twitter:creator\" content=\"@fayaunse\" \/>\n<meta name=\"twitter:site\" content=\"@fayaunse\" \/>\n<meta name=\"twitter:label1\" content=\"Escrito por\" \/>\n\t<meta name=\"twitter:data1\" content=\"Comunicaci\u00f3n FAyA-UNSE\" \/>\n\t<meta name=\"twitter:label2\" content=\"Tiempo de lectura\" \/>\n\t<meta name=\"twitter:data2\" content=\"1 minuto\" \/>\n<script type=\"application\/ld+json\" class=\"yoast-schema-graph\">{\"@context\":\"https:\/\/schema.org\",\"@graph\":[{\"@type\":\"WebSite\",\"@id\":\"https:\/\/faya.unse.edu.ar\/#website\",\"url\":\"https:\/\/faya.unse.edu.ar\/\",\"name\":\"Facultad de Agronom\\u00eda y Agroindustrias UNSE | FAyA UNSE\",\"description\":\"\",\"potentialAction\":[{\"@type\":\"SearchAction\",\"target\":{\"@type\":\"EntryPoint\",\"urlTemplate\":\"https:\/\/faya.unse.edu.ar\/?s={search_term_string}\"},\"query-input\":\"required name=search_term_string\"}],\"inLanguage\":\"es-AR\"},{\"@type\":\"ImageObject\",\"@id\":\"https:\/\/faya.unse.edu.ar\/index.php\/noticias\/2024\/firma-de-convenio-con-el-banco-de-alimentos-de-santiago-del-estero\/#primaryimage\",\"inLanguage\":\"es-AR\",\"url\":\"https:\/\/faya.unse.edu.ar\/wp-content\/uploads\/IMG_7712-scaled.jpg\",\"contentUrl\":\"https:\/\/faya.unse.edu.ar\/wp-content\/uploads\/IMG_7712-scaled.jpg\",\"width\":2560,\"height\":1920},{\"@type\":\"WebPage\",\"@id\":\"https:\/\/faya.unse.edu.ar\/index.php\/noticias\/2024\/firma-de-convenio-con-el-banco-de-alimentos-de-santiago-del-estero\/#webpage\",\"url\":\"https:\/\/faya.unse.edu.ar\/index.php\/noticias\/2024\/firma-de-convenio-con-el-banco-de-alimentos-de-santiago-del-estero\/\",\"name\":\"FIRMA DE CONVENIO CON EL BANCO DE ALIMENTOS DE SANTIAGO DEL ESTERO | Facultad de Agronom\\u00eda y Agroindustrias UNSE | FAyA UNSE\",\"isPartOf\":{\"@id\":\"https:\/\/faya.unse.edu.ar\/#website\"},\"primaryImageOfPage\":{\"@id\":\"https:\/\/faya.unse.edu.ar\/index.php\/noticias\/2024\/firma-de-convenio-con-el-banco-de-alimentos-de-santiago-del-estero\/#primaryimage\"},\"datePublished\":\"2024-08-26T12:46:57+00:00\",\"dateModified\":\"2024-08-26T16:09:34+00:00\",\"author\":{\"@id\":\"https:\/\/faya.unse.edu.ar\/#\/schema\/person\/6c3c11fbb65d413b2f687368ab071449\"},\"breadcrumb\":{\"@id\":\"https:\/\/faya.unse.edu.ar\/index.php\/noticias\/2024\/firma-de-convenio-con-el-banco-de-alimentos-de-santiago-del-estero\/#breadcrumb\"},\"inLanguage\":\"es-AR\",\"potentialAction\":[{\"@type\":\"ReadAction\",\"target\":[\"https:\/\/faya.unse.edu.ar\/index.php\/noticias\/2024\/firma-de-convenio-con-el-banco-de-alimentos-de-santiago-del-estero\/\"]}]},{\"@type\":\"BreadcrumbList\",\"@id\":\"https:\/\/faya.unse.edu.ar\/index.php\/noticias\/2024\/firma-de-convenio-con-el-banco-de-alimentos-de-santiago-del-estero\/#breadcrumb\",\"itemListElement\":[{\"@type\":\"ListItem\",\"position\":1,\"name\":\"Home\",\"item\":\"https:\/\/faya.unse.edu.ar\/\"},{\"@type\":\"ListItem\",\"position\":2,\"name\":\"FIRMA DE CONVENIO CON EL BANCO DE ALIMENTOS DE SANTIAGO DEL ESTERO\"}]},{\"@type\":\"Person\",\"@id\":\"https:\/\/faya.unse.edu.ar\/#\/schema\/person\/6c3c11fbb65d413b2f687368ab071449\",\"name\":\"Comunicaci\\u00f3n FAyA-UNSE\",\"url\":\"https:\/\/faya.unse.edu.ar\/index.php\/author\/solroman\/\"}]}<\/script>\n<!-- \/ Yoast SEO plugin. -->","yoast_head_json":{"robots":{"index":"index","follow":"follow","max-snippet":"max-snippet:-1","max-image-preview":"max-image-preview:large","max-video-preview":"max-video-preview:-1"},"canonical":"https:\/\/faya.unse.edu.ar\/index.php\/noticias\/2024\/firma-de-convenio-con-el-banco-de-alimentos-de-santiago-del-estero\/","og_locale":"es_ES","og_type":"article","og_title":"FIRMA DE CONVENIO CON EL BANCO DE ALIMENTOS DE SANTIAGO DEL ESTERO | Facultad de Agronom\u00eda y Agroindustrias UNSE | FAyA UNSE","og_description":"La Facultad de Agronom\u00eda y Agroindustrias renov\u00f3 el convenio con la Fundaci\u00f3n Banco de Alimentos de Santiago del Estero, a partir del cual de com\u00fan acuerdo se podr\u00e1n realizar asistencia vinculada en materia de Capacitaci\u00f3n de Recursos Humanos, Asesoramiento, Servicios T\u00e9cnicos, Pr\u00e1cticas de Alumnos, Ensayos,...","og_url":"https:\/\/faya.unse.edu.ar\/index.php\/noticias\/2024\/firma-de-convenio-con-el-banco-de-alimentos-de-santiago-del-estero\/","og_site_name":"Facultad de Agronom\u00eda y Agroindustrias UNSE | FAyA UNSE","article_publisher":"https:\/\/www.facebook.com\/agroUNSE\/","article_published_time":"2024-08-26T12:46:57+00:00","article_modified_time":"2024-08-26T16:09:34+00:00","og_image":[{"width":2560,"height":1920,"url":"https:\/\/faya.unse.edu.ar\/wp-content\/uploads\/IMG_7712-scaled.jpg","type":"image\/jpeg"}],"twitter_card":"summary_large_image","twitter_creator":"@fayaunse","twitter_site":"@fayaunse","twitter_misc":{"Escrito por":"Comunicaci\u00f3n FAyA-UNSE","Tiempo de lectura":"1 minuto"},"schema":{"@context":"https:\/\/schema.org","@graph":[{"@type":"WebSite","@id":"https:\/\/faya.unse.edu.ar\/#website","url":"https:\/\/faya.unse.edu.ar\/","name":"Facultad de Agronom\u00eda y Agroindustrias UNSE | FAyA UNSE","description":"","potentialAction":[{"@type":"SearchAction","target":{"@type":"EntryPoint","urlTemplate":"https:\/\/faya.unse.edu.ar\/?s={search_term_string}"},"query-input":"required name=search_term_string"}],"inLanguage":"es-AR"},{"@type":"ImageObject","@id":"https:\/\/faya.unse.edu.ar\/index.php\/noticias\/2024\/firma-de-convenio-con-el-banco-de-alimentos-de-santiago-del-estero\/#primaryimage","inLanguage":"es-AR","url":"https:\/\/faya.unse.edu.ar\/wp-content\/uploads\/IMG_7712-scaled.jpg","contentUrl":"https:\/\/faya.unse.edu.ar\/wp-content\/uploads\/IMG_7712-scaled.jpg","width":2560,"height":1920},{"@type":"WebPage","@id":"https:\/\/faya.unse.edu.ar\/index.php\/noticias\/2024\/firma-de-convenio-con-el-banco-de-alimentos-de-santiago-del-estero\/#webpage","url":"https:\/\/faya.unse.edu.ar\/index.php\/noticias\/2024\/firma-de-convenio-con-el-banco-de-alimentos-de-santiago-del-estero\/","name":"FIRMA DE CONVENIO CON EL BANCO DE ALIMENTOS DE SANTIAGO DEL ESTERO | Facultad de Agronom\u00eda y Agroindustrias UNSE | FAyA UNSE","isPartOf":{"@id":"https:\/\/faya.unse.edu.ar\/#website"},"primaryImageOfPage":{"@id":"https:\/\/faya.unse.edu.ar\/index.php\/noticias\/2024\/firma-de-convenio-con-el-banco-de-alimentos-de-santiago-del-estero\/#primaryimage"},"datePublished":"2024-08-26T12:46:57+00:00","dateModified":"2024-08-26T16:09:34+00:00","author":{"@id":"https:\/\/faya.unse.edu.ar\/#\/schema\/person\/6c3c11fbb65d413b2f687368ab071449"},"breadcrumb":{"@id":"https:\/\/faya.unse.edu.ar\/index.php\/noticias\/2024\/firma-de-convenio-con-el-banco-de-alimentos-de-santiago-del-estero\/#breadcrumb"},"inLanguage":"es-AR","potentialAction":[{"@type":"ReadAction","target":["https:\/\/faya.unse.edu.ar\/index.php\/noticias\/2024\/firma-de-convenio-con-el-banco-de-alimentos-de-santiago-del-estero\/"]}]},{"@type":"BreadcrumbList","@id":"https:\/\/faya.unse.edu.ar\/index.php\/noticias\/2024\/firma-de-convenio-con-el-banco-de-alimentos-de-santiago-del-estero\/#breadcrumb","itemListElement":[{"@type":"ListItem","position":1,"name":"Home","item":"https:\/\/faya.unse.edu.ar\/"},{"@type":"ListItem","position":2,"name":"FIRMA DE CONVENIO CON EL BANCO DE ALIMENTOS DE SANTIAGO DEL ESTERO"}]},{"@type":"Person","@id":"https:\/\/faya.unse.edu.ar\/#\/schema\/person\/6c3c11fbb65d413b2f687368ab071449","name":"Comunicaci\u00f3n FAyA-UNSE","url":"https:\/\/faya.unse.edu.ar\/index.php\/author\/solroman\/"}]}},"_links":{"self":[{"href":"https:\/\/faya.unse.edu.ar\/index.php\/wp-json\/wp\/v2\/posts\/33203"}],"collection":[{"href":"https:\/\/faya.unse.edu.ar\/index.php\/wp-json\/wp\/v2\/posts"}],"about":[{"href":"https:\/\/faya.unse.edu.ar\/index.php\/wp-json\/wp\/v2\/types\/post"}],"author":[{"embeddable":true,"href":"https:\/\/faya.unse.edu.ar\/index.php\/wp-json\/wp\/v2\/users\/5"}],"replies":[{"embeddable":true,"href":"https:\/\/faya.unse.edu.ar\/index.php\/wp-json\/wp\/v2\/comments?post=33203"}],"version-history":[{"count":2,"href":"https:\/\/faya.unse.edu.ar\/index.php\/wp-json\/wp\/v2\/posts\/33203\/revisions"}],"predecessor-version":[{"id":33216,"href":"https:\/\/faya.unse.edu.ar\/index.php\/wp-json\/wp\/v2\/posts\/33203\/revisions\/33216"}],"wp:featuredmedia":[{"embeddable":true,"href":"https:\/\/faya.unse.edu.ar\/index.php\/wp-json\/wp\/v2\/media\/33204"}],"wp:attachment":[{"href":"https:\/\/faya.unse.edu.ar\/index.php\/wp-json\/wp\/v2\/media?parent=33203"}],"wp:term":[{"taxonomy":"category","embeddable":true,"href":"https:\/\/faya.unse.edu.ar\/index.php\/wp-json\/wp\/v2\/categories?post=33203"},{"taxonomy":"post_tag","embeddable":true,"href":"https:\/\/faya.unse.edu.ar\/index.php\/wp-json\/wp\/v2\/tags?post=33203"}],"curies":[{"name":"wp","href":"https:\/\/api.w.org\/{rel}","templated":true}]}}