{"id":35325,"date":"2025-10-17T10:43:17","date_gmt":"2025-10-17T13:43:17","guid":{"rendered":"https:\/\/faya.unse.edu.ar\/?p=35325"},"modified":"2025-10-17T10:43:18","modified_gmt":"2025-10-17T13:43:18","slug":"exposicion-inteligencia-artificial-para-la-innovacion-alimentaria","status":"publish","type":"post","link":"https:\/\/faya.unse.edu.ar\/index.php\/noticias\/2025\/exposicion-inteligencia-artificial-para-la-innovacion-alimentaria\/","title":{"rendered":"EXPOSICI\u00d3N &#8220;INTELIGENCIA ARTIFICIAL PARA LA INNOVACI\u00d3N ALIMENTARIA&#8221;"},"content":{"rendered":"\n<p>En el marco de la <strong>Semana de la Alimentaci\u00f3n<\/strong><\/p>\n\n\n\n<ul><li><img loading=\"lazy\" height=\"16\" width=\"16\" alt=\"\ud83d\udcc6\" src=\"https:\/\/static.xx.fbcdn.net\/images\/emoji.php\/v9\/tff\/1\/16\/1f4c6.png\"> mi\u00e9rcoles 22 de octubre<\/li><li><img loading=\"lazy\" height=\"16\" width=\"16\" alt=\"\ud83d\udd5b\" src=\"https:\/\/static.xx.fbcdn.net\/images\/emoji.php\/v9\/tda\/1\/16\/1f55b.png\"> 18:00 h<\/li><li><img loading=\"lazy\" height=\"16\" width=\"16\" alt=\"\ud83d\udccd\" src=\"https:\/\/static.xx.fbcdn.net\/images\/emoji.php\/v9\/t2d\/1\/16\/1f4cd.png\">Aula 7 FAyA (Sede Central)<\/li><\/ul>\n\n\n\n<p>Modalidad <strong>H\u00edbrida<\/strong><\/p>\n\n\n\n<p>A cargo de:<\/p>\n\n\n\n<ul><li><strong>Moderadora<\/strong>: Daniela Neme<\/li><li><strong>Disertantes<\/strong>:<ul><li>Lourdes Landoni: <br>Licenciada en Ciencia y Tecnolog\u00eda de Alimentos recibida en la Universidad de Buenos Aires y Cient\u00edfica de Datos. Forma parte del INTI desde el a\u00f1o 2017, realizando tareas de investigaci\u00f3n, desarrollo y asistencia t\u00e9cnica en los centros de Agroalimentos, L\u00e1cteos y Carnes. Tem\u00e1ticas principales: microencapsulaci\u00f3n de compuestos bioactivos para el desarrollo de alimentos nutrac\u00e9uticos, obtenci\u00f3n de ingredientes funcionales a partir de subproductos de la industria alimentaria, fuentes proteicas no convencionales y soluciones plant-based, innovaci\u00f3n en productos l\u00e1cteos fermentados y estrategias de reformulaci\u00f3n para la reducci\u00f3n de sellos nutricionales en el marco de la Ley de Etiquetado Frontal. Adem\u00e1s, se desempe\u00f1\u00f3 como Jefa de Trabajos Pr\u00e1cticos en las materias &#8220;Cadenas Alimentarias I&#8221; y &#8220;Cadenas Alimentarias II&#8221; para la carrera de Ingenier\u00eda de Alimentos de la Universidad Nacional de San Mart\u00edn (2022-2025). Actualmente, se desempe\u00f1a como Analista de Datos en la Direcci\u00f3n T\u00e9cnica de Asistencia Tecnol\u00f3gica, donde impulsa la implementaci\u00f3n de herramientas de ciencia de datos aplicadas al sector alimentario.<\/li><li>Mar\u00eda Jos\u00e9 Egea Mussi: <br>es T\u00e9cnica en Control Bromatol\u00f3gico y Desarrolladora de Software, graduada en la UNR y en el ITSE. Adem\u00e1s, se ha diplomado en \u201cProgramaci\u00f3n y Rob\u00f3tica\u201d en la UNT y en \u201cIndustrias 4.0 y sus tecnolog\u00edas habilitadoras\u201d en la UNSAM. Desde 2023 forma parte del INTI, desempe\u00f1\u00e1ndose en el laboratorio de alimentos y brindando asistencia t\u00e9cnica en el Departamento de Ingenier\u00eda Agroalimentaria NOA, donde impulsa la implementaci\u00f3n de herramientas de Industria 4.0 aplicadas al sector agroindustrial<\/li><\/ul><\/li><\/ul>\n","protected":false},"excerpt":{"rendered":"<p>En el marco de la Semana de la Alimentaci\u00f3n mi\u00e9rcoles 22 de octubre 18:00 h Aula 7 FAyA (Sede Central) Modalidad H\u00edbrida A cargo de: Moderadora: Daniela Neme Disertantes: Lourdes Landoni: Licenciada en Ciencia y Tecnolog\u00eda de Alimentos recibida en la Universidad de Buenos Aires&#8230;<\/p>\n","protected":false},"author":5,"featured_media":35324,"comment_status":"closed","ping_status":"closed","sticky":false,"template":"","format":"standard","meta":{"_mi_skip_tracking":false},"categories":[5],"tags":[],"yoast_head":"<!-- This site is optimized with the Yoast SEO plugin v17.7.1 - https:\/\/yoast.com\/wordpress\/plugins\/seo\/ -->\n<meta name=\"robots\" content=\"index, follow, max-snippet:-1, max-image-preview:large, max-video-preview:-1\" \/>\n<link rel=\"canonical\" href=\"https:\/\/faya.unse.edu.ar\/index.php\/noticias\/2025\/exposicion-inteligencia-artificial-para-la-innovacion-alimentaria\/\" \/>\n<meta property=\"og:locale\" content=\"es_ES\" \/>\n<meta property=\"og:type\" content=\"article\" \/>\n<meta property=\"og:title\" content=\"EXPOSICI\u00d3N &quot;INTELIGENCIA ARTIFICIAL PARA LA INNOVACI\u00d3N ALIMENTARIA&quot; | Facultad de Agronom\u00eda y Agroindustrias UNSE | FAyA UNSE\" \/>\n<meta property=\"og:description\" content=\"En el marco de la Semana de la Alimentaci\u00f3n mi\u00e9rcoles 22 de octubre 18:00 h Aula 7 FAyA (Sede Central) Modalidad H\u00edbrida A cargo de: Moderadora: Daniela Neme Disertantes: Lourdes Landoni: Licenciada en Ciencia y Tecnolog\u00eda de Alimentos recibida en la Universidad de Buenos Aires...\" \/>\n<meta property=\"og:url\" content=\"https:\/\/faya.unse.edu.ar\/index.php\/noticias\/2025\/exposicion-inteligencia-artificial-para-la-innovacion-alimentaria\/\" \/>\n<meta property=\"og:site_name\" content=\"Facultad de Agronom\u00eda y Agroindustrias UNSE | FAyA UNSE\" \/>\n<meta property=\"article:publisher\" content=\"https:\/\/www.facebook.com\/agroUNSE\/\" \/>\n<meta property=\"article:published_time\" content=\"2025-10-17T13:43:17+00:00\" \/>\n<meta property=\"article:modified_time\" content=\"2025-10-17T13:43:18+00:00\" \/>\n<meta property=\"og:image\" content=\"https:\/\/faya.unse.edu.ar\/wp-content\/uploads\/flyers_Mesa-de-trabajo-1.png\" \/>\n\t<meta property=\"og:image:width\" content=\"2250\" \/>\n\t<meta property=\"og:image:height\" content=\"2813\" \/>\n<meta name=\"twitter:card\" content=\"summary_large_image\" \/>\n<meta name=\"twitter:creator\" content=\"@fayaunse\" \/>\n<meta name=\"twitter:site\" content=\"@fayaunse\" \/>\n<meta name=\"twitter:label1\" content=\"Escrito por\" \/>\n\t<meta name=\"twitter:data1\" content=\"Comunicaci\u00f3n FAyA-UNSE\" \/>\n\t<meta name=\"twitter:label2\" content=\"Tiempo de lectura\" \/>\n\t<meta name=\"twitter:data2\" content=\"2 minutos\" \/>\n<script type=\"application\/ld+json\" class=\"yoast-schema-graph\">{\"@context\":\"https:\/\/schema.org\",\"@graph\":[{\"@type\":\"WebSite\",\"@id\":\"https:\/\/faya.unse.edu.ar\/#website\",\"url\":\"https:\/\/faya.unse.edu.ar\/\",\"name\":\"Facultad de Agronom\\u00eda y Agroindustrias UNSE | FAyA UNSE\",\"description\":\"\",\"potentialAction\":[{\"@type\":\"SearchAction\",\"target\":{\"@type\":\"EntryPoint\",\"urlTemplate\":\"https:\/\/faya.unse.edu.ar\/?s={search_term_string}\"},\"query-input\":\"required name=search_term_string\"}],\"inLanguage\":\"es-AR\"},{\"@type\":\"ImageObject\",\"@id\":\"https:\/\/faya.unse.edu.ar\/index.php\/noticias\/2025\/exposicion-inteligencia-artificial-para-la-innovacion-alimentaria\/#primaryimage\",\"inLanguage\":\"es-AR\",\"url\":\"https:\/\/faya.unse.edu.ar\/wp-content\/uploads\/flyers_Mesa-de-trabajo-1.png\",\"contentUrl\":\"https:\/\/faya.unse.edu.ar\/wp-content\/uploads\/flyers_Mesa-de-trabajo-1.png\",\"width\":2250,\"height\":2813},{\"@type\":\"WebPage\",\"@id\":\"https:\/\/faya.unse.edu.ar\/index.php\/noticias\/2025\/exposicion-inteligencia-artificial-para-la-innovacion-alimentaria\/#webpage\",\"url\":\"https:\/\/faya.unse.edu.ar\/index.php\/noticias\/2025\/exposicion-inteligencia-artificial-para-la-innovacion-alimentaria\/\",\"name\":\"EXPOSICI\\u00d3N \\\"INTELIGENCIA ARTIFICIAL PARA LA INNOVACI\\u00d3N ALIMENTARIA\\\" | Facultad de Agronom\\u00eda y Agroindustrias UNSE | FAyA UNSE\",\"isPartOf\":{\"@id\":\"https:\/\/faya.unse.edu.ar\/#website\"},\"primaryImageOfPage\":{\"@id\":\"https:\/\/faya.unse.edu.ar\/index.php\/noticias\/2025\/exposicion-inteligencia-artificial-para-la-innovacion-alimentaria\/#primaryimage\"},\"datePublished\":\"2025-10-17T13:43:17+00:00\",\"dateModified\":\"2025-10-17T13:43:18+00:00\",\"author\":{\"@id\":\"https:\/\/faya.unse.edu.ar\/#\/schema\/person\/6c3c11fbb65d413b2f687368ab071449\"},\"breadcrumb\":{\"@id\":\"https:\/\/faya.unse.edu.ar\/index.php\/noticias\/2025\/exposicion-inteligencia-artificial-para-la-innovacion-alimentaria\/#breadcrumb\"},\"inLanguage\":\"es-AR\",\"potentialAction\":[{\"@type\":\"ReadAction\",\"target\":[\"https:\/\/faya.unse.edu.ar\/index.php\/noticias\/2025\/exposicion-inteligencia-artificial-para-la-innovacion-alimentaria\/\"]}]},{\"@type\":\"BreadcrumbList\",\"@id\":\"https:\/\/faya.unse.edu.ar\/index.php\/noticias\/2025\/exposicion-inteligencia-artificial-para-la-innovacion-alimentaria\/#breadcrumb\",\"itemListElement\":[{\"@type\":\"ListItem\",\"position\":1,\"name\":\"Home\",\"item\":\"https:\/\/faya.unse.edu.ar\/\"},{\"@type\":\"ListItem\",\"position\":2,\"name\":\"EXPOSICI\\u00d3N &#8220;INTELIGENCIA ARTIFICIAL PARA LA INNOVACI\\u00d3N ALIMENTARIA&#8221;\"}]},{\"@type\":\"Person\",\"@id\":\"https:\/\/faya.unse.edu.ar\/#\/schema\/person\/6c3c11fbb65d413b2f687368ab071449\",\"name\":\"Comunicaci\\u00f3n FAyA-UNSE\",\"url\":\"https:\/\/faya.unse.edu.ar\/index.php\/author\/solroman\/\"}]}<\/script>\n<!-- \/ Yoast SEO plugin. -->","yoast_head_json":{"robots":{"index":"index","follow":"follow","max-snippet":"max-snippet:-1","max-image-preview":"max-image-preview:large","max-video-preview":"max-video-preview:-1"},"canonical":"https:\/\/faya.unse.edu.ar\/index.php\/noticias\/2025\/exposicion-inteligencia-artificial-para-la-innovacion-alimentaria\/","og_locale":"es_ES","og_type":"article","og_title":"EXPOSICI\u00d3N \"INTELIGENCIA ARTIFICIAL PARA LA INNOVACI\u00d3N ALIMENTARIA\" | Facultad de Agronom\u00eda y Agroindustrias UNSE | FAyA UNSE","og_description":"En el marco de la Semana de la Alimentaci\u00f3n mi\u00e9rcoles 22 de octubre 18:00 h Aula 7 FAyA (Sede Central) Modalidad H\u00edbrida A cargo de: Moderadora: Daniela Neme Disertantes: Lourdes Landoni: Licenciada en Ciencia y Tecnolog\u00eda de Alimentos recibida en la Universidad de Buenos Aires...","og_url":"https:\/\/faya.unse.edu.ar\/index.php\/noticias\/2025\/exposicion-inteligencia-artificial-para-la-innovacion-alimentaria\/","og_site_name":"Facultad de Agronom\u00eda y Agroindustrias UNSE | FAyA UNSE","article_publisher":"https:\/\/www.facebook.com\/agroUNSE\/","article_published_time":"2025-10-17T13:43:17+00:00","article_modified_time":"2025-10-17T13:43:18+00:00","og_image":[{"width":2250,"height":2813,"url":"https:\/\/faya.unse.edu.ar\/wp-content\/uploads\/flyers_Mesa-de-trabajo-1.png","type":"image\/png"}],"twitter_card":"summary_large_image","twitter_creator":"@fayaunse","twitter_site":"@fayaunse","twitter_misc":{"Escrito por":"Comunicaci\u00f3n FAyA-UNSE","Tiempo de lectura":"2 minutos"},"schema":{"@context":"https:\/\/schema.org","@graph":[{"@type":"WebSite","@id":"https:\/\/faya.unse.edu.ar\/#website","url":"https:\/\/faya.unse.edu.ar\/","name":"Facultad de Agronom\u00eda y Agroindustrias UNSE | FAyA UNSE","description":"","potentialAction":[{"@type":"SearchAction","target":{"@type":"EntryPoint","urlTemplate":"https:\/\/faya.unse.edu.ar\/?s={search_term_string}"},"query-input":"required name=search_term_string"}],"inLanguage":"es-AR"},{"@type":"ImageObject","@id":"https:\/\/faya.unse.edu.ar\/index.php\/noticias\/2025\/exposicion-inteligencia-artificial-para-la-innovacion-alimentaria\/#primaryimage","inLanguage":"es-AR","url":"https:\/\/faya.unse.edu.ar\/wp-content\/uploads\/flyers_Mesa-de-trabajo-1.png","contentUrl":"https:\/\/faya.unse.edu.ar\/wp-content\/uploads\/flyers_Mesa-de-trabajo-1.png","width":2250,"height":2813},{"@type":"WebPage","@id":"https:\/\/faya.unse.edu.ar\/index.php\/noticias\/2025\/exposicion-inteligencia-artificial-para-la-innovacion-alimentaria\/#webpage","url":"https:\/\/faya.unse.edu.ar\/index.php\/noticias\/2025\/exposicion-inteligencia-artificial-para-la-innovacion-alimentaria\/","name":"EXPOSICI\u00d3N \"INTELIGENCIA ARTIFICIAL PARA LA INNOVACI\u00d3N ALIMENTARIA\" | Facultad de Agronom\u00eda y Agroindustrias UNSE | FAyA UNSE","isPartOf":{"@id":"https:\/\/faya.unse.edu.ar\/#website"},"primaryImageOfPage":{"@id":"https:\/\/faya.unse.edu.ar\/index.php\/noticias\/2025\/exposicion-inteligencia-artificial-para-la-innovacion-alimentaria\/#primaryimage"},"datePublished":"2025-10-17T13:43:17+00:00","dateModified":"2025-10-17T13:43:18+00:00","author":{"@id":"https:\/\/faya.unse.edu.ar\/#\/schema\/person\/6c3c11fbb65d413b2f687368ab071449"},"breadcrumb":{"@id":"https:\/\/faya.unse.edu.ar\/index.php\/noticias\/2025\/exposicion-inteligencia-artificial-para-la-innovacion-alimentaria\/#breadcrumb"},"inLanguage":"es-AR","potentialAction":[{"@type":"ReadAction","target":["https:\/\/faya.unse.edu.ar\/index.php\/noticias\/2025\/exposicion-inteligencia-artificial-para-la-innovacion-alimentaria\/"]}]},{"@type":"BreadcrumbList","@id":"https:\/\/faya.unse.edu.ar\/index.php\/noticias\/2025\/exposicion-inteligencia-artificial-para-la-innovacion-alimentaria\/#breadcrumb","itemListElement":[{"@type":"ListItem","position":1,"name":"Home","item":"https:\/\/faya.unse.edu.ar\/"},{"@type":"ListItem","position":2,"name":"EXPOSICI\u00d3N &#8220;INTELIGENCIA ARTIFICIAL PARA LA INNOVACI\u00d3N ALIMENTARIA&#8221;"}]},{"@type":"Person","@id":"https:\/\/faya.unse.edu.ar\/#\/schema\/person\/6c3c11fbb65d413b2f687368ab071449","name":"Comunicaci\u00f3n FAyA-UNSE","url":"https:\/\/faya.unse.edu.ar\/index.php\/author\/solroman\/"}]}},"_links":{"self":[{"href":"https:\/\/faya.unse.edu.ar\/index.php\/wp-json\/wp\/v2\/posts\/35325"}],"collection":[{"href":"https:\/\/faya.unse.edu.ar\/index.php\/wp-json\/wp\/v2\/posts"}],"about":[{"href":"https:\/\/faya.unse.edu.ar\/index.php\/wp-json\/wp\/v2\/types\/post"}],"author":[{"embeddable":true,"href":"https:\/\/faya.unse.edu.ar\/index.php\/wp-json\/wp\/v2\/users\/5"}],"replies":[{"embeddable":true,"href":"https:\/\/faya.unse.edu.ar\/index.php\/wp-json\/wp\/v2\/comments?post=35325"}],"version-history":[{"count":1,"href":"https:\/\/faya.unse.edu.ar\/index.php\/wp-json\/wp\/v2\/posts\/35325\/revisions"}],"predecessor-version":[{"id":35326,"href":"https:\/\/faya.unse.edu.ar\/index.php\/wp-json\/wp\/v2\/posts\/35325\/revisions\/35326"}],"wp:featuredmedia":[{"embeddable":true,"href":"https:\/\/faya.unse.edu.ar\/index.php\/wp-json\/wp\/v2\/media\/35324"}],"wp:attachment":[{"href":"https:\/\/faya.unse.edu.ar\/index.php\/wp-json\/wp\/v2\/media?parent=35325"}],"wp:term":[{"taxonomy":"category","embeddable":true,"href":"https:\/\/faya.unse.edu.ar\/index.php\/wp-json\/wp\/v2\/categories?post=35325"},{"taxonomy":"post_tag","embeddable":true,"href":"https:\/\/faya.unse.edu.ar\/index.php\/wp-json\/wp\/v2\/tags?post=35325"}],"curies":[{"name":"wp","href":"https:\/\/api.w.org\/{rel}","templated":true}]}}