{"id":36206,"date":"2026-04-27T00:03:00","date_gmt":"2026-04-27T03:03:00","guid":{"rendered":"https:\/\/faya.unse.edu.ar\/?p=36206"},"modified":"2026-04-14T12:14:31","modified_gmt":"2026-04-14T15:14:31","slug":"dia-de-la-autonomia-provincial-7","status":"publish","type":"post","link":"https:\/\/faya.unse.edu.ar\/index.php\/noticias\/2026\/dia-de-la-autonomia-provincial-7\/","title":{"rendered":"D\u00cdA DE LA AUTONOM\u00cdA PROVINCIAL"},"content":{"rendered":"\n<p>La Facultad de Agronom\u00eda y Agroindustrias saluda a la sociedad santiague\u00f1a en un nuevo aniversario de su Autonom\u00eda Provincial. Al cumplirse 206 a\u00f1os de la declaraci\u00f3n de nuestra soberan\u00eda, renovamos nuestra misi\u00f3n de contribuir al progreso de la provincia desde el \u00e1mbito acad\u00e9mico y cient\u00edfico.<\/p>\n\n\n\n<p>Honramos el pasado trabajando por un presente productivo y un futuro con mayor equidad para toda la poblaci\u00f3n.<\/p>\n","protected":false},"excerpt":{"rendered":"<p>La Facultad de Agronom\u00eda y Agroindustrias saluda a la sociedad santiague\u00f1a en un nuevo aniversario de su Autonom\u00eda Provincial. Al cumplirse 206 a\u00f1os de la declaraci\u00f3n de nuestra soberan\u00eda, renovamos nuestra misi\u00f3n de contribuir al progreso de la provincia desde el \u00e1mbito acad\u00e9mico y cient\u00edfico&#8230;.<\/p>\n","protected":false},"author":5,"featured_media":36207,"comment_status":"closed","ping_status":"closed","sticky":false,"template":"","format":"standard","meta":{"_mi_skip_tracking":false},"categories":[5],"tags":[],"yoast_head":"<!-- This site is optimized with the Yoast SEO plugin v17.7.1 - https:\/\/yoast.com\/wordpress\/plugins\/seo\/ -->\n<meta name=\"description\" content=\"Al cumplirse 206 a\u00f1os de la declaraci\u00f3n de nuestra soberan\u00eda, renovamos nuestra misi\u00f3n de contribuir al progreso de la provincia desde el \u00e1mbito acad\u00e9mico y cient\u00edfico.\" \/>\n<meta name=\"robots\" content=\"index, follow, max-snippet:-1, max-image-preview:large, max-video-preview:-1\" \/>\n<link rel=\"canonical\" href=\"https:\/\/faya.unse.edu.ar\/index.php\/noticias\/2026\/dia-de-la-autonomia-provincial-7\/\" \/>\n<meta property=\"og:locale\" content=\"es_ES\" \/>\n<meta property=\"og:type\" content=\"article\" \/>\n<meta property=\"og:title\" content=\"D\u00cdA DE LA AUTONOM\u00cdA PROVINCIAL | Facultad de Agronom\u00eda y Agroindustrias UNSE | FAyA UNSE\" \/>\n<meta property=\"og:description\" content=\"Al cumplirse 206 a\u00f1os de la declaraci\u00f3n de nuestra soberan\u00eda, renovamos nuestra misi\u00f3n de contribuir al progreso de la provincia desde el \u00e1mbito acad\u00e9mico y cient\u00edfico.\" \/>\n<meta property=\"og:url\" content=\"https:\/\/faya.unse.edu.ar\/index.php\/noticias\/2026\/dia-de-la-autonomia-provincial-7\/\" \/>\n<meta property=\"og:site_name\" content=\"Facultad de Agronom\u00eda y Agroindustrias UNSE | FAyA UNSE\" \/>\n<meta property=\"article:publisher\" content=\"https:\/\/www.facebook.com\/agroUNSE\/\" \/>\n<meta property=\"article:published_time\" content=\"2026-04-27T03:03:00+00:00\" \/>\n<meta property=\"article:modified_time\" content=\"2026-04-14T15:14:31+00:00\" \/>\n<meta property=\"og:image\" content=\"https:\/\/faya.unse.edu.ar\/wp-content\/uploads\/base2026_Mesa-de-trabajo-1-copia-2-819x1024.png\" \/>\n\t<meta property=\"og:image:width\" content=\"819\" \/>\n\t<meta property=\"og:image:height\" content=\"1024\" \/>\n<meta name=\"twitter:card\" content=\"summary_large_image\" \/>\n<meta name=\"twitter:creator\" content=\"@fayaunse\" \/>\n<meta name=\"twitter:site\" content=\"@fayaunse\" \/>\n<meta name=\"twitter:label1\" content=\"Escrito por\" \/>\n\t<meta name=\"twitter:data1\" content=\"Comunicaci\u00f3n FAyA-UNSE\" \/>\n\t<meta name=\"twitter:label2\" content=\"Tiempo de lectura\" \/>\n\t<meta name=\"twitter:data2\" content=\"1 minuto\" \/>\n<script type=\"application\/ld+json\" class=\"yoast-schema-graph\">{\"@context\":\"https:\/\/schema.org\",\"@graph\":[{\"@type\":\"WebSite\",\"@id\":\"https:\/\/faya.unse.edu.ar\/#website\",\"url\":\"https:\/\/faya.unse.edu.ar\/\",\"name\":\"Facultad de Agronom\\u00eda y Agroindustrias UNSE | FAyA UNSE\",\"description\":\"\",\"potentialAction\":[{\"@type\":\"SearchAction\",\"target\":{\"@type\":\"EntryPoint\",\"urlTemplate\":\"https:\/\/faya.unse.edu.ar\/?s={search_term_string}\"},\"query-input\":\"required name=search_term_string\"}],\"inLanguage\":\"es-AR\"},{\"@type\":\"ImageObject\",\"@id\":\"https:\/\/faya.unse.edu.ar\/index.php\/noticias\/2026\/dia-de-la-autonomia-provincial-7\/#primaryimage\",\"inLanguage\":\"es-AR\",\"url\":\"https:\/\/faya.unse.edu.ar\/wp-content\/uploads\/base2026_Mesa-de-trabajo-1-copia-2.png\",\"contentUrl\":\"https:\/\/faya.unse.edu.ar\/wp-content\/uploads\/base2026_Mesa-de-trabajo-1-copia-2.png\",\"width\":4501,\"height\":5625},{\"@type\":\"WebPage\",\"@id\":\"https:\/\/faya.unse.edu.ar\/index.php\/noticias\/2026\/dia-de-la-autonomia-provincial-7\/#webpage\",\"url\":\"https:\/\/faya.unse.edu.ar\/index.php\/noticias\/2026\/dia-de-la-autonomia-provincial-7\/\",\"name\":\"D\\u00cdA DE LA AUTONOM\\u00cdA PROVINCIAL | Facultad de Agronom\\u00eda y Agroindustrias UNSE | FAyA UNSE\",\"isPartOf\":{\"@id\":\"https:\/\/faya.unse.edu.ar\/#website\"},\"primaryImageOfPage\":{\"@id\":\"https:\/\/faya.unse.edu.ar\/index.php\/noticias\/2026\/dia-de-la-autonomia-provincial-7\/#primaryimage\"},\"datePublished\":\"2026-04-27T03:03:00+00:00\",\"dateModified\":\"2026-04-14T15:14:31+00:00\",\"author\":{\"@id\":\"https:\/\/faya.unse.edu.ar\/#\/schema\/person\/6c3c11fbb65d413b2f687368ab071449\"},\"description\":\"Al cumplirse 206 a\\u00f1os de la declaraci\\u00f3n de nuestra soberan\\u00eda, renovamos nuestra misi\\u00f3n de contribuir al progreso de la provincia desde el \\u00e1mbito acad\\u00e9mico y cient\\u00edfico.\",\"breadcrumb\":{\"@id\":\"https:\/\/faya.unse.edu.ar\/index.php\/noticias\/2026\/dia-de-la-autonomia-provincial-7\/#breadcrumb\"},\"inLanguage\":\"es-AR\",\"potentialAction\":[{\"@type\":\"ReadAction\",\"target\":[\"https:\/\/faya.unse.edu.ar\/index.php\/noticias\/2026\/dia-de-la-autonomia-provincial-7\/\"]}]},{\"@type\":\"BreadcrumbList\",\"@id\":\"https:\/\/faya.unse.edu.ar\/index.php\/noticias\/2026\/dia-de-la-autonomia-provincial-7\/#breadcrumb\",\"itemListElement\":[{\"@type\":\"ListItem\",\"position\":1,\"name\":\"Home\",\"item\":\"https:\/\/faya.unse.edu.ar\/\"},{\"@type\":\"ListItem\",\"position\":2,\"name\":\"D\\u00cdA DE LA AUTONOM\\u00cdA PROVINCIAL\"}]},{\"@type\":\"Person\",\"@id\":\"https:\/\/faya.unse.edu.ar\/#\/schema\/person\/6c3c11fbb65d413b2f687368ab071449\",\"name\":\"Comunicaci\\u00f3n FAyA-UNSE\",\"url\":\"https:\/\/faya.unse.edu.ar\/index.php\/author\/solroman\/\"}]}<\/script>\n<!-- \/ Yoast SEO plugin. -->","yoast_head_json":{"description":"Al cumplirse 206 a\u00f1os de la declaraci\u00f3n de nuestra soberan\u00eda, renovamos nuestra misi\u00f3n de contribuir al progreso de la provincia desde el \u00e1mbito acad\u00e9mico y cient\u00edfico.","robots":{"index":"index","follow":"follow","max-snippet":"max-snippet:-1","max-image-preview":"max-image-preview:large","max-video-preview":"max-video-preview:-1"},"canonical":"https:\/\/faya.unse.edu.ar\/index.php\/noticias\/2026\/dia-de-la-autonomia-provincial-7\/","og_locale":"es_ES","og_type":"article","og_title":"D\u00cdA DE LA AUTONOM\u00cdA PROVINCIAL | Facultad de Agronom\u00eda y Agroindustrias UNSE | FAyA UNSE","og_description":"Al cumplirse 206 a\u00f1os de la declaraci\u00f3n de nuestra soberan\u00eda, renovamos nuestra misi\u00f3n de contribuir al progreso de la provincia desde el \u00e1mbito acad\u00e9mico y cient\u00edfico.","og_url":"https:\/\/faya.unse.edu.ar\/index.php\/noticias\/2026\/dia-de-la-autonomia-provincial-7\/","og_site_name":"Facultad de Agronom\u00eda y Agroindustrias UNSE | FAyA UNSE","article_publisher":"https:\/\/www.facebook.com\/agroUNSE\/","article_published_time":"2026-04-27T03:03:00+00:00","article_modified_time":"2026-04-14T15:14:31+00:00","og_image":[{"width":819,"height":1024,"url":"https:\/\/faya.unse.edu.ar\/wp-content\/uploads\/base2026_Mesa-de-trabajo-1-copia-2-819x1024.png","type":"image\/png"}],"twitter_card":"summary_large_image","twitter_creator":"@fayaunse","twitter_site":"@fayaunse","twitter_misc":{"Escrito por":"Comunicaci\u00f3n FAyA-UNSE","Tiempo de lectura":"1 minuto"},"schema":{"@context":"https:\/\/schema.org","@graph":[{"@type":"WebSite","@id":"https:\/\/faya.unse.edu.ar\/#website","url":"https:\/\/faya.unse.edu.ar\/","name":"Facultad de Agronom\u00eda y Agroindustrias UNSE | FAyA UNSE","description":"","potentialAction":[{"@type":"SearchAction","target":{"@type":"EntryPoint","urlTemplate":"https:\/\/faya.unse.edu.ar\/?s={search_term_string}"},"query-input":"required name=search_term_string"}],"inLanguage":"es-AR"},{"@type":"ImageObject","@id":"https:\/\/faya.unse.edu.ar\/index.php\/noticias\/2026\/dia-de-la-autonomia-provincial-7\/#primaryimage","inLanguage":"es-AR","url":"https:\/\/faya.unse.edu.ar\/wp-content\/uploads\/base2026_Mesa-de-trabajo-1-copia-2.png","contentUrl":"https:\/\/faya.unse.edu.ar\/wp-content\/uploads\/base2026_Mesa-de-trabajo-1-copia-2.png","width":4501,"height":5625},{"@type":"WebPage","@id":"https:\/\/faya.unse.edu.ar\/index.php\/noticias\/2026\/dia-de-la-autonomia-provincial-7\/#webpage","url":"https:\/\/faya.unse.edu.ar\/index.php\/noticias\/2026\/dia-de-la-autonomia-provincial-7\/","name":"D\u00cdA DE LA AUTONOM\u00cdA PROVINCIAL | Facultad de Agronom\u00eda y Agroindustrias UNSE | FAyA UNSE","isPartOf":{"@id":"https:\/\/faya.unse.edu.ar\/#website"},"primaryImageOfPage":{"@id":"https:\/\/faya.unse.edu.ar\/index.php\/noticias\/2026\/dia-de-la-autonomia-provincial-7\/#primaryimage"},"datePublished":"2026-04-27T03:03:00+00:00","dateModified":"2026-04-14T15:14:31+00:00","author":{"@id":"https:\/\/faya.unse.edu.ar\/#\/schema\/person\/6c3c11fbb65d413b2f687368ab071449"},"description":"Al cumplirse 206 a\u00f1os de la declaraci\u00f3n de nuestra soberan\u00eda, renovamos nuestra misi\u00f3n de contribuir al progreso de la provincia desde el \u00e1mbito acad\u00e9mico y cient\u00edfico.","breadcrumb":{"@id":"https:\/\/faya.unse.edu.ar\/index.php\/noticias\/2026\/dia-de-la-autonomia-provincial-7\/#breadcrumb"},"inLanguage":"es-AR","potentialAction":[{"@type":"ReadAction","target":["https:\/\/faya.unse.edu.ar\/index.php\/noticias\/2026\/dia-de-la-autonomia-provincial-7\/"]}]},{"@type":"BreadcrumbList","@id":"https:\/\/faya.unse.edu.ar\/index.php\/noticias\/2026\/dia-de-la-autonomia-provincial-7\/#breadcrumb","itemListElement":[{"@type":"ListItem","position":1,"name":"Home","item":"https:\/\/faya.unse.edu.ar\/"},{"@type":"ListItem","position":2,"name":"D\u00cdA DE LA AUTONOM\u00cdA PROVINCIAL"}]},{"@type":"Person","@id":"https:\/\/faya.unse.edu.ar\/#\/schema\/person\/6c3c11fbb65d413b2f687368ab071449","name":"Comunicaci\u00f3n FAyA-UNSE","url":"https:\/\/faya.unse.edu.ar\/index.php\/author\/solroman\/"}]}},"_links":{"self":[{"href":"https:\/\/faya.unse.edu.ar\/index.php\/wp-json\/wp\/v2\/posts\/36206"}],"collection":[{"href":"https:\/\/faya.unse.edu.ar\/index.php\/wp-json\/wp\/v2\/posts"}],"about":[{"href":"https:\/\/faya.unse.edu.ar\/index.php\/wp-json\/wp\/v2\/types\/post"}],"author":[{"embeddable":true,"href":"https:\/\/faya.unse.edu.ar\/index.php\/wp-json\/wp\/v2\/users\/5"}],"replies":[{"embeddable":true,"href":"https:\/\/faya.unse.edu.ar\/index.php\/wp-json\/wp\/v2\/comments?post=36206"}],"version-history":[{"count":1,"href":"https:\/\/faya.unse.edu.ar\/index.php\/wp-json\/wp\/v2\/posts\/36206\/revisions"}],"predecessor-version":[{"id":36209,"href":"https:\/\/faya.unse.edu.ar\/index.php\/wp-json\/wp\/v2\/posts\/36206\/revisions\/36209"}],"wp:featuredmedia":[{"embeddable":true,"href":"https:\/\/faya.unse.edu.ar\/index.php\/wp-json\/wp\/v2\/media\/36207"}],"wp:attachment":[{"href":"https:\/\/faya.unse.edu.ar\/index.php\/wp-json\/wp\/v2\/media?parent=36206"}],"wp:term":[{"taxonomy":"category","embeddable":true,"href":"https:\/\/faya.unse.edu.ar\/index.php\/wp-json\/wp\/v2\/categories?post=36206"},{"taxonomy":"post_tag","embeddable":true,"href":"https:\/\/faya.unse.edu.ar\/index.php\/wp-json\/wp\/v2\/tags?post=36206"}],"curies":[{"name":"wp","href":"https:\/\/api.w.org\/{rel}","templated":true}]}}