{"id":36383,"date":"2026-04-28T10:08:58","date_gmt":"2026-04-28T13:08:58","guid":{"rendered":"https:\/\/faya.unse.edu.ar\/?p=36383"},"modified":"2026-04-28T11:05:34","modified_gmt":"2026-04-28T14:05:34","slug":"apertura-de-la-diplomatura-en-ia-aplicada-a-la-educacion","status":"publish","type":"post","link":"https:\/\/faya.unse.edu.ar\/index.php\/institucional\/2026\/apertura-de-la-diplomatura-en-ia-aplicada-a-la-educacion\/","title":{"rendered":"APERTURA DE LA DIPLOMATURA EN IA APLICADA A LA EDUCACI\u00d3N"},"content":{"rendered":"\n<p>Se llev\u00f3 a cabo la apertura oficial de la &#8220;Diplomatura en Inteligencia Artificial aplicada a la Educaci\u00f3n Secundaria, Superior y Universitaria: Automatizaci\u00f3n y Sistemas Inteligentes&#8221;. Esta propuesta acad\u00e9mica, dictada en la Facultad de Agronom\u00eda y Agroindustrias (FAyA-UNSE).<\/p>\n\n\n\n<p>La ceremonia de apertura cont\u00f3 con la presencia de la decana de la FAyA, la Dra. Eve Liz Coronel, quien brind\u00f3 la bienvenida oficial subrayando que esta formaci\u00f3n busca poner a disposici\u00f3n herramientas pedag\u00f3gicas de excelencia para mejorar las pr\u00e1cticas docentes en todos los niveles educativos. Asimismo, acompa\u00f1\u00f3 el lanzamiento el decano de la Facultad de Ciencias Exactas y Tecnolog\u00edas, el Ing. H\u00e9ctor Paz, quien resalt\u00f3 la importancia de la colaboraci\u00f3n interinstitucional bajo la premisa de que &#8220;la ciencia no tiene fronteras&#8221;.<\/p>\n\n\n\n<p>El evento cont\u00f3 adem\u00e1s con el acompa\u00f1amiento del equipo de gesti\u00f3n de la FAyA, integrado por la vicedecana, Dra. Silvia Rodr\u00edguez; la secretaria Acad\u00e9mica, Dra. Sandra Mart\u00ednez; y el secretario de Extensi\u00f3n, Vinculaci\u00f3n y Transferencia, Lic. Cristian Navarro. Tambi\u00e9n estuvo presente la Dra. Susana Herrera, docente de la FCET<\/p>\n\n\n\n<p>El equipo docente est\u00e1 liderado por el Dr. Maximiliano Bud\u00e1n, quien se desempe\u00f1a como director de la carrera, y cuenta con la participaci\u00f3n de la Dra. Paola Bud\u00e1n, la Lic. Miriam R\u00edos, el Lic. Sebasti\u00e1n Scaglione y la Lic. Marcela Domski. Los docentes destacaron que la formaci\u00f3n no solo abordar\u00e1 el uso de herramientas tecnol\u00f3gicas en la docencia, la investigaci\u00f3n y la gesti\u00f3n, sino que promover\u00e1 activamente el pensamiento cr\u00edtico.<\/p>\n\n\n\n<p>La Diplomatura consta de 15 encuentros sincr\u00f3nicos y una importante carga de trabajo asincr\u00f3nico, busca que los alumnos comprendan que la inteligencia artificial debe ser un medio para discutir problemas y no una soluci\u00f3n autom\u00e1tica.<\/p>\n\n\n\n<figure class=\"wp-block-gallery columns-2 is-cropped\"><ul class=\"blocks-gallery-grid\"><li class=\"blocks-gallery-item\"><figure><img loading=\"lazy\" width=\"1024\" height=\"576\" src=\"https:\/\/faya.unse.edu.ar\/wp-content\/uploads\/Diplomatura-en-IA-aplicada-a-la-Educacion-20260424-01.mp4.00_18_53_03.Imagen-fija003-1024x576.png\" alt=\"\" data-id=\"36384\" data-full-url=\"https:\/\/faya.unse.edu.ar\/wp-content\/uploads\/Diplomatura-en-IA-aplicada-a-la-Educacion-20260424-01.mp4.00_18_53_03.Imagen-fija003.png\" data-link=\"https:\/\/faya.unse.edu.ar\/diplomatura-en-ia-aplicada-a-la-educacion-20260424-01-mp4-00_18_53_03-imagen-fija003\/\" class=\"wp-image-36384\" srcset=\"https:\/\/faya.unse.edu.ar\/wp-content\/uploads\/Diplomatura-en-IA-aplicada-a-la-Educacion-20260424-01.mp4.00_18_53_03.Imagen-fija003-1024x576.png 1024w, https:\/\/faya.unse.edu.ar\/wp-content\/uploads\/Diplomatura-en-IA-aplicada-a-la-Educacion-20260424-01.mp4.00_18_53_03.Imagen-fija003-300x169.png 300w, https:\/\/faya.unse.edu.ar\/wp-content\/uploads\/Diplomatura-en-IA-aplicada-a-la-Educacion-20260424-01.mp4.00_18_53_03.Imagen-fija003-768x432.png 768w, https:\/\/faya.unse.edu.ar\/wp-content\/uploads\/Diplomatura-en-IA-aplicada-a-la-Educacion-20260424-01.mp4.00_18_53_03.Imagen-fija003-1536x864.png 1536w, https:\/\/faya.unse.edu.ar\/wp-content\/uploads\/Diplomatura-en-IA-aplicada-a-la-Educacion-20260424-01.mp4.00_18_53_03.Imagen-fija003-700x394.png 700w, https:\/\/faya.unse.edu.ar\/wp-content\/uploads\/Diplomatura-en-IA-aplicada-a-la-Educacion-20260424-01.mp4.00_18_53_03.Imagen-fija003-539x303.png 539w, https:\/\/faya.unse.edu.ar\/wp-content\/uploads\/Diplomatura-en-IA-aplicada-a-la-Educacion-20260424-01.mp4.00_18_53_03.Imagen-fija003.png 1920w\" sizes=\"(max-width: 1024px) 100vw, 1024px\" \/><\/figure><\/li><li class=\"blocks-gallery-item\"><figure><img loading=\"lazy\" width=\"1024\" height=\"576\" src=\"https:\/\/faya.unse.edu.ar\/wp-content\/uploads\/Diplomatura-en-IA-aplicada-a-la-Educacion-20260424-01.mp4.00_27_26_03.Imagen-fija001-1024x576.png\" alt=\"\" data-id=\"36386\" data-full-url=\"https:\/\/faya.unse.edu.ar\/wp-content\/uploads\/Diplomatura-en-IA-aplicada-a-la-Educacion-20260424-01.mp4.00_27_26_03.Imagen-fija001.png\" data-link=\"https:\/\/faya.unse.edu.ar\/diplomatura-en-ia-aplicada-a-la-educacion-20260424-01-mp4-00_27_26_03-imagen-fija001\/\" class=\"wp-image-36386\" srcset=\"https:\/\/faya.unse.edu.ar\/wp-content\/uploads\/Diplomatura-en-IA-aplicada-a-la-Educacion-20260424-01.mp4.00_27_26_03.Imagen-fija001-1024x576.png 1024w, https:\/\/faya.unse.edu.ar\/wp-content\/uploads\/Diplomatura-en-IA-aplicada-a-la-Educacion-20260424-01.mp4.00_27_26_03.Imagen-fija001-300x169.png 300w, https:\/\/faya.unse.edu.ar\/wp-content\/uploads\/Diplomatura-en-IA-aplicada-a-la-Educacion-20260424-01.mp4.00_27_26_03.Imagen-fija001-768x432.png 768w, https:\/\/faya.unse.edu.ar\/wp-content\/uploads\/Diplomatura-en-IA-aplicada-a-la-Educacion-20260424-01.mp4.00_27_26_03.Imagen-fija001-1536x864.png 1536w, https:\/\/faya.unse.edu.ar\/wp-content\/uploads\/Diplomatura-en-IA-aplicada-a-la-Educacion-20260424-01.mp4.00_27_26_03.Imagen-fija001-700x394.png 700w, https:\/\/faya.unse.edu.ar\/wp-content\/uploads\/Diplomatura-en-IA-aplicada-a-la-Educacion-20260424-01.mp4.00_27_26_03.Imagen-fija001-539x303.png 539w, https:\/\/faya.unse.edu.ar\/wp-content\/uploads\/Diplomatura-en-IA-aplicada-a-la-Educacion-20260424-01.mp4.00_27_26_03.Imagen-fija001.png 1920w\" sizes=\"(max-width: 1024px) 100vw, 1024px\" \/><\/figure><\/li><\/ul><\/figure>\n","protected":false},"excerpt":{"rendered":"<p>Se llev\u00f3 a cabo la apertura oficial de la &#8220;Diplomatura en Inteligencia Artificial aplicada a la Educaci\u00f3n Secundaria, Superior y Universitaria: Automatizaci\u00f3n y Sistemas Inteligentes&#8221;. Esta propuesta acad\u00e9mica, dictada en la Facultad de Agronom\u00eda y Agroindustrias (FAyA-UNSE). La ceremonia de apertura cont\u00f3 con la presencia&#8230;<\/p>\n","protected":false},"author":2,"featured_media":36385,"comment_status":"closed","ping_status":"closed","sticky":false,"template":"","format":"standard","meta":{"_mi_skip_tracking":false},"categories":[194,5,160],"tags":[],"yoast_head":"<!-- This site is optimized with the Yoast SEO plugin v17.7.1 - https:\/\/yoast.com\/wordpress\/plugins\/seo\/ -->\n<meta name=\"robots\" content=\"index, follow, max-snippet:-1, max-image-preview:large, max-video-preview:-1\" \/>\n<link rel=\"canonical\" href=\"https:\/\/faya.unse.edu.ar\/index.php\/institucional\/2026\/apertura-de-la-diplomatura-en-ia-aplicada-a-la-educacion\/\" \/>\n<meta property=\"og:locale\" content=\"es_ES\" \/>\n<meta property=\"og:type\" content=\"article\" \/>\n<meta property=\"og:title\" content=\"APERTURA DE LA DIPLOMATURA EN IA APLICADA A LA EDUCACI\u00d3N | Facultad de Agronom\u00eda y Agroindustrias UNSE | FAyA UNSE\" \/>\n<meta property=\"og:description\" content=\"Se llev\u00f3 a cabo la apertura oficial de la &#8220;Diplomatura en Inteligencia Artificial aplicada a la Educaci\u00f3n Secundaria, Superior y Universitaria: Automatizaci\u00f3n y Sistemas Inteligentes&#8221;. Esta propuesta acad\u00e9mica, dictada en la Facultad de Agronom\u00eda y Agroindustrias (FAyA-UNSE). La ceremonia de apertura cont\u00f3 con la presencia...\" \/>\n<meta property=\"og:url\" content=\"https:\/\/faya.unse.edu.ar\/index.php\/institucional\/2026\/apertura-de-la-diplomatura-en-ia-aplicada-a-la-educacion\/\" \/>\n<meta property=\"og:site_name\" content=\"Facultad de Agronom\u00eda y Agroindustrias UNSE | FAyA UNSE\" \/>\n<meta property=\"article:publisher\" content=\"https:\/\/www.facebook.com\/agroUNSE\/\" \/>\n<meta property=\"article:published_time\" content=\"2026-04-28T13:08:58+00:00\" \/>\n<meta property=\"article:modified_time\" content=\"2026-04-28T14:05:34+00:00\" \/>\n<meta property=\"og:image\" content=\"https:\/\/faya.unse.edu.ar\/wp-content\/uploads\/Diplomatura-en-IA-aplicada-a-la-Educacion-20260424-01.mp4.00_19_57_10.Imagen-fija002.png\" \/>\n\t<meta property=\"og:image:width\" content=\"1920\" \/>\n\t<meta property=\"og:image:height\" content=\"1080\" \/>\n<meta name=\"twitter:card\" content=\"summary_large_image\" \/>\n<meta name=\"twitter:creator\" content=\"@fayaunse\" \/>\n<meta name=\"twitter:site\" content=\"@fayaunse\" \/>\n<meta name=\"twitter:label1\" content=\"Escrito por\" \/>\n\t<meta name=\"twitter:data1\" content=\"Comunicaci\u00f3n FAyA\" \/>\n\t<meta name=\"twitter:label2\" content=\"Tiempo de lectura\" \/>\n\t<meta name=\"twitter:data2\" content=\"2 minutos\" \/>\n<script type=\"application\/ld+json\" class=\"yoast-schema-graph\">{\"@context\":\"https:\/\/schema.org\",\"@graph\":[{\"@type\":\"WebSite\",\"@id\":\"https:\/\/faya.unse.edu.ar\/#website\",\"url\":\"https:\/\/faya.unse.edu.ar\/\",\"name\":\"Facultad de Agronom\\u00eda y Agroindustrias UNSE | FAyA UNSE\",\"description\":\"\",\"potentialAction\":[{\"@type\":\"SearchAction\",\"target\":{\"@type\":\"EntryPoint\",\"urlTemplate\":\"https:\/\/faya.unse.edu.ar\/?s={search_term_string}\"},\"query-input\":\"required name=search_term_string\"}],\"inLanguage\":\"es-AR\"},{\"@type\":\"ImageObject\",\"@id\":\"https:\/\/faya.unse.edu.ar\/index.php\/institucional\/2026\/apertura-de-la-diplomatura-en-ia-aplicada-a-la-educacion\/#primaryimage\",\"inLanguage\":\"es-AR\",\"url\":\"https:\/\/faya.unse.edu.ar\/wp-content\/uploads\/Diplomatura-en-IA-aplicada-a-la-Educacion-20260424-01.mp4.00_19_57_10.Imagen-fija002.png\",\"contentUrl\":\"https:\/\/faya.unse.edu.ar\/wp-content\/uploads\/Diplomatura-en-IA-aplicada-a-la-Educacion-20260424-01.mp4.00_19_57_10.Imagen-fija002.png\",\"width\":1920,\"height\":1080},{\"@type\":\"WebPage\",\"@id\":\"https:\/\/faya.unse.edu.ar\/index.php\/institucional\/2026\/apertura-de-la-diplomatura-en-ia-aplicada-a-la-educacion\/#webpage\",\"url\":\"https:\/\/faya.unse.edu.ar\/index.php\/institucional\/2026\/apertura-de-la-diplomatura-en-ia-aplicada-a-la-educacion\/\",\"name\":\"APERTURA DE LA DIPLOMATURA EN IA APLICADA A LA EDUCACI\\u00d3N | Facultad de Agronom\\u00eda y Agroindustrias UNSE | FAyA UNSE\",\"isPartOf\":{\"@id\":\"https:\/\/faya.unse.edu.ar\/#website\"},\"primaryImageOfPage\":{\"@id\":\"https:\/\/faya.unse.edu.ar\/index.php\/institucional\/2026\/apertura-de-la-diplomatura-en-ia-aplicada-a-la-educacion\/#primaryimage\"},\"datePublished\":\"2026-04-28T13:08:58+00:00\",\"dateModified\":\"2026-04-28T14:05:34+00:00\",\"author\":{\"@id\":\"https:\/\/faya.unse.edu.ar\/#\/schema\/person\/6759100fdfd04c998461a230bc877a42\"},\"breadcrumb\":{\"@id\":\"https:\/\/faya.unse.edu.ar\/index.php\/institucional\/2026\/apertura-de-la-diplomatura-en-ia-aplicada-a-la-educacion\/#breadcrumb\"},\"inLanguage\":\"es-AR\",\"potentialAction\":[{\"@type\":\"ReadAction\",\"target\":[\"https:\/\/faya.unse.edu.ar\/index.php\/institucional\/2026\/apertura-de-la-diplomatura-en-ia-aplicada-a-la-educacion\/\"]}]},{\"@type\":\"BreadcrumbList\",\"@id\":\"https:\/\/faya.unse.edu.ar\/index.php\/institucional\/2026\/apertura-de-la-diplomatura-en-ia-aplicada-a-la-educacion\/#breadcrumb\",\"itemListElement\":[{\"@type\":\"ListItem\",\"position\":1,\"name\":\"Home\",\"item\":\"https:\/\/faya.unse.edu.ar\/\"},{\"@type\":\"ListItem\",\"position\":2,\"name\":\"APERTURA DE LA DIPLOMATURA EN IA APLICADA A LA EDUCACI\\u00d3N\"}]},{\"@type\":\"Person\",\"@id\":\"https:\/\/faya.unse.edu.ar\/#\/schema\/person\/6759100fdfd04c998461a230bc877a42\",\"name\":\"Comunicaci\\u00f3n FAyA\",\"url\":\"https:\/\/faya.unse.edu.ar\/index.php\/author\/ariel_jugo\/\"}]}<\/script>\n<!-- \/ Yoast SEO plugin. -->","yoast_head_json":{"robots":{"index":"index","follow":"follow","max-snippet":"max-snippet:-1","max-image-preview":"max-image-preview:large","max-video-preview":"max-video-preview:-1"},"canonical":"https:\/\/faya.unse.edu.ar\/index.php\/institucional\/2026\/apertura-de-la-diplomatura-en-ia-aplicada-a-la-educacion\/","og_locale":"es_ES","og_type":"article","og_title":"APERTURA DE LA DIPLOMATURA EN IA APLICADA A LA EDUCACI\u00d3N | Facultad de Agronom\u00eda y Agroindustrias UNSE | FAyA UNSE","og_description":"Se llev\u00f3 a cabo la apertura oficial de la &#8220;Diplomatura en Inteligencia Artificial aplicada a la Educaci\u00f3n Secundaria, Superior y Universitaria: Automatizaci\u00f3n y Sistemas Inteligentes&#8221;. Esta propuesta acad\u00e9mica, dictada en la Facultad de Agronom\u00eda y Agroindustrias (FAyA-UNSE). La ceremonia de apertura cont\u00f3 con la presencia...","og_url":"https:\/\/faya.unse.edu.ar\/index.php\/institucional\/2026\/apertura-de-la-diplomatura-en-ia-aplicada-a-la-educacion\/","og_site_name":"Facultad de Agronom\u00eda y Agroindustrias UNSE | FAyA UNSE","article_publisher":"https:\/\/www.facebook.com\/agroUNSE\/","article_published_time":"2026-04-28T13:08:58+00:00","article_modified_time":"2026-04-28T14:05:34+00:00","og_image":[{"width":1920,"height":1080,"url":"https:\/\/faya.unse.edu.ar\/wp-content\/uploads\/Diplomatura-en-IA-aplicada-a-la-Educacion-20260424-01.mp4.00_19_57_10.Imagen-fija002.png","type":"image\/png"}],"twitter_card":"summary_large_image","twitter_creator":"@fayaunse","twitter_site":"@fayaunse","twitter_misc":{"Escrito por":"Comunicaci\u00f3n FAyA","Tiempo de lectura":"2 minutos"},"schema":{"@context":"https:\/\/schema.org","@graph":[{"@type":"WebSite","@id":"https:\/\/faya.unse.edu.ar\/#website","url":"https:\/\/faya.unse.edu.ar\/","name":"Facultad de Agronom\u00eda y Agroindustrias UNSE | FAyA UNSE","description":"","potentialAction":[{"@type":"SearchAction","target":{"@type":"EntryPoint","urlTemplate":"https:\/\/faya.unse.edu.ar\/?s={search_term_string}"},"query-input":"required name=search_term_string"}],"inLanguage":"es-AR"},{"@type":"ImageObject","@id":"https:\/\/faya.unse.edu.ar\/index.php\/institucional\/2026\/apertura-de-la-diplomatura-en-ia-aplicada-a-la-educacion\/#primaryimage","inLanguage":"es-AR","url":"https:\/\/faya.unse.edu.ar\/wp-content\/uploads\/Diplomatura-en-IA-aplicada-a-la-Educacion-20260424-01.mp4.00_19_57_10.Imagen-fija002.png","contentUrl":"https:\/\/faya.unse.edu.ar\/wp-content\/uploads\/Diplomatura-en-IA-aplicada-a-la-Educacion-20260424-01.mp4.00_19_57_10.Imagen-fija002.png","width":1920,"height":1080},{"@type":"WebPage","@id":"https:\/\/faya.unse.edu.ar\/index.php\/institucional\/2026\/apertura-de-la-diplomatura-en-ia-aplicada-a-la-educacion\/#webpage","url":"https:\/\/faya.unse.edu.ar\/index.php\/institucional\/2026\/apertura-de-la-diplomatura-en-ia-aplicada-a-la-educacion\/","name":"APERTURA DE LA DIPLOMATURA EN IA APLICADA A LA EDUCACI\u00d3N | Facultad de Agronom\u00eda y Agroindustrias UNSE | FAyA UNSE","isPartOf":{"@id":"https:\/\/faya.unse.edu.ar\/#website"},"primaryImageOfPage":{"@id":"https:\/\/faya.unse.edu.ar\/index.php\/institucional\/2026\/apertura-de-la-diplomatura-en-ia-aplicada-a-la-educacion\/#primaryimage"},"datePublished":"2026-04-28T13:08:58+00:00","dateModified":"2026-04-28T14:05:34+00:00","author":{"@id":"https:\/\/faya.unse.edu.ar\/#\/schema\/person\/6759100fdfd04c998461a230bc877a42"},"breadcrumb":{"@id":"https:\/\/faya.unse.edu.ar\/index.php\/institucional\/2026\/apertura-de-la-diplomatura-en-ia-aplicada-a-la-educacion\/#breadcrumb"},"inLanguage":"es-AR","potentialAction":[{"@type":"ReadAction","target":["https:\/\/faya.unse.edu.ar\/index.php\/institucional\/2026\/apertura-de-la-diplomatura-en-ia-aplicada-a-la-educacion\/"]}]},{"@type":"BreadcrumbList","@id":"https:\/\/faya.unse.edu.ar\/index.php\/institucional\/2026\/apertura-de-la-diplomatura-en-ia-aplicada-a-la-educacion\/#breadcrumb","itemListElement":[{"@type":"ListItem","position":1,"name":"Home","item":"https:\/\/faya.unse.edu.ar\/"},{"@type":"ListItem","position":2,"name":"APERTURA DE LA DIPLOMATURA EN IA APLICADA A LA EDUCACI\u00d3N"}]},{"@type":"Person","@id":"https:\/\/faya.unse.edu.ar\/#\/schema\/person\/6759100fdfd04c998461a230bc877a42","name":"Comunicaci\u00f3n FAyA","url":"https:\/\/faya.unse.edu.ar\/index.php\/author\/ariel_jugo\/"}]}},"_links":{"self":[{"href":"https:\/\/faya.unse.edu.ar\/index.php\/wp-json\/wp\/v2\/posts\/36383"}],"collection":[{"href":"https:\/\/faya.unse.edu.ar\/index.php\/wp-json\/wp\/v2\/posts"}],"about":[{"href":"https:\/\/faya.unse.edu.ar\/index.php\/wp-json\/wp\/v2\/types\/post"}],"author":[{"embeddable":true,"href":"https:\/\/faya.unse.edu.ar\/index.php\/wp-json\/wp\/v2\/users\/2"}],"replies":[{"embeddable":true,"href":"https:\/\/faya.unse.edu.ar\/index.php\/wp-json\/wp\/v2\/comments?post=36383"}],"version-history":[{"count":2,"href":"https:\/\/faya.unse.edu.ar\/index.php\/wp-json\/wp\/v2\/posts\/36383\/revisions"}],"predecessor-version":[{"id":36392,"href":"https:\/\/faya.unse.edu.ar\/index.php\/wp-json\/wp\/v2\/posts\/36383\/revisions\/36392"}],"wp:featuredmedia":[{"embeddable":true,"href":"https:\/\/faya.unse.edu.ar\/index.php\/wp-json\/wp\/v2\/media\/36385"}],"wp:attachment":[{"href":"https:\/\/faya.unse.edu.ar\/index.php\/wp-json\/wp\/v2\/media?parent=36383"}],"wp:term":[{"taxonomy":"category","embeddable":true,"href":"https:\/\/faya.unse.edu.ar\/index.php\/wp-json\/wp\/v2\/categories?post=36383"},{"taxonomy":"post_tag","embeddable":true,"href":"https:\/\/faya.unse.edu.ar\/index.php\/wp-json\/wp\/v2\/tags?post=36383"}],"curies":[{"name":"wp","href":"https:\/\/api.w.org\/{rel}","templated":true}]}}