{"id":36388,"date":"2026-04-28T10:54:57","date_gmt":"2026-04-28T13:54:57","guid":{"rendered":"https:\/\/faya.unse.edu.ar\/?p=36388"},"modified":"2026-04-28T13:39:36","modified_gmt":"2026-04-28T16:39:36","slug":"convocatoria-para-la-cobertura-de-cargo-docente-por-contrato-5","status":"publish","type":"post","link":"https:\/\/faya.unse.edu.ar\/index.php\/institucional\/2026\/convocatoria-para-la-cobertura-de-cargo-docente-por-contrato-5\/","title":{"rendered":"CONVOCATORIA PARA LA COBERTURA DE CARGO DOCENTE POR CONTRATO"},"content":{"rendered":"\n<p>La Facultad de Agronom\u00eda y Agroindustrias de la Universidad Nacional de Santiago del Estero comunica a los se\u00f1ores interesados que por <strong><a href=\"https:\/\/drive.google.com\/file\/d\/1Ln1B9EBmoo_SmAg_rPvy2Xa2VEfXHz47\/view?usp=drive_link\" target=\"_blank\" rel=\"noreferrer noopener\">Resoluci\u00f3n FAA N\u00ba 227\/2026<\/a>, <\/strong>se <strong>DECLARA ABIERTA<\/strong> la inscripci\u00f3n virtual de aspirantes para cubrir UN (01) <strong>CARGO DOCENTE <\/strong>de<strong> Profesor Adjunto, DS, <\/strong>con car\u00e1cter de <strong>CONTRATADO,<\/strong> detallados en el Anexo de la mencionada Resoluci\u00f3n.&nbsp;<em><strong><a href=\"https:\/\/drive.google.com\/file\/d\/1Ln1B9EBmoo_SmAg_rPvy2Xa2VEfXHz47\/view?usp=drive_link\" target=\"_blank\" rel=\"noreferrer noopener\">Ver anexo aqu\u00ed.<\/a><\/strong><\/em><\/p>\n\n\n\n<p>Las inscripciones &nbsp;se recibir\u00e1n a trav\u00e9s del correo electr\u00f3nico <a href=\"mailto:promocionesfaya@gmail.com\">promocionesfaya@gmail.com<\/a> perteneciente al \u00c1rea de Concursos de esta Facultad, a partir del d\u00eda<strong> lunes 4 y hasta el mi\u00e9rcoles 6 de mayo de 2026, inclusive, hasta las 12:00h<\/strong>.<\/p>\n\n\n\n<p>Previo a la inscripci\u00f3n, se deber\u00e1n certificar las copias de la documentaci\u00f3n probatoria (con documentaci\u00f3n original a la vista), en Mesa de Entradas de la FAyA en el horario de 15:00 a 20:00.<\/p>\n\n\n\n<p>Cabe se\u00f1alar que el personal administrativo s\u00f3lo responder\u00e1 los correos electr\u00f3nicos en el horario de 8:00 a 13:00 hs en los d\u00edas previos al d\u00eda viernes 6 de mayo (cierre a las 12:00 h).<\/p>\n\n\n\n<p>En el caso de no recibir la constancia de inscripci\u00f3n, consultar al correo electr\u00f3nico <a href=\"mailto:promocionesfaya@gmail.com\">promocionesfaya@gmail.com<\/a> si el mail de solicitud de inscripci\u00f3n fue recibido (CONFIMACION DE INSCRIPCION).<\/p>\n\n\n\n<p>Reglamentos:<\/p>\n\n\n\n<ul><li><strong><a href=\"https:\/\/faya.unse.edu.ar\/wp-content\/uploads\/022-18-Establece-procedimientos-para-contrataciones-docentes.pdf\" target=\"_blank\" rel=\"noreferrer noopener\">Resoluci\u00f3n CDFAA N\u00ba 022\/2018&nbsp;<\/a><\/strong>que establece Procedimientos para las nuevas Contrataciones y Pr\u00f3rroga de Contratos Docentes,<\/li><li><strong><a href=\"https:\/\/faya.unse.edu.ar\/wp-content\/uploads\/Res-FAA-246-2020-Aprueba-modifcaci%C3%B3n-art-1-Resolucion-CDFAA-022-2018.pdf\" target=\"_blank\" rel=\"noreferrer noopener\">Resoluci\u00f3n FAA N\u00b0 246\/2020<\/a><\/strong>&nbsp;que aprueba modificaci\u00f3n del Art\u00edculo 1\u00ba de la Resoluci\u00f3n CDFAA N\u00b0 022\/2018<\/li><\/ul>\n\n\n\n<p><\/p>\n\n\n\n<p>Los postulantes a la presente convocatoria deber\u00e1n adjuntar al correo electr\u00f3nico de inscripci\u00f3n:<\/p>\n\n\n\n<ol type=\"1\"><li><strong>Solicitud de Inscripci\u00f3n <\/strong>(<strong><u>firmada y escaneada<\/u> <\/strong>en un <strong><u>\u00fanico archivo<\/u><\/strong> pdf) que estar\u00e1 <a href=\"https:\/\/docs.google.com\/document\/d\/11jc7hLDOZ0giF7-6n89tJ4UQg0svyDuN\/edit?usp=drive_link&amp;ouid=115491714991573484708&amp;rtpof=true&amp;sd=true\" target=\"_blank\" rel=\"noreferrer noopener\">disponible <strong>aqu\u00ed<\/strong><\/a><\/li><li><strong>Curriculum Vitae (<u>firmado y escaneado<\/u><\/strong> en un <strong><u>\u00fanico archivo<\/u><\/strong> pdf -con formato detallado en el Anexo I de la Resoluci\u00f3n <strong><a href=\"https:\/\/faya.unse.edu.ar\/wp-content\/uploads\/022-18-Establece-procedimientos-para-contrataciones-docentes.pdf\" target=\"_blank\" rel=\"noreferrer noopener\">CDFAA N\u00ba 022\/2018<\/a><\/strong>).<\/li><li><strong>Documentaci\u00f3n probatoria legalizada<\/strong> (escaneada y adjuntada en un <strong><u>\u00fanico archivo<\/u><\/strong> pdf).<\/li><\/ol>\n\n\n\n<p><\/p>\n\n\n\n<p><strong>A continuaci\u00f3n, se detalla el CARGO DOCENTE, ASIGNATURA, COMISION ASESORAS Y PERFIL ACAD\u00c9MICO REQUERIDOS:<\/strong><\/p>\n\n\n\n<p><strong>ANEXO<\/strong><\/p>\n\n\n\n<figure class=\"wp-block-table\"><table><thead><tr><td><strong>Cargo<\/strong><\/td><td><strong>Asignatura<\/strong><\/td><td><strong>Comisi\u00f3n Asesora<\/strong><\/td><td><strong>Perfil Acad\u00e9mico requerido<\/strong><\/td><\/tr><\/thead><tbody><tr><td>Un (01) cargo de Profesor Adjunto, DS<\/td><td><strong>Psicolog\u00eda Educacional <\/strong>de la <br>Carrera de Profesorado Universitario en Qu\u00edmica (*)<\/td><td>Dr. Jos\u00e9 Galiano <br>Dra. Susana Pettinicchi <br>Dra. Sandra Mart\u00ednez<\/td><td>Poseer t\u00edtulo universitario de grado, de no menos de cuatro a\u00f1os de duraci\u00f3n, preferentemente de Psicolog\u00eda, Ciencias de la Educaci\u00f3n o af\u00edn al espacio curricular.<br>Acreditar labor docente durante 4 a\u00f1os en el Nivel Universitario.<br>Acreditar en el \u00c1rea disciplinar correspondiente una actualizada formaci\u00f3n de cuarto nivel o antecedentes cient\u00edficos o profesionales relevantes.<br>Acreditar preferentemente formaci\u00f3n pedag\u00f3gica orientada a la tarea docente en el nivel universitario.<br>Acreditar preferentemente antecedentes en algunas de las siguientes actividades: Transferencia, extensi\u00f3n, investigaci\u00f3n, gesti\u00f3n y formaci\u00f3n de recursos humanos.<\/td><\/tr><\/tbody><\/table><\/figure>\n\n\n\n<p><em>(*) con afectaci\u00f3n a otras asignaturas y\/o actividades de acuerdo a las necesidades acad\u00e9micas de la Facultad de Agronom\u00eda y Agroindustrias.<\/em><\/p>\n\n\n\n<p>Para ver Reglamentos relacionados ingresar a:<\/p>\n\n\n\n<ul><li><a href=\"https:\/\/faya.unse.edu.ar\/wp-content\/uploads\/Res.-CDFAA-022-18.pdf\" target=\"_blank\" rel=\"noreferrer noopener\"><strong>Resoluci\u00f3n CDFAA N\u00b0 022\/2018<\/strong><\/a><\/li><li><strong><a href=\"https:\/\/faya.unse.edu.ar\/wp-content\/uploads\/Res.-FAA-246-2020.pdf\" target=\"_blank\" rel=\"noreferrer noopener\">Res. FAA N\u00b0 246\/2020<\/a><\/strong><\/li><\/ul>\n\n\n\n<p><\/p>\n","protected":false},"excerpt":{"rendered":"<p>La Facultad de Agronom\u00eda y Agroindustrias de la Universidad Nacional de Santiago del Estero comunica a los se\u00f1ores interesados que por Resoluci\u00f3n FAA N\u00ba 227\/2026, se DECLARA ABIERTA la inscripci\u00f3n virtual de aspirantes para cubrir UN (01) CARGO DOCENTE de Profesor Adjunto, DS, con car\u00e1cter&#8230;<\/p>\n","protected":false},"author":5,"featured_media":36394,"comment_status":"closed","ping_status":"closed","sticky":false,"template":"","format":"standard","meta":{"_mi_skip_tracking":false},"categories":[167,7,194,5,193],"tags":[],"yoast_head":"<!-- This site is optimized with the Yoast SEO plugin v17.7.1 - https:\/\/yoast.com\/wordpress\/plugins\/seo\/ -->\n<meta name=\"robots\" content=\"index, follow, max-snippet:-1, max-image-preview:large, max-video-preview:-1\" \/>\n<link rel=\"canonical\" href=\"https:\/\/faya.unse.edu.ar\/index.php\/institucional\/2026\/convocatoria-para-la-cobertura-de-cargo-docente-por-contrato-5\/\" \/>\n<meta property=\"og:locale\" content=\"es_ES\" \/>\n<meta property=\"og:type\" content=\"article\" \/>\n<meta property=\"og:title\" content=\"CONVOCATORIA PARA LA COBERTURA DE CARGO DOCENTE POR CONTRATO | Facultad de Agronom\u00eda y Agroindustrias UNSE | FAyA UNSE\" \/>\n<meta property=\"og:description\" content=\"La Facultad de Agronom\u00eda y Agroindustrias de la Universidad Nacional de Santiago del Estero comunica a los se\u00f1ores interesados que por Resoluci\u00f3n FAA N\u00ba 227\/2026, se DECLARA ABIERTA la inscripci\u00f3n virtual de aspirantes para cubrir UN (01) CARGO DOCENTE de Profesor Adjunto, DS, con car\u00e1cter...\" \/>\n<meta property=\"og:url\" content=\"https:\/\/faya.unse.edu.ar\/index.php\/institucional\/2026\/convocatoria-para-la-cobertura-de-cargo-docente-por-contrato-5\/\" \/>\n<meta property=\"og:site_name\" content=\"Facultad de Agronom\u00eda y Agroindustrias UNSE | FAyA UNSE\" \/>\n<meta property=\"article:publisher\" content=\"https:\/\/www.facebook.com\/agroUNSE\/\" \/>\n<meta property=\"article:published_time\" content=\"2026-04-28T13:54:57+00:00\" \/>\n<meta property=\"article:modified_time\" content=\"2026-04-28T16:39:36+00:00\" \/>\n<meta property=\"og:image\" content=\"https:\/\/faya.unse.edu.ar\/wp-content\/uploads\/CONVOCATORIA-POR-CONTRATO-28-04-2026-01.png\" \/>\n\t<meta property=\"og:image:width\" content=\"2251\" \/>\n\t<meta property=\"og:image:height\" content=\"2814\" \/>\n<meta name=\"twitter:card\" content=\"summary_large_image\" \/>\n<meta name=\"twitter:creator\" content=\"@fayaunse\" \/>\n<meta name=\"twitter:site\" content=\"@fayaunse\" \/>\n<meta name=\"twitter:label1\" content=\"Escrito por\" \/>\n\t<meta name=\"twitter:data1\" content=\"Comunicaci\u00f3n FAyA-UNSE\" \/>\n\t<meta name=\"twitter:label2\" content=\"Tiempo de lectura\" \/>\n\t<meta name=\"twitter:data2\" content=\"2 minutos\" \/>\n<script type=\"application\/ld+json\" class=\"yoast-schema-graph\">{\"@context\":\"https:\/\/schema.org\",\"@graph\":[{\"@type\":\"WebSite\",\"@id\":\"https:\/\/faya.unse.edu.ar\/#website\",\"url\":\"https:\/\/faya.unse.edu.ar\/\",\"name\":\"Facultad de Agronom\\u00eda y Agroindustrias UNSE | FAyA UNSE\",\"description\":\"\",\"potentialAction\":[{\"@type\":\"SearchAction\",\"target\":{\"@type\":\"EntryPoint\",\"urlTemplate\":\"https:\/\/faya.unse.edu.ar\/?s={search_term_string}\"},\"query-input\":\"required name=search_term_string\"}],\"inLanguage\":\"es-AR\"},{\"@type\":\"ImageObject\",\"@id\":\"https:\/\/faya.unse.edu.ar\/index.php\/institucional\/2026\/convocatoria-para-la-cobertura-de-cargo-docente-por-contrato-5\/#primaryimage\",\"inLanguage\":\"es-AR\",\"url\":\"https:\/\/faya.unse.edu.ar\/wp-content\/uploads\/CONVOCATORIA-POR-CONTRATO-28-04-2026-01.png\",\"contentUrl\":\"https:\/\/faya.unse.edu.ar\/wp-content\/uploads\/CONVOCATORIA-POR-CONTRATO-28-04-2026-01.png\",\"width\":2251,\"height\":2814},{\"@type\":\"WebPage\",\"@id\":\"https:\/\/faya.unse.edu.ar\/index.php\/institucional\/2026\/convocatoria-para-la-cobertura-de-cargo-docente-por-contrato-5\/#webpage\",\"url\":\"https:\/\/faya.unse.edu.ar\/index.php\/institucional\/2026\/convocatoria-para-la-cobertura-de-cargo-docente-por-contrato-5\/\",\"name\":\"CONVOCATORIA PARA LA COBERTURA DE CARGO DOCENTE POR CONTRATO | Facultad de Agronom\\u00eda y Agroindustrias UNSE | FAyA UNSE\",\"isPartOf\":{\"@id\":\"https:\/\/faya.unse.edu.ar\/#website\"},\"primaryImageOfPage\":{\"@id\":\"https:\/\/faya.unse.edu.ar\/index.php\/institucional\/2026\/convocatoria-para-la-cobertura-de-cargo-docente-por-contrato-5\/#primaryimage\"},\"datePublished\":\"2026-04-28T13:54:57+00:00\",\"dateModified\":\"2026-04-28T16:39:36+00:00\",\"author\":{\"@id\":\"https:\/\/faya.unse.edu.ar\/#\/schema\/person\/6c3c11fbb65d413b2f687368ab071449\"},\"breadcrumb\":{\"@id\":\"https:\/\/faya.unse.edu.ar\/index.php\/institucional\/2026\/convocatoria-para-la-cobertura-de-cargo-docente-por-contrato-5\/#breadcrumb\"},\"inLanguage\":\"es-AR\",\"potentialAction\":[{\"@type\":\"ReadAction\",\"target\":[\"https:\/\/faya.unse.edu.ar\/index.php\/institucional\/2026\/convocatoria-para-la-cobertura-de-cargo-docente-por-contrato-5\/\"]}]},{\"@type\":\"BreadcrumbList\",\"@id\":\"https:\/\/faya.unse.edu.ar\/index.php\/institucional\/2026\/convocatoria-para-la-cobertura-de-cargo-docente-por-contrato-5\/#breadcrumb\",\"itemListElement\":[{\"@type\":\"ListItem\",\"position\":1,\"name\":\"Home\",\"item\":\"https:\/\/faya.unse.edu.ar\/\"},{\"@type\":\"ListItem\",\"position\":2,\"name\":\"CONVOCATORIA PARA LA COBERTURA DE CARGO DOCENTE POR CONTRATO\"}]},{\"@type\":\"Person\",\"@id\":\"https:\/\/faya.unse.edu.ar\/#\/schema\/person\/6c3c11fbb65d413b2f687368ab071449\",\"name\":\"Comunicaci\\u00f3n FAyA-UNSE\",\"url\":\"https:\/\/faya.unse.edu.ar\/index.php\/author\/solroman\/\"}]}<\/script>\n<!-- \/ Yoast SEO plugin. -->","yoast_head_json":{"robots":{"index":"index","follow":"follow","max-snippet":"max-snippet:-1","max-image-preview":"max-image-preview:large","max-video-preview":"max-video-preview:-1"},"canonical":"https:\/\/faya.unse.edu.ar\/index.php\/institucional\/2026\/convocatoria-para-la-cobertura-de-cargo-docente-por-contrato-5\/","og_locale":"es_ES","og_type":"article","og_title":"CONVOCATORIA PARA LA COBERTURA DE CARGO DOCENTE POR CONTRATO | Facultad de Agronom\u00eda y Agroindustrias UNSE | FAyA UNSE","og_description":"La Facultad de Agronom\u00eda y Agroindustrias de la Universidad Nacional de Santiago del Estero comunica a los se\u00f1ores interesados que por Resoluci\u00f3n FAA N\u00ba 227\/2026, se DECLARA ABIERTA la inscripci\u00f3n virtual de aspirantes para cubrir UN (01) CARGO DOCENTE de Profesor Adjunto, DS, con car\u00e1cter...","og_url":"https:\/\/faya.unse.edu.ar\/index.php\/institucional\/2026\/convocatoria-para-la-cobertura-de-cargo-docente-por-contrato-5\/","og_site_name":"Facultad de Agronom\u00eda y Agroindustrias UNSE | FAyA UNSE","article_publisher":"https:\/\/www.facebook.com\/agroUNSE\/","article_published_time":"2026-04-28T13:54:57+00:00","article_modified_time":"2026-04-28T16:39:36+00:00","og_image":[{"width":2251,"height":2814,"url":"https:\/\/faya.unse.edu.ar\/wp-content\/uploads\/CONVOCATORIA-POR-CONTRATO-28-04-2026-01.png","type":"image\/png"}],"twitter_card":"summary_large_image","twitter_creator":"@fayaunse","twitter_site":"@fayaunse","twitter_misc":{"Escrito por":"Comunicaci\u00f3n FAyA-UNSE","Tiempo de lectura":"2 minutos"},"schema":{"@context":"https:\/\/schema.org","@graph":[{"@type":"WebSite","@id":"https:\/\/faya.unse.edu.ar\/#website","url":"https:\/\/faya.unse.edu.ar\/","name":"Facultad de Agronom\u00eda y Agroindustrias UNSE | FAyA UNSE","description":"","potentialAction":[{"@type":"SearchAction","target":{"@type":"EntryPoint","urlTemplate":"https:\/\/faya.unse.edu.ar\/?s={search_term_string}"},"query-input":"required name=search_term_string"}],"inLanguage":"es-AR"},{"@type":"ImageObject","@id":"https:\/\/faya.unse.edu.ar\/index.php\/institucional\/2026\/convocatoria-para-la-cobertura-de-cargo-docente-por-contrato-5\/#primaryimage","inLanguage":"es-AR","url":"https:\/\/faya.unse.edu.ar\/wp-content\/uploads\/CONVOCATORIA-POR-CONTRATO-28-04-2026-01.png","contentUrl":"https:\/\/faya.unse.edu.ar\/wp-content\/uploads\/CONVOCATORIA-POR-CONTRATO-28-04-2026-01.png","width":2251,"height":2814},{"@type":"WebPage","@id":"https:\/\/faya.unse.edu.ar\/index.php\/institucional\/2026\/convocatoria-para-la-cobertura-de-cargo-docente-por-contrato-5\/#webpage","url":"https:\/\/faya.unse.edu.ar\/index.php\/institucional\/2026\/convocatoria-para-la-cobertura-de-cargo-docente-por-contrato-5\/","name":"CONVOCATORIA PARA LA COBERTURA DE CARGO DOCENTE POR CONTRATO | Facultad de Agronom\u00eda y Agroindustrias UNSE | FAyA UNSE","isPartOf":{"@id":"https:\/\/faya.unse.edu.ar\/#website"},"primaryImageOfPage":{"@id":"https:\/\/faya.unse.edu.ar\/index.php\/institucional\/2026\/convocatoria-para-la-cobertura-de-cargo-docente-por-contrato-5\/#primaryimage"},"datePublished":"2026-04-28T13:54:57+00:00","dateModified":"2026-04-28T16:39:36+00:00","author":{"@id":"https:\/\/faya.unse.edu.ar\/#\/schema\/person\/6c3c11fbb65d413b2f687368ab071449"},"breadcrumb":{"@id":"https:\/\/faya.unse.edu.ar\/index.php\/institucional\/2026\/convocatoria-para-la-cobertura-de-cargo-docente-por-contrato-5\/#breadcrumb"},"inLanguage":"es-AR","potentialAction":[{"@type":"ReadAction","target":["https:\/\/faya.unse.edu.ar\/index.php\/institucional\/2026\/convocatoria-para-la-cobertura-de-cargo-docente-por-contrato-5\/"]}]},{"@type":"BreadcrumbList","@id":"https:\/\/faya.unse.edu.ar\/index.php\/institucional\/2026\/convocatoria-para-la-cobertura-de-cargo-docente-por-contrato-5\/#breadcrumb","itemListElement":[{"@type":"ListItem","position":1,"name":"Home","item":"https:\/\/faya.unse.edu.ar\/"},{"@type":"ListItem","position":2,"name":"CONVOCATORIA PARA LA COBERTURA DE CARGO DOCENTE POR CONTRATO"}]},{"@type":"Person","@id":"https:\/\/faya.unse.edu.ar\/#\/schema\/person\/6c3c11fbb65d413b2f687368ab071449","name":"Comunicaci\u00f3n FAyA-UNSE","url":"https:\/\/faya.unse.edu.ar\/index.php\/author\/solroman\/"}]}},"_links":{"self":[{"href":"https:\/\/faya.unse.edu.ar\/index.php\/wp-json\/wp\/v2\/posts\/36388"}],"collection":[{"href":"https:\/\/faya.unse.edu.ar\/index.php\/wp-json\/wp\/v2\/posts"}],"about":[{"href":"https:\/\/faya.unse.edu.ar\/index.php\/wp-json\/wp\/v2\/types\/post"}],"author":[{"embeddable":true,"href":"https:\/\/faya.unse.edu.ar\/index.php\/wp-json\/wp\/v2\/users\/5"}],"replies":[{"embeddable":true,"href":"https:\/\/faya.unse.edu.ar\/index.php\/wp-json\/wp\/v2\/comments?post=36388"}],"version-history":[{"count":3,"href":"https:\/\/faya.unse.edu.ar\/index.php\/wp-json\/wp\/v2\/posts\/36388\/revisions"}],"predecessor-version":[{"id":36395,"href":"https:\/\/faya.unse.edu.ar\/index.php\/wp-json\/wp\/v2\/posts\/36388\/revisions\/36395"}],"wp:featuredmedia":[{"embeddable":true,"href":"https:\/\/faya.unse.edu.ar\/index.php\/wp-json\/wp\/v2\/media\/36394"}],"wp:attachment":[{"href":"https:\/\/faya.unse.edu.ar\/index.php\/wp-json\/wp\/v2\/media?parent=36388"}],"wp:term":[{"taxonomy":"category","embeddable":true,"href":"https:\/\/faya.unse.edu.ar\/index.php\/wp-json\/wp\/v2\/categories?post=36388"},{"taxonomy":"post_tag","embeddable":true,"href":"https:\/\/faya.unse.edu.ar\/index.php\/wp-json\/wp\/v2\/tags?post=36388"}],"curies":[{"name":"wp","href":"https:\/\/api.w.org\/{rel}","templated":true}]}}